{"id":129240,"date":"2026-02-04T10:43:31","date_gmt":"2026-02-04T15:43:31","guid":{"rendered":"https:\/\/www.ucatolica.edu.co\/portal\/?p=129240"},"modified":"2026-02-04T10:43:31","modified_gmt":"2026-02-04T15:43:31","slug":"los-semilleros-de-la-universidad-catolica-de-colombia-te-estan-esperando","status":"publish","type":"post","link":"https:\/\/www.ucatolica.edu.co\/portal\/los-semilleros-de-la-universidad-catolica-de-colombia-te-estan-esperando\/","title":{"rendered":"\u00a1Los semilleros de la Universidad Cat\u00f3lica de Colombia te est\u00e1n esperando!"},"content":{"rendered":"\n<p>En la Universidad Cat\u00f3lica de Colombia, los <strong>Semilleros de Investigaci\u00f3n<\/strong> son espacios formativos dise\u00f1ados para que estudiantes, docentes, administrativos y egresados fortalezcan sus habilidades investigativas, aporten ideas y desarrollen proyectos con impacto acad\u00e9mico, social y tecnol\u00f3gico.<\/p>\n\n\n\n<p>Integrarte a un semillero es una oportunidad para aprender haciendo, trabajar de la mano con profesores investigadores y compartir experiencias con compa\u00f1eros de distintas disciplinas, mientras exploras temas de tu inter\u00e9s y ampl\u00edas tu proyecci\u00f3n acad\u00e9mica y profesional.<\/p>\n\n\n\n<h3 class=\"wp-block-heading\">\u00bfPor qu\u00e9 ser parte de un semillero?<\/h3>\n\n\n\n<p>Participar en un semillero te permite involucrarte activamente en proyectos de investigaci\u00f3n, conocer metodolog\u00edas, t\u00e9cnicas y procesos propios de la actividad investigativa, y fortalecer competencias clave para tu formaci\u00f3n integral. Adem\u00e1s, estos espacios favorecen el trabajo interdisciplinar, el pensamiento cr\u00edtico y la construcci\u00f3n colectiva de conocimiento.<\/p>\n\n\n\n<p>Ser parte de un semillero tambi\u00e9n impulsa tu trabajo de grado, facilita el acceso a oportunidades de formaci\u00f3n avanzada como maestr\u00edas y doctorados, y abre puertas para participar en eventos acad\u00e9micos y cient\u00edficos, representando a la Universidad a nivel local, nacional e internacional.<\/p>\n\n\n\n<h3 class=\"wp-block-heading\">\u00bfQu\u00e9 aprender\u00e1s en los semilleros?<\/h3>\n\n\n\n<p>Los semilleros te brindan herramientas fundamentales para tu desarrollo acad\u00e9mico y profesional, entre ellas:<\/p>\n\n\n\n<ul class=\"wp-block-list\">\n<li>B\u00fasqueda y an\u00e1lisis de informaci\u00f3n, mediante el uso de herramientas especializadas y la evaluaci\u00f3n cr\u00edtica de fuentes.<\/li>\n\n\n\n<li>Aplicaci\u00f3n de m\u00e9todos de investigaci\u00f3n, tanto cualitativos como cuantitativos, en proyectos reales.<\/li>\n\n\n\n<li>Innovaci\u00f3n tecnol\u00f3gica, social y educativa, orientada a la soluci\u00f3n de problem\u00e1ticas concretas con impacto en la sociedad.<\/li>\n<\/ul>\n\n\n\n<p><strong>Tipos de semilleros<\/strong><\/p>\n\n\n\n<p>En la Universidad Cat\u00f3lica de Colombia podr\u00e1s vincularte a diferentes tipos de semilleros, seg\u00fan tus intereses:<\/p>\n\n\n\n<ol class=\"wp-block-list\">\n<li>Semilleros como grupos de estudio, enfocados en el an\u00e1lisis profundo de fen\u00f3menos espec\u00edficos y el desarrollo de conocimiento a partir de investigaciones previas.<\/li>\n\n\n\n<li>Semilleros adscritos a proyectos o grupos de investigaci\u00f3n, donde aprender\u00e1s desde la pr\u00e1ctica investigativa y el trabajo en campo.<\/li>\n\n\n\n<li>Semilleros INNOVO, orientados a:<br>\u2022 Innovaci\u00f3n tecnol\u00f3gica<br>\u2022 Innovaci\u00f3n social<br>\u2022 Innovaci\u00f3n educativa<\/li>\n<\/ol>\n\n\n\n<h3 class=\"wp-block-heading\">\u00bfQui\u00e9nes pueden participar?<\/h3>\n\n\n\n<p>\u00a1Todos son bienvenidos! Estudiantes de pregrado y posgrado, docentes, administrativos y egresados pueden integrarse a un semillero y comenzar a generar impacto desde la investigaci\u00f3n y la innovaci\u00f3n.<\/p>\n\n\n\n<p><strong>Reuniones informativas por facultades<\/strong><\/p>\n\n\n\n<p><strong>Facultad de Psicolog\u00eda<\/strong><\/p>\n\n\n\n<ul class=\"wp-block-list\">\n<li>Fecha: 17 de febrero<\/li>\n\n\n\n<li>Hora: 11:00-12:00 p.m. 2:00-3:00 p.m.<\/li>\n\n\n\n<li>Lugar: Sal\u00f3n de Tutor\u00edas \u2013 Facultad de Psicolog\u00eda<\/li>\n<\/ul>\n\n\n\n<p><strong>Facultad de Derecho<\/strong><\/p>\n\n\n\n<ul class=\"wp-block-list\">\n<li>Fecha: 12 de febrero de 2026<\/li>\n\n\n\n<li>Horarios: 12:30 p.m. a 1:00 p.m. \/ 5:30 p.m. a 6:00 p.m.<\/li>\n\n\n\n<li>Lugar: Oficinas del Centro de Investigaciones de la Facultad de Derecho<br>(Av. Caracas No. 46-10, tercer piso \u2013 Sede 3, Bloque K)<\/li>\n<\/ul>\n\n\n\n<p><strong>Facultad de Dise\u00f1o<\/strong><\/p>\n\n\n\n<ul class=\"wp-block-list\">\n<li>Fecha: 20 de febrero de 2026<\/li>\n\n\n\n<li>Hora: 8:00 a. m. a 12:00 p. m.<\/li>\n\n\n\n<li>Lugar: Sede 4 -centro de Convenciones.<\/li>\n<\/ul>\n\n\n\n<p><strong>Facultad de Ciencias Econ\u00f3micas y Administrativas<\/strong><\/p>\n\n\n\n<ul class=\"wp-block-list\">\n<li>Fecha: 17 de febrero de 2026<\/li>\n\n\n\n<li>Hora: 12:30 a.m. a 1:00 p.m. (estudiantes jornada diurna) y 5:30 p.m. a 6:00 p.m. (estudiantes jornada nocturna)<\/li>\n\n\n\n<li>Lugar: Sal\u00f3n De Tutor\u00edas, Facultad de Ciencias Econ\u00f3micas y Administrativas.<\/li>\n<\/ul>\n\n\n\n<p><strong>Facultad de Ingenier\u00eda<\/strong><\/p>\n\n\n\n<ul class=\"wp-block-list\">\n<li>Fecha: Del 16 al 20 de febrero<\/li>\n\n\n\n<li>Lugar: Facultad de Ingenier\u00eda<\/li>\n<\/ul>\n\n\n\n<h3 class=\"wp-block-heading\">Directores de investigaciones<\/h3>\n\n\n\n<p><strong>Facultad de Ingenier\u00eda<\/strong>: Claudia Constanza Jim\u00e9nez Carranza, investigacionesing@ucatolica.edu.co <\/p>\n\n\n\n<p><strong>Facultad de Dise\u00f1o<\/strong>: C\u00e9sar Eligio Triana, <em>cifar@ucatolica.edu.co<\/em><\/p>\n\n\n\n<p><strong>Facultad de Psicolog\u00eda:<\/strong> Ana Camila Garc\u00eda Murillo, investiga_psico@ucatolica.edu.co <\/p>\n\n\n\n<p><strong>Facultad de Derecho: <\/strong>Jairo Andr\u00e9s Becerra, <em>cisjuc@ucatolica.edu.co<\/em><\/p>\n\n\n\n<p><strong>Facultad Ciencias Econ\u00f3micas y Administrativas<\/strong>: Hern\u00e1n Felipe Trujillo Quintero <em>fdiaz@ucatolica.edu.co<\/em><\/p>\n\n\n\n<p><strong>Departamento de Humanidades: <\/strong>Diana Constanza Nossa, <em>investigahumanidades@ucatolica.edu.co<\/em><\/p>\n\n\n\n<p><strong>Departamento de Ciencias B\u00e1sicas: <\/strong>Norvey Rodr\u00edguez Fonseca cbinvestigacion@ucatolica.edu.co<\/p>\n\n\n\n<p><strong>\u00a1Despierta tu curiosidad y transforma tus ideas en conocimiento!<\/strong><\/p>\n\n\n\n<p><strong>Mayor Informaci\u00f3n <br><\/strong>Direcci\u00f3n Central de Investigaciones <br>dinvestigaciones@ucatolica.edu.co <br>Avenida Caracas # 46-72, sede Las Torres, piso 4 <br>Tel\u00e9fono: (571) 327 7300 exts. 1220, 1221, 1222, 1223 y 1224<\/p>\n","protected":false},"excerpt":{"rendered":"<p>En la Universidad Cat\u00f3lica de Colombia, los Semilleros de Investigaci\u00f3n son espacios formativos dise\u00f1ados para que estudiantes, docentes, administrativos y egresados fortalezcan sus habilidades investigativas, aporten ideas y desarrollen proyectos con impacto acad\u00e9mico, social y tecnol\u00f3gico. Integrarte a un semillero es una oportunidad para aprender haciendo, trabajar de la mano con profesores investigadores y compartir [&hellip;]<\/p>\n","protected":false},"author":65,"featured_media":129857,"comment_status":"closed","ping_status":"closed","sticky":false,"template":"","format":"standard","meta":{"_acf_changed":false,"advgb_blocks_editor_width":"","advgb_blocks_columns_visual_guide":"","footnotes":""},"categories":[1],"tags":[],"class_list":["post-129240","post","type-post","status-publish","format-standard","has-post-thumbnail","hentry","category-sin-categoria"],"acf":[],"yoast_head":"<!-- This site is optimized with the Yoast SEO plugin v26.7 - https:\/\/yoast.com\/wordpress\/plugins\/seo\/ -->\n<title>\u00a1Los semilleros de la Universidad Cat\u00f3lica de Colombia te est\u00e1n esperando! - Universidad Cat\u00f3lica De Colombia<\/title>\n<meta name=\"robots\" content=\"index, follow, max-snippet:-1, max-image-preview:large, max-video-preview:-1\" \/>\n<link rel=\"canonical\" href=\"https:\/\/www.ucatolica.edu.co\/portal\/los-semilleros-de-la-universidad-catolica-de-colombia-te-estan-esperando\/\" \/>\n<meta property=\"og:locale\" content=\"es_ES\" \/>\n<meta property=\"og:type\" content=\"article\" \/>\n<meta property=\"og:title\" content=\"\u00a1Los semilleros de la Universidad Cat\u00f3lica de Colombia te est\u00e1n esperando! - Universidad Cat\u00f3lica De Colombia\" \/>\n<meta property=\"og:description\" content=\"En la Universidad Cat\u00f3lica de Colombia, los Semilleros de Investigaci\u00f3n son espacios formativos dise\u00f1ados para que estudiantes, docentes, administrativos y egresados fortalezcan sus habilidades investigativas, aporten ideas y desarrollen proyectos con impacto acad\u00e9mico, social y tecnol\u00f3gico. Integrarte a un semillero es una oportunidad para aprender haciendo, trabajar de la mano con profesores investigadores y compartir [&hellip;]\" \/>\n<meta property=\"og:url\" content=\"https:\/\/www.ucatolica.edu.co\/portal\/los-semilleros-de-la-universidad-catolica-de-colombia-te-estan-esperando\/\" \/>\n<meta property=\"og:site_name\" content=\"Universidad Cat\u00f3lica De Colombia\" \/>\n<meta property=\"article:publisher\" content=\"https:\/\/www.facebook.com\/ucatolicacolombia\" \/>\n<meta property=\"article:published_time\" content=\"2026-02-04T15:43:31+00:00\" \/>\n<meta property=\"og:image\" content=\"https:\/\/www.ucatolica.edu.co\/portal\/wp-content\/uploads\/2026\/01\/Semilleos-de-Investigacion-en-la-UCatolicaCo.jpg\" \/>\n\t<meta property=\"og:image:width\" content=\"870\" \/>\n\t<meta property=\"og:image:height\" content=\"522\" \/>\n\t<meta property=\"og:image:type\" content=\"image\/jpeg\" \/>\n<meta name=\"author\" content=\"Juan Jos\u00e9 Franco\" \/>\n<meta name=\"twitter:card\" content=\"summary_large_image\" \/>\n<meta name=\"twitter:creator\" content=\"@UCatolicaCol\" \/>\n<meta name=\"twitter:site\" content=\"@UCatolicaCol\" \/>\n<meta name=\"twitter:label1\" content=\"Escrito por\" \/>\n\t<meta name=\"twitter:data1\" content=\"Juan Jos\u00e9 Franco\" \/>\n\t<meta name=\"twitter:label2\" content=\"Tiempo de lectura\" \/>\n\t<meta name=\"twitter:data2\" content=\"3 minutos\" \/>\n<script type=\"application\/ld+json\" class=\"yoast-schema-graph\">{\"@context\":\"https:\/\/schema.org\",\"@graph\":[{\"@type\":\"Article\",\"@id\":\"https:\/\/www.ucatolica.edu.co\/portal\/los-semilleros-de-la-universidad-catolica-de-colombia-te-estan-esperando\/#article\",\"isPartOf\":{\"@id\":\"https:\/\/www.ucatolica.edu.co\/portal\/los-semilleros-de-la-universidad-catolica-de-colombia-te-estan-esperando\/\"},\"author\":{\"name\":\"Juan Jos\u00e9 Franco\",\"@id\":\"https:\/\/www.ucatolica.edu.co\/portal\/#\/schema\/person\/2fe10d3836c8b18a520cbf458d96a728\"},\"headline\":\"\u00a1Los semilleros de la Universidad Cat\u00f3lica de Colombia te est\u00e1n esperando!\",\"datePublished\":\"2026-02-04T15:43:31+00:00\",\"mainEntityOfPage\":{\"@id\":\"https:\/\/www.ucatolica.edu.co\/portal\/los-semilleros-de-la-universidad-catolica-de-colombia-te-estan-esperando\/\"},\"wordCount\":666,\"publisher\":{\"@id\":\"https:\/\/www.ucatolica.edu.co\/portal\/#organization\"},\"image\":{\"@id\":\"https:\/\/www.ucatolica.edu.co\/portal\/los-semilleros-de-la-universidad-catolica-de-colombia-te-estan-esperando\/#primaryimage\"},\"thumbnailUrl\":\"https:\/\/www.ucatolica.edu.co\/portal\/wp-content\/uploads\/2026\/01\/Semilleos-de-Investigacion-en-la-UCatolicaCo.jpg\",\"inLanguage\":\"es-CO\"},{\"@type\":\"WebPage\",\"@id\":\"https:\/\/www.ucatolica.edu.co\/portal\/los-semilleros-de-la-universidad-catolica-de-colombia-te-estan-esperando\/\",\"url\":\"https:\/\/www.ucatolica.edu.co\/portal\/los-semilleros-de-la-universidad-catolica-de-colombia-te-estan-esperando\/\",\"name\":\"\u00a1Los semilleros de la Universidad Cat\u00f3lica de Colombia te est\u00e1n esperando! - Universidad Cat\u00f3lica De Colombia\",\"isPartOf\":{\"@id\":\"https:\/\/www.ucatolica.edu.co\/portal\/#website\"},\"primaryImageOfPage\":{\"@id\":\"https:\/\/www.ucatolica.edu.co\/portal\/los-semilleros-de-la-universidad-catolica-de-colombia-te-estan-esperando\/#primaryimage\"},\"image\":{\"@id\":\"https:\/\/www.ucatolica.edu.co\/portal\/los-semilleros-de-la-universidad-catolica-de-colombia-te-estan-esperando\/#primaryimage\"},\"thumbnailUrl\":\"https:\/\/www.ucatolica.edu.co\/portal\/wp-content\/uploads\/2026\/01\/Semilleos-de-Investigacion-en-la-UCatolicaCo.jpg\",\"datePublished\":\"2026-02-04T15:43:31+00:00\",\"breadcrumb\":{\"@id\":\"https:\/\/www.ucatolica.edu.co\/portal\/los-semilleros-de-la-universidad-catolica-de-colombia-te-estan-esperando\/#breadcrumb\"},\"inLanguage\":\"es-CO\",\"potentialAction\":[{\"@type\":\"ReadAction\",\"target\":[\"https:\/\/www.ucatolica.edu.co\/portal\/los-semilleros-de-la-universidad-catolica-de-colombia-te-estan-esperando\/\"]}]},{\"@type\":\"ImageObject\",\"inLanguage\":\"es-CO\",\"@id\":\"https:\/\/www.ucatolica.edu.co\/portal\/los-semilleros-de-la-universidad-catolica-de-colombia-te-estan-esperando\/#primaryimage\",\"url\":\"https:\/\/www.ucatolica.edu.co\/portal\/wp-content\/uploads\/2026\/01\/Semilleos-de-Investigacion-en-la-UCatolicaCo.jpg\",\"contentUrl\":\"https:\/\/www.ucatolica.edu.co\/portal\/wp-content\/uploads\/2026\/01\/Semilleos-de-Investigacion-en-la-UCatolicaCo.jpg\",\"width\":870,\"height\":522},{\"@type\":\"BreadcrumbList\",\"@id\":\"https:\/\/www.ucatolica.edu.co\/portal\/los-semilleros-de-la-universidad-catolica-de-colombia-te-estan-esperando\/#breadcrumb\",\"itemListElement\":[{\"@type\":\"ListItem\",\"position\":1,\"name\":\"Inicio\",\"item\":\"https:\/\/www.ucatolica.edu.co\/portal\/\"},{\"@type\":\"ListItem\",\"position\":2,\"name\":\"\u00a1Los semilleros de la Universidad Cat\u00f3lica de Colombia te est\u00e1n esperando!\"}]},{\"@type\":\"WebSite\",\"@id\":\"https:\/\/www.ucatolica.edu.co\/portal\/#website\",\"url\":\"https:\/\/www.ucatolica.edu.co\/portal\/\",\"name\":\"Universidad Cat\u00f3lica De Colombia\",\"description\":\"Universidad Cat\u00f3lica De Colombia\",\"publisher\":{\"@id\":\"https:\/\/www.ucatolica.edu.co\/portal\/#organization\"},\"potentialAction\":[{\"@type\":\"SearchAction\",\"target\":{\"@type\":\"EntryPoint\",\"urlTemplate\":\"https:\/\/www.ucatolica.edu.co\/portal\/?s={search_term_string}\"},\"query-input\":{\"@type\":\"PropertyValueSpecification\",\"valueRequired\":true,\"valueName\":\"search_term_string\"}}],\"inLanguage\":\"es-CO\"},{\"@type\":\"Organization\",\"@id\":\"https:\/\/www.ucatolica.edu.co\/portal\/#organization\",\"name\":\"Universidad Cat\u00f3lica de Colombia\",\"url\":\"https:\/\/www.ucatolica.edu.co\/portal\/\",\"logo\":{\"@type\":\"ImageObject\",\"inLanguage\":\"es-CO\",\"@id\":\"https:\/\/www.ucatolica.edu.co\/portal\/#\/schema\/logo\/image\/\",\"url\":\"https:\/\/www.ucatolica.edu.co\/portal\/wp-content\/uploads\/2021\/06\/logo-header-ho-1.svg\",\"contentUrl\":\"https:\/\/www.ucatolica.edu.co\/portal\/wp-content\/uploads\/2021\/06\/logo-header-ho-1.svg\",\"width\":1,\"height\":1,\"caption\":\"Universidad Cat\u00f3lica de Colombia\"},\"image\":{\"@id\":\"https:\/\/www.ucatolica.edu.co\/portal\/#\/schema\/logo\/image\/\"},\"sameAs\":[\"https:\/\/www.facebook.com\/ucatolicacolombia\",\"https:\/\/x.com\/UCatolicaCol\",\"https:\/\/www.instagram.com\/universidadcatolicadecolombia\/\",\"https:\/\/www.linkedin.com\/company\/universidadcatolicadecolombia\/\",\"https:\/\/www.youtube.com\/user\/UCatolicaCo\"]},{\"@type\":\"Person\",\"@id\":\"https:\/\/www.ucatolica.edu.co\/portal\/#\/schema\/person\/2fe10d3836c8b18a520cbf458d96a728\",\"name\":\"Juan Jos\u00e9 Franco\",\"url\":\"https:\/\/www.ucatolica.edu.co\/portal\/author\/juan\/\"}]}<\/script>\n<!-- \/ Yoast SEO plugin. -->","yoast_head_json":{"title":"\u00a1Los semilleros de la Universidad Cat\u00f3lica de Colombia te est\u00e1n esperando! - Universidad Cat\u00f3lica De Colombia","robots":{"index":"index","follow":"follow","max-snippet":"max-snippet:-1","max-image-preview":"max-image-preview:large","max-video-preview":"max-video-preview:-1"},"canonical":"https:\/\/www.ucatolica.edu.co\/portal\/los-semilleros-de-la-universidad-catolica-de-colombia-te-estan-esperando\/","og_locale":"es_ES","og_type":"article","og_title":"\u00a1Los semilleros de la Universidad Cat\u00f3lica de Colombia te est\u00e1n esperando! - Universidad Cat\u00f3lica De Colombia","og_description":"En la Universidad Cat\u00f3lica de Colombia, los Semilleros de Investigaci\u00f3n son espacios formativos dise\u00f1ados para que estudiantes, docentes, administrativos y egresados fortalezcan sus habilidades investigativas, aporten ideas y desarrollen proyectos con impacto acad\u00e9mico, social y tecnol\u00f3gico. Integrarte a un semillero es una oportunidad para aprender haciendo, trabajar de la mano con profesores investigadores y compartir [&hellip;]","og_url":"https:\/\/www.ucatolica.edu.co\/portal\/los-semilleros-de-la-universidad-catolica-de-colombia-te-estan-esperando\/","og_site_name":"Universidad Cat\u00f3lica De Colombia","article_publisher":"https:\/\/www.facebook.com\/ucatolicacolombia","article_published_time":"2026-02-04T15:43:31+00:00","og_image":[{"width":870,"height":522,"url":"https:\/\/www.ucatolica.edu.co\/portal\/wp-content\/uploads\/2026\/01\/Semilleos-de-Investigacion-en-la-UCatolicaCo.jpg","type":"image\/jpeg"}],"author":"Juan Jos\u00e9 Franco","twitter_card":"summary_large_image","twitter_creator":"@UCatolicaCol","twitter_site":"@UCatolicaCol","twitter_misc":{"Escrito por":"Juan Jos\u00e9 Franco","Tiempo de lectura":"3 minutos"},"schema":{"@context":"https:\/\/schema.org","@graph":[{"@type":"Article","@id":"https:\/\/www.ucatolica.edu.co\/portal\/los-semilleros-de-la-universidad-catolica-de-colombia-te-estan-esperando\/#article","isPartOf":{"@id":"https:\/\/www.ucatolica.edu.co\/portal\/los-semilleros-de-la-universidad-catolica-de-colombia-te-estan-esperando\/"},"author":{"name":"Juan Jos\u00e9 Franco","@id":"https:\/\/www.ucatolica.edu.co\/portal\/#\/schema\/person\/2fe10d3836c8b18a520cbf458d96a728"},"headline":"\u00a1Los semilleros de la Universidad Cat\u00f3lica de Colombia te est\u00e1n esperando!","datePublished":"2026-02-04T15:43:31+00:00","mainEntityOfPage":{"@id":"https:\/\/www.ucatolica.edu.co\/portal\/los-semilleros-de-la-universidad-catolica-de-colombia-te-estan-esperando\/"},"wordCount":666,"publisher":{"@id":"https:\/\/www.ucatolica.edu.co\/portal\/#organization"},"image":{"@id":"https:\/\/www.ucatolica.edu.co\/portal\/los-semilleros-de-la-universidad-catolica-de-colombia-te-estan-esperando\/#primaryimage"},"thumbnailUrl":"https:\/\/www.ucatolica.edu.co\/portal\/wp-content\/uploads\/2026\/01\/Semilleos-de-Investigacion-en-la-UCatolicaCo.jpg","inLanguage":"es-CO"},{"@type":"WebPage","@id":"https:\/\/www.ucatolica.edu.co\/portal\/los-semilleros-de-la-universidad-catolica-de-colombia-te-estan-esperando\/","url":"https:\/\/www.ucatolica.edu.co\/portal\/los-semilleros-de-la-universidad-catolica-de-colombia-te-estan-esperando\/","name":"\u00a1Los semilleros de la Universidad Cat\u00f3lica de Colombia te est\u00e1n esperando! - Universidad Cat\u00f3lica De Colombia","isPartOf":{"@id":"https:\/\/www.ucatolica.edu.co\/portal\/#website"},"primaryImageOfPage":{"@id":"https:\/\/www.ucatolica.edu.co\/portal\/los-semilleros-de-la-universidad-catolica-de-colombia-te-estan-esperando\/#primaryimage"},"image":{"@id":"https:\/\/www.ucatolica.edu.co\/portal\/los-semilleros-de-la-universidad-catolica-de-colombia-te-estan-esperando\/#primaryimage"},"thumbnailUrl":"https:\/\/www.ucatolica.edu.co\/portal\/wp-content\/uploads\/2026\/01\/Semilleos-de-Investigacion-en-la-UCatolicaCo.jpg","datePublished":"2026-02-04T15:43:31+00:00","breadcrumb":{"@id":"https:\/\/www.ucatolica.edu.co\/portal\/los-semilleros-de-la-universidad-catolica-de-colombia-te-estan-esperando\/#breadcrumb"},"inLanguage":"es-CO","potentialAction":[{"@type":"ReadAction","target":["https:\/\/www.ucatolica.edu.co\/portal\/los-semilleros-de-la-universidad-catolica-de-colombia-te-estan-esperando\/"]}]},{"@type":"ImageObject","inLanguage":"es-CO","@id":"https:\/\/www.ucatolica.edu.co\/portal\/los-semilleros-de-la-universidad-catolica-de-colombia-te-estan-esperando\/#primaryimage","url":"https:\/\/www.ucatolica.edu.co\/portal\/wp-content\/uploads\/2026\/01\/Semilleos-de-Investigacion-en-la-UCatolicaCo.jpg","contentUrl":"https:\/\/www.ucatolica.edu.co\/portal\/wp-content\/uploads\/2026\/01\/Semilleos-de-Investigacion-en-la-UCatolicaCo.jpg","width":870,"height":522},{"@type":"BreadcrumbList","@id":"https:\/\/www.ucatolica.edu.co\/portal\/los-semilleros-de-la-universidad-catolica-de-colombia-te-estan-esperando\/#breadcrumb","itemListElement":[{"@type":"ListItem","position":1,"name":"Inicio","item":"https:\/\/www.ucatolica.edu.co\/portal\/"},{"@type":"ListItem","position":2,"name":"\u00a1Los semilleros de la Universidad Cat\u00f3lica de Colombia te est\u00e1n esperando!"}]},{"@type":"WebSite","@id":"https:\/\/www.ucatolica.edu.co\/portal\/#website","url":"https:\/\/www.ucatolica.edu.co\/portal\/","name":"Universidad Cat\u00f3lica De Colombia","description":"Universidad Cat\u00f3lica De Colombia","publisher":{"@id":"https:\/\/www.ucatolica.edu.co\/portal\/#organization"},"potentialAction":[{"@type":"SearchAction","target":{"@type":"EntryPoint","urlTemplate":"https:\/\/www.ucatolica.edu.co\/portal\/?s={search_term_string}"},"query-input":{"@type":"PropertyValueSpecification","valueRequired":true,"valueName":"search_term_string"}}],"inLanguage":"es-CO"},{"@type":"Organization","@id":"https:\/\/www.ucatolica.edu.co\/portal\/#organization","name":"Universidad Cat\u00f3lica de Colombia","url":"https:\/\/www.ucatolica.edu.co\/portal\/","logo":{"@type":"ImageObject","inLanguage":"es-CO","@id":"https:\/\/www.ucatolica.edu.co\/portal\/#\/schema\/logo\/image\/","url":"https:\/\/www.ucatolica.edu.co\/portal\/wp-content\/uploads\/2021\/06\/logo-header-ho-1.svg","contentUrl":"https:\/\/www.ucatolica.edu.co\/portal\/wp-content\/uploads\/2021\/06\/logo-header-ho-1.svg","width":1,"height":1,"caption":"Universidad Cat\u00f3lica de Colombia"},"image":{"@id":"https:\/\/www.ucatolica.edu.co\/portal\/#\/schema\/logo\/image\/"},"sameAs":["https:\/\/www.facebook.com\/ucatolicacolombia","https:\/\/x.com\/UCatolicaCol","https:\/\/www.instagram.com\/universidadcatolicadecolombia\/","https:\/\/www.linkedin.com\/company\/universidadcatolicadecolombia\/","https:\/\/www.youtube.com\/user\/UCatolicaCo"]},{"@type":"Person","@id":"https:\/\/www.ucatolica.edu.co\/portal\/#\/schema\/person\/2fe10d3836c8b18a520cbf458d96a728","name":"Juan Jos\u00e9 Franco","url":"https:\/\/www.ucatolica.edu.co\/portal\/author\/juan\/"}]}},"author_meta":{"display_name":"Juan Jos\u00e9 Franco","author_link":"https:\/\/www.ucatolica.edu.co\/portal\/author\/juan\/"},"featured_img":"https:\/\/www.ucatolica.edu.co\/portal\/wp-content\/uploads\/2026\/01\/Semilleos-de-Investigacion-en-la-UCatolicaCo.jpg","coauthors":[],"tax_additional":{"categories":{"linked":["<a href=\"https:\/\/www.ucatolica.edu.co\/portal\/category\/sin-categoria\/\" class=\"advgb-post-tax-term\">Sin categor\u00eda<\/a>"],"unlinked":["<span class=\"advgb-post-tax-term\">Sin categor\u00eda<\/span>"]}},"comment_count":"0","relative_dates":{"created":"Posted 3 meses ago","modified":"Updated 3 meses ago"},"absolute_dates":{"created":"Posted on 4 febrero, 2026","modified":"Updated on 4 febrero, 2026"},"absolute_dates_time":{"created":"Posted on 4 febrero, 2026 10:43 am","modified":"Updated on 4 febrero, 2026 10:43 am"},"featured_img_caption":"","series_order":"","_links":{"self":[{"href":"https:\/\/www.ucatolica.edu.co\/portal\/wp-json\/wp\/v2\/posts\/129240","targetHints":{"allow":["GET"]}}],"collection":[{"href":"https:\/\/www.ucatolica.edu.co\/portal\/wp-json\/wp\/v2\/posts"}],"about":[{"href":"https:\/\/www.ucatolica.edu.co\/portal\/wp-json\/wp\/v2\/types\/post"}],"author":[{"embeddable":true,"href":"https:\/\/www.ucatolica.edu.co\/portal\/wp-json\/wp\/v2\/users\/65"}],"replies":[{"embeddable":true,"href":"https:\/\/www.ucatolica.edu.co\/portal\/wp-json\/wp\/v2\/comments?post=129240"}],"version-history":[{"count":4,"href":"https:\/\/www.ucatolica.edu.co\/portal\/wp-json\/wp\/v2\/posts\/129240\/revisions"}],"predecessor-version":[{"id":129859,"href":"https:\/\/www.ucatolica.edu.co\/portal\/wp-json\/wp\/v2\/posts\/129240\/revisions\/129859"}],"wp:featuredmedia":[{"embeddable":true,"href":"https:\/\/www.ucatolica.edu.co\/portal\/wp-json\/wp\/v2\/media\/129857"}],"wp:attachment":[{"href":"https:\/\/www.ucatolica.edu.co\/portal\/wp-json\/wp\/v2\/media?parent=129240"}],"wp:term":[{"taxonomy":"category","embeddable":true,"href":"https:\/\/www.ucatolica.edu.co\/portal\/wp-json\/wp\/v2\/categories?post=129240"},{"taxonomy":"post_tag","embeddable":true,"href":"https:\/\/www.ucatolica.edu.co\/portal\/wp-json\/wp\/v2\/tags?post=129240"}],"curies":[{"name":"wp","href":"https:\/\/api.w.org\/{rel}","templated":true}]}}