{"id":129474,"date":"2026-02-04T16:04:21","date_gmt":"2026-02-04T21:04:21","guid":{"rendered":"https:\/\/www.ucatolica.edu.co\/portal\/?p=129474"},"modified":"2026-02-04T16:04:23","modified_gmt":"2026-02-04T21:04:23","slug":"estas-un-paso-mas-cerca-de-convertirte-en-profesional-presenta-el-saber-pro","status":"publish","type":"post","link":"https:\/\/www.ucatolica.edu.co\/portal\/estas-un-paso-mas-cerca-de-convertirte-en-profesional-presenta-el-saber-pro\/","title":{"rendered":"Est\u00e1s un paso m\u00e1s cerca de convertirte en profesional: presenta el Saber Pro"},"content":{"rendered":"\n<p>El Examen de Estado Saber Pro, aplicado por el ICFES, es de car\u00e1cter obligatorio para los estudiantes que han cumplido al menos el 75 % de los cr\u00e9ditos acad\u00e9micos de su programa; eval\u00faa competencias gen\u00e9ricas y espec\u00edficas, y constituye un requisito indispensable dentro del proceso de grado.<\/p>\n\n\n\n<h3 class=\"wp-block-heading\">Proceso de pre-registro y pago del Saber Pro<\/h3>\n\n\n\n<p>La Universidad ha adelantado el proceso de pre-registro institucional. Una vez este procedimiento sea realizado, cada estudiante recibir\u00e1 en su correo institucional la notificaci\u00f3n correspondiente para continuar con el proceso de registro individual.<\/p>\n\n\n\n<p>Posteriormente, el estudiante deber\u00e1 ingresar a la plataforma indicada para efectuar el pago correspondiente, de acuerdo con las tarifas vigentes establecidas por el ICFES para el a\u00f1o 2026. Estas pueden consultarse directamente en el siguiente enlace oficial: <a href=\"https:\/\/www.icfes.gov.co\/evaluaciones-icfes\/tarifas-examen-saber-pro\/\">https:\/\/www.icfes.gov.co\/evaluaciones-icfes\/tarifas-examen-saber-pro\/<\/a><\/p>\n\n\n\n<p>As\u00ed mismo, el ICFES ha definido un cronograma oficial para la aplicaci\u00f3n del examen, el cual ser\u00e1 compartido oportunamente con los estudiantes habilitados.<\/p>\n\n\n\n<h3 class=\"wp-block-heading\">Curso presencial y gratuito de preparaci\u00f3n para el Saber Pro<\/h3>\n\n\n\n<p>Con el fin de apoyar a los estudiantes en su proceso de preparaci\u00f3n, la Universidad ha dispuesto un curso presencial y gratuito para fortalecer las competencias evaluadas en el Examen Saber Pro.<\/p>\n\n\n\n<p><strong>Detalles del curso:<\/strong><\/p>\n\n\n\n<p><strong>\ud83d\udccd Modalidad: <\/strong>Presencial<\/p>\n\n\n\n<p><strong>\ud83d\udcc5 Fechas:<\/strong> Del 7 de febrero al 18 de abril de 2026<\/p>\n\n\n\n<p>\ud83d\udd58 Horario: S\u00e1bados  8:00 a.m. | 10:00 a.m. | 12:00 p.m.<\/p>\n\n\n\n<p><a href=\"https:\/\/forms.office.com\/pages\/responsepage.aspx?id=SHEi1DBJBk-LqghF_1flQSlW-8rkZLtEl8uFQyJnJUVUOE9LUUJJRUNISUFWM1VTRUw4VVpMREhPMi4u&amp;route=shorturl\" data-type=\"link\" data-id=\"https:\/\/forms.office.com\/pages\/responsepage.aspx?id=SHEi1DBJBk-LqghF_1flQSlW-8rkZLtEl8uFQyJnJUVUOE9LUUJJRUNISUFWM1VTRUw4VVpMREhPMi4u&amp;route=shorturl\">Inscr\u00edbete aqu\u00ed<\/a><\/p>\n\n\n\n<p>Este espacio acad\u00e9mico tiene como objetivo reforzar habilidades clave y brindar herramientas pr\u00e1cticas que contribuyan a un mejor desempe\u00f1o en la prueba.<\/p>\n\n\n\n<h3 class=\"wp-block-heading\">Canales de atenci\u00f3n y orientaci\u00f3n<\/h3>\n\n\n\n<p>Para resolver inquietudes o recibir orientaci\u00f3n adicional sobre el Examen Saber Pro, los estudiantes pueden comunicarse a trav\u00e9s de los siguientes canales:<\/p>\n\n\n\n<p>\ud83d\udce9<strong> Correo electr\u00f3nico: <\/strong><a href=\"mailto:saberpro@ucatolica.edu.co\">saberpro@ucatolica.edu.co<\/a><\/p>\n\n\n\n<p>\ud83c\udfe2 <strong>Atenci\u00f3n presencial:<\/strong> Decanatura Acad\u00e9mica, tercer piso del edificio Las Torres, solicitando orientaci\u00f3n con la profesional Leidy L\u00f3pez.<\/p>\n\n\n\n<p>La Universidad Cat\u00f3lica de Colombia invita a todos los estudiantes habilitados a estar atentos a las comunicaciones institucionales y a aprovechar los espacios de preparaci\u00f3n dispuestos para el cumplimiento de este importante requisito acad\u00e9mico.<\/p>\n","protected":false},"excerpt":{"rendered":"<p>El Examen de Estado Saber Pro, aplicado por el ICFES, es de car\u00e1cter obligatorio para los estudiantes que han cumplido al menos el 75 % de los cr\u00e9ditos acad\u00e9micos de su programa; eval\u00faa competencias gen\u00e9ricas y espec\u00edficas, y constituye un requisito indispensable dentro del proceso de grado. Proceso de pre-registro y pago del Saber Pro [&hellip;]<\/p>\n","protected":false},"author":61,"featured_media":129603,"comment_status":"closed","ping_status":"closed","sticky":false,"template":"","format":"standard","meta":{"_acf_changed":false,"advgb_blocks_editor_width":"","advgb_blocks_columns_visual_guide":"","footnotes":""},"categories":[93],"tags":[1842],"class_list":["post-129474","post","type-post","status-publish","format-standard","has-post-thumbnail","hentry","category-noticias-principales","tag-examen-saber-pro"],"acf":[],"yoast_head":"<!-- This site is optimized with the Yoast SEO plugin v26.7 - https:\/\/yoast.com\/wordpress\/plugins\/seo\/ -->\n<title>Est\u00e1s un paso m\u00e1s cerca de convertirte en profesional: presenta el Saber Pro - Universidad Cat\u00f3lica De Colombia<\/title>\n<meta name=\"robots\" content=\"index, follow, max-snippet:-1, max-image-preview:large, max-video-preview:-1\" \/>\n<link rel=\"canonical\" href=\"https:\/\/www.ucatolica.edu.co\/portal\/estas-un-paso-mas-cerca-de-convertirte-en-profesional-presenta-el-saber-pro\/\" \/>\n<meta property=\"og:locale\" content=\"es_ES\" \/>\n<meta property=\"og:type\" content=\"article\" \/>\n<meta property=\"og:title\" content=\"Est\u00e1s un paso m\u00e1s cerca de convertirte en profesional: presenta el Saber Pro - Universidad Cat\u00f3lica De Colombia\" \/>\n<meta property=\"og:description\" content=\"El Examen de Estado Saber Pro, aplicado por el ICFES, es de car\u00e1cter obligatorio para los estudiantes que han cumplido al menos el 75 % de los cr\u00e9ditos acad\u00e9micos de su programa; eval\u00faa competencias gen\u00e9ricas y espec\u00edficas, y constituye un requisito indispensable dentro del proceso de grado. Proceso de pre-registro y pago del Saber Pro [&hellip;]\" \/>\n<meta property=\"og:url\" content=\"https:\/\/www.ucatolica.edu.co\/portal\/estas-un-paso-mas-cerca-de-convertirte-en-profesional-presenta-el-saber-pro\/\" \/>\n<meta property=\"og:site_name\" content=\"Universidad Cat\u00f3lica De Colombia\" \/>\n<meta property=\"article:publisher\" content=\"https:\/\/www.facebook.com\/ucatolicacolombia\" \/>\n<meta property=\"article:published_time\" content=\"2026-02-04T21:04:21+00:00\" \/>\n<meta property=\"article:modified_time\" content=\"2026-02-04T21:04:23+00:00\" \/>\n<meta property=\"og:image\" content=\"https:\/\/www.ucatolica.edu.co\/portal\/wp-content\/uploads\/2026\/01\/Noticia-5.jpg\" \/>\n\t<meta property=\"og:image:width\" content=\"870\" \/>\n\t<meta property=\"og:image:height\" content=\"522\" \/>\n\t<meta property=\"og:image:type\" content=\"image\/jpeg\" \/>\n<meta name=\"author\" content=\"Leidy Dayanna Jaramillo Tavera\" \/>\n<meta name=\"twitter:card\" content=\"summary_large_image\" \/>\n<meta name=\"twitter:creator\" content=\"@UCatolicaCol\" \/>\n<meta name=\"twitter:site\" content=\"@UCatolicaCol\" \/>\n<meta name=\"twitter:label1\" content=\"Escrito por\" \/>\n\t<meta name=\"twitter:data1\" content=\"Leidy Dayanna Jaramillo Tavera\" \/>\n\t<meta name=\"twitter:label2\" content=\"Tiempo de lectura\" \/>\n\t<meta name=\"twitter:data2\" content=\"2 minutos\" \/>\n<script type=\"application\/ld+json\" class=\"yoast-schema-graph\">{\"@context\":\"https:\/\/schema.org\",\"@graph\":[{\"@type\":\"Article\",\"@id\":\"https:\/\/www.ucatolica.edu.co\/portal\/estas-un-paso-mas-cerca-de-convertirte-en-profesional-presenta-el-saber-pro\/#article\",\"isPartOf\":{\"@id\":\"https:\/\/www.ucatolica.edu.co\/portal\/estas-un-paso-mas-cerca-de-convertirte-en-profesional-presenta-el-saber-pro\/\"},\"author\":{\"name\":\"Leidy Dayanna Jaramillo Tavera\",\"@id\":\"https:\/\/www.ucatolica.edu.co\/portal\/#\/schema\/person\/c03ebc5b4f80ce7b8947aa9ddece408a\"},\"headline\":\"Est\u00e1s un paso m\u00e1s cerca de convertirte en profesional: presenta el Saber Pro\",\"datePublished\":\"2026-02-04T21:04:21+00:00\",\"dateModified\":\"2026-02-04T21:04:23+00:00\",\"mainEntityOfPage\":{\"@id\":\"https:\/\/www.ucatolica.edu.co\/portal\/estas-un-paso-mas-cerca-de-convertirte-en-profesional-presenta-el-saber-pro\/\"},\"wordCount\":366,\"publisher\":{\"@id\":\"https:\/\/www.ucatolica.edu.co\/portal\/#organization\"},\"image\":{\"@id\":\"https:\/\/www.ucatolica.edu.co\/portal\/estas-un-paso-mas-cerca-de-convertirte-en-profesional-presenta-el-saber-pro\/#primaryimage\"},\"thumbnailUrl\":\"https:\/\/www.ucatolica.edu.co\/portal\/wp-content\/uploads\/2026\/01\/Noticia-5.jpg\",\"keywords\":[\"Examen Saber Pro\"],\"articleSection\":[\"Noticias Principales\"],\"inLanguage\":\"es-CO\"},{\"@type\":\"WebPage\",\"@id\":\"https:\/\/www.ucatolica.edu.co\/portal\/estas-un-paso-mas-cerca-de-convertirte-en-profesional-presenta-el-saber-pro\/\",\"url\":\"https:\/\/www.ucatolica.edu.co\/portal\/estas-un-paso-mas-cerca-de-convertirte-en-profesional-presenta-el-saber-pro\/\",\"name\":\"Est\u00e1s un paso m\u00e1s cerca de convertirte en profesional: presenta el Saber Pro - Universidad Cat\u00f3lica De Colombia\",\"isPartOf\":{\"@id\":\"https:\/\/www.ucatolica.edu.co\/portal\/#website\"},\"primaryImageOfPage\":{\"@id\":\"https:\/\/www.ucatolica.edu.co\/portal\/estas-un-paso-mas-cerca-de-convertirte-en-profesional-presenta-el-saber-pro\/#primaryimage\"},\"image\":{\"@id\":\"https:\/\/www.ucatolica.edu.co\/portal\/estas-un-paso-mas-cerca-de-convertirte-en-profesional-presenta-el-saber-pro\/#primaryimage\"},\"thumbnailUrl\":\"https:\/\/www.ucatolica.edu.co\/portal\/wp-content\/uploads\/2026\/01\/Noticia-5.jpg\",\"datePublished\":\"2026-02-04T21:04:21+00:00\",\"dateModified\":\"2026-02-04T21:04:23+00:00\",\"breadcrumb\":{\"@id\":\"https:\/\/www.ucatolica.edu.co\/portal\/estas-un-paso-mas-cerca-de-convertirte-en-profesional-presenta-el-saber-pro\/#breadcrumb\"},\"inLanguage\":\"es-CO\",\"potentialAction\":[{\"@type\":\"ReadAction\",\"target\":[\"https:\/\/www.ucatolica.edu.co\/portal\/estas-un-paso-mas-cerca-de-convertirte-en-profesional-presenta-el-saber-pro\/\"]}]},{\"@type\":\"ImageObject\",\"inLanguage\":\"es-CO\",\"@id\":\"https:\/\/www.ucatolica.edu.co\/portal\/estas-un-paso-mas-cerca-de-convertirte-en-profesional-presenta-el-saber-pro\/#primaryimage\",\"url\":\"https:\/\/www.ucatolica.edu.co\/portal\/wp-content\/uploads\/2026\/01\/Noticia-5.jpg\",\"contentUrl\":\"https:\/\/www.ucatolica.edu.co\/portal\/wp-content\/uploads\/2026\/01\/Noticia-5.jpg\",\"width\":870,\"height\":522,\"caption\":\"Estudiantes presentado examen\"},{\"@type\":\"BreadcrumbList\",\"@id\":\"https:\/\/www.ucatolica.edu.co\/portal\/estas-un-paso-mas-cerca-de-convertirte-en-profesional-presenta-el-saber-pro\/#breadcrumb\",\"itemListElement\":[{\"@type\":\"ListItem\",\"position\":1,\"name\":\"Inicio\",\"item\":\"https:\/\/www.ucatolica.edu.co\/portal\/\"},{\"@type\":\"ListItem\",\"position\":2,\"name\":\"Est\u00e1s un paso m\u00e1s cerca de convertirte en profesional: presenta el Saber Pro\"}]},{\"@type\":\"WebSite\",\"@id\":\"https:\/\/www.ucatolica.edu.co\/portal\/#website\",\"url\":\"https:\/\/www.ucatolica.edu.co\/portal\/\",\"name\":\"Universidad Cat\u00f3lica De Colombia\",\"description\":\"Universidad Cat\u00f3lica De Colombia\",\"publisher\":{\"@id\":\"https:\/\/www.ucatolica.edu.co\/portal\/#organization\"},\"potentialAction\":[{\"@type\":\"SearchAction\",\"target\":{\"@type\":\"EntryPoint\",\"urlTemplate\":\"https:\/\/www.ucatolica.edu.co\/portal\/?s={search_term_string}\"},\"query-input\":{\"@type\":\"PropertyValueSpecification\",\"valueRequired\":true,\"valueName\":\"search_term_string\"}}],\"inLanguage\":\"es-CO\"},{\"@type\":\"Organization\",\"@id\":\"https:\/\/www.ucatolica.edu.co\/portal\/#organization\",\"name\":\"Universidad Cat\u00f3lica de Colombia\",\"url\":\"https:\/\/www.ucatolica.edu.co\/portal\/\",\"logo\":{\"@type\":\"ImageObject\",\"inLanguage\":\"es-CO\",\"@id\":\"https:\/\/www.ucatolica.edu.co\/portal\/#\/schema\/logo\/image\/\",\"url\":\"https:\/\/www.ucatolica.edu.co\/portal\/wp-content\/uploads\/2021\/06\/logo-header-ho-1.svg\",\"contentUrl\":\"https:\/\/www.ucatolica.edu.co\/portal\/wp-content\/uploads\/2021\/06\/logo-header-ho-1.svg\",\"width\":1,\"height\":1,\"caption\":\"Universidad Cat\u00f3lica de Colombia\"},\"image\":{\"@id\":\"https:\/\/www.ucatolica.edu.co\/portal\/#\/schema\/logo\/image\/\"},\"sameAs\":[\"https:\/\/www.facebook.com\/ucatolicacolombia\",\"https:\/\/x.com\/UCatolicaCol\",\"https:\/\/www.instagram.com\/universidadcatolicadecolombia\/\",\"https:\/\/www.linkedin.com\/company\/universidadcatolicadecolombia\/\",\"https:\/\/www.youtube.com\/user\/UCatolicaCo\"]},{\"@type\":\"Person\",\"@id\":\"https:\/\/www.ucatolica.edu.co\/portal\/#\/schema\/person\/c03ebc5b4f80ce7b8947aa9ddece408a\",\"name\":\"Leidy Dayanna Jaramillo Tavera\",\"url\":\"https:\/\/www.ucatolica.edu.co\/portal\/author\/dayana\/\"}]}<\/script>\n<!-- \/ Yoast SEO plugin. -->","yoast_head_json":{"title":"Est\u00e1s un paso m\u00e1s cerca de convertirte en profesional: presenta el Saber Pro - Universidad Cat\u00f3lica De Colombia","robots":{"index":"index","follow":"follow","max-snippet":"max-snippet:-1","max-image-preview":"max-image-preview:large","max-video-preview":"max-video-preview:-1"},"canonical":"https:\/\/www.ucatolica.edu.co\/portal\/estas-un-paso-mas-cerca-de-convertirte-en-profesional-presenta-el-saber-pro\/","og_locale":"es_ES","og_type":"article","og_title":"Est\u00e1s un paso m\u00e1s cerca de convertirte en profesional: presenta el Saber Pro - Universidad Cat\u00f3lica De Colombia","og_description":"El Examen de Estado Saber Pro, aplicado por el ICFES, es de car\u00e1cter obligatorio para los estudiantes que han cumplido al menos el 75 % de los cr\u00e9ditos acad\u00e9micos de su programa; eval\u00faa competencias gen\u00e9ricas y espec\u00edficas, y constituye un requisito indispensable dentro del proceso de grado. Proceso de pre-registro y pago del Saber Pro [&hellip;]","og_url":"https:\/\/www.ucatolica.edu.co\/portal\/estas-un-paso-mas-cerca-de-convertirte-en-profesional-presenta-el-saber-pro\/","og_site_name":"Universidad Cat\u00f3lica De Colombia","article_publisher":"https:\/\/www.facebook.com\/ucatolicacolombia","article_published_time":"2026-02-04T21:04:21+00:00","article_modified_time":"2026-02-04T21:04:23+00:00","og_image":[{"width":870,"height":522,"url":"https:\/\/www.ucatolica.edu.co\/portal\/wp-content\/uploads\/2026\/01\/Noticia-5.jpg","type":"image\/jpeg"}],"author":"Leidy Dayanna Jaramillo Tavera","twitter_card":"summary_large_image","twitter_creator":"@UCatolicaCol","twitter_site":"@UCatolicaCol","twitter_misc":{"Escrito por":"Leidy Dayanna Jaramillo Tavera","Tiempo de lectura":"2 minutos"},"schema":{"@context":"https:\/\/schema.org","@graph":[{"@type":"Article","@id":"https:\/\/www.ucatolica.edu.co\/portal\/estas-un-paso-mas-cerca-de-convertirte-en-profesional-presenta-el-saber-pro\/#article","isPartOf":{"@id":"https:\/\/www.ucatolica.edu.co\/portal\/estas-un-paso-mas-cerca-de-convertirte-en-profesional-presenta-el-saber-pro\/"},"author":{"name":"Leidy Dayanna Jaramillo Tavera","@id":"https:\/\/www.ucatolica.edu.co\/portal\/#\/schema\/person\/c03ebc5b4f80ce7b8947aa9ddece408a"},"headline":"Est\u00e1s un paso m\u00e1s cerca de convertirte en profesional: presenta el Saber Pro","datePublished":"2026-02-04T21:04:21+00:00","dateModified":"2026-02-04T21:04:23+00:00","mainEntityOfPage":{"@id":"https:\/\/www.ucatolica.edu.co\/portal\/estas-un-paso-mas-cerca-de-convertirte-en-profesional-presenta-el-saber-pro\/"},"wordCount":366,"publisher":{"@id":"https:\/\/www.ucatolica.edu.co\/portal\/#organization"},"image":{"@id":"https:\/\/www.ucatolica.edu.co\/portal\/estas-un-paso-mas-cerca-de-convertirte-en-profesional-presenta-el-saber-pro\/#primaryimage"},"thumbnailUrl":"https:\/\/www.ucatolica.edu.co\/portal\/wp-content\/uploads\/2026\/01\/Noticia-5.jpg","keywords":["Examen Saber Pro"],"articleSection":["Noticias Principales"],"inLanguage":"es-CO"},{"@type":"WebPage","@id":"https:\/\/www.ucatolica.edu.co\/portal\/estas-un-paso-mas-cerca-de-convertirte-en-profesional-presenta-el-saber-pro\/","url":"https:\/\/www.ucatolica.edu.co\/portal\/estas-un-paso-mas-cerca-de-convertirte-en-profesional-presenta-el-saber-pro\/","name":"Est\u00e1s un paso m\u00e1s cerca de convertirte en profesional: presenta el Saber Pro - Universidad Cat\u00f3lica De Colombia","isPartOf":{"@id":"https:\/\/www.ucatolica.edu.co\/portal\/#website"},"primaryImageOfPage":{"@id":"https:\/\/www.ucatolica.edu.co\/portal\/estas-un-paso-mas-cerca-de-convertirte-en-profesional-presenta-el-saber-pro\/#primaryimage"},"image":{"@id":"https:\/\/www.ucatolica.edu.co\/portal\/estas-un-paso-mas-cerca-de-convertirte-en-profesional-presenta-el-saber-pro\/#primaryimage"},"thumbnailUrl":"https:\/\/www.ucatolica.edu.co\/portal\/wp-content\/uploads\/2026\/01\/Noticia-5.jpg","datePublished":"2026-02-04T21:04:21+00:00","dateModified":"2026-02-04T21:04:23+00:00","breadcrumb":{"@id":"https:\/\/www.ucatolica.edu.co\/portal\/estas-un-paso-mas-cerca-de-convertirte-en-profesional-presenta-el-saber-pro\/#breadcrumb"},"inLanguage":"es-CO","potentialAction":[{"@type":"ReadAction","target":["https:\/\/www.ucatolica.edu.co\/portal\/estas-un-paso-mas-cerca-de-convertirte-en-profesional-presenta-el-saber-pro\/"]}]},{"@type":"ImageObject","inLanguage":"es-CO","@id":"https:\/\/www.ucatolica.edu.co\/portal\/estas-un-paso-mas-cerca-de-convertirte-en-profesional-presenta-el-saber-pro\/#primaryimage","url":"https:\/\/www.ucatolica.edu.co\/portal\/wp-content\/uploads\/2026\/01\/Noticia-5.jpg","contentUrl":"https:\/\/www.ucatolica.edu.co\/portal\/wp-content\/uploads\/2026\/01\/Noticia-5.jpg","width":870,"height":522,"caption":"Estudiantes presentado examen"},{"@type":"BreadcrumbList","@id":"https:\/\/www.ucatolica.edu.co\/portal\/estas-un-paso-mas-cerca-de-convertirte-en-profesional-presenta-el-saber-pro\/#breadcrumb","itemListElement":[{"@type":"ListItem","position":1,"name":"Inicio","item":"https:\/\/www.ucatolica.edu.co\/portal\/"},{"@type":"ListItem","position":2,"name":"Est\u00e1s un paso m\u00e1s cerca de convertirte en profesional: presenta el Saber Pro"}]},{"@type":"WebSite","@id":"https:\/\/www.ucatolica.edu.co\/portal\/#website","url":"https:\/\/www.ucatolica.edu.co\/portal\/","name":"Universidad Cat\u00f3lica De Colombia","description":"Universidad Cat\u00f3lica De Colombia","publisher":{"@id":"https:\/\/www.ucatolica.edu.co\/portal\/#organization"},"potentialAction":[{"@type":"SearchAction","target":{"@type":"EntryPoint","urlTemplate":"https:\/\/www.ucatolica.edu.co\/portal\/?s={search_term_string}"},"query-input":{"@type":"PropertyValueSpecification","valueRequired":true,"valueName":"search_term_string"}}],"inLanguage":"es-CO"},{"@type":"Organization","@id":"https:\/\/www.ucatolica.edu.co\/portal\/#organization","name":"Universidad Cat\u00f3lica de Colombia","url":"https:\/\/www.ucatolica.edu.co\/portal\/","logo":{"@type":"ImageObject","inLanguage":"es-CO","@id":"https:\/\/www.ucatolica.edu.co\/portal\/#\/schema\/logo\/image\/","url":"https:\/\/www.ucatolica.edu.co\/portal\/wp-content\/uploads\/2021\/06\/logo-header-ho-1.svg","contentUrl":"https:\/\/www.ucatolica.edu.co\/portal\/wp-content\/uploads\/2021\/06\/logo-header-ho-1.svg","width":1,"height":1,"caption":"Universidad Cat\u00f3lica de Colombia"},"image":{"@id":"https:\/\/www.ucatolica.edu.co\/portal\/#\/schema\/logo\/image\/"},"sameAs":["https:\/\/www.facebook.com\/ucatolicacolombia","https:\/\/x.com\/UCatolicaCol","https:\/\/www.instagram.com\/universidadcatolicadecolombia\/","https:\/\/www.linkedin.com\/company\/universidadcatolicadecolombia\/","https:\/\/www.youtube.com\/user\/UCatolicaCo"]},{"@type":"Person","@id":"https:\/\/www.ucatolica.edu.co\/portal\/#\/schema\/person\/c03ebc5b4f80ce7b8947aa9ddece408a","name":"Leidy Dayanna Jaramillo Tavera","url":"https:\/\/www.ucatolica.edu.co\/portal\/author\/dayana\/"}]}},"author_meta":{"display_name":"Leidy Dayanna Jaramillo Tavera","author_link":"https:\/\/www.ucatolica.edu.co\/portal\/author\/dayana\/"},"featured_img":"https:\/\/www.ucatolica.edu.co\/portal\/wp-content\/uploads\/2026\/01\/Noticia-5.jpg","coauthors":[],"tax_additional":{"categories":{"linked":["<a href=\"https:\/\/www.ucatolica.edu.co\/portal\/category\/noticias-principales\/\" class=\"advgb-post-tax-term\">Noticias Principales<\/a>"],"unlinked":["<span class=\"advgb-post-tax-term\">Noticias Principales<\/span>"]},"tags":{"linked":["<a href=\"https:\/\/www.ucatolica.edu.co\/portal\/category\/noticias-principales\/\" class=\"advgb-post-tax-term\">Examen Saber Pro<\/a>"],"unlinked":["<span class=\"advgb-post-tax-term\">Examen Saber Pro<\/span>"]}},"comment_count":"0","relative_dates":{"created":"Posted 3 meses ago","modified":"Updated 3 meses ago"},"absolute_dates":{"created":"Posted on 4 febrero, 2026","modified":"Updated on 4 febrero, 2026"},"absolute_dates_time":{"created":"Posted on 4 febrero, 2026 4:04 pm","modified":"Updated on 4 febrero, 2026 4:04 pm"},"featured_img_caption":"","series_order":"","_links":{"self":[{"href":"https:\/\/www.ucatolica.edu.co\/portal\/wp-json\/wp\/v2\/posts\/129474","targetHints":{"allow":["GET"]}}],"collection":[{"href":"https:\/\/www.ucatolica.edu.co\/portal\/wp-json\/wp\/v2\/posts"}],"about":[{"href":"https:\/\/www.ucatolica.edu.co\/portal\/wp-json\/wp\/v2\/types\/post"}],"author":[{"embeddable":true,"href":"https:\/\/www.ucatolica.edu.co\/portal\/wp-json\/wp\/v2\/users\/61"}],"replies":[{"embeddable":true,"href":"https:\/\/www.ucatolica.edu.co\/portal\/wp-json\/wp\/v2\/comments?post=129474"}],"version-history":[{"count":10,"href":"https:\/\/www.ucatolica.edu.co\/portal\/wp-json\/wp\/v2\/posts\/129474\/revisions"}],"predecessor-version":[{"id":132503,"href":"https:\/\/www.ucatolica.edu.co\/portal\/wp-json\/wp\/v2\/posts\/129474\/revisions\/132503"}],"wp:featuredmedia":[{"embeddable":true,"href":"https:\/\/www.ucatolica.edu.co\/portal\/wp-json\/wp\/v2\/media\/129603"}],"wp:attachment":[{"href":"https:\/\/www.ucatolica.edu.co\/portal\/wp-json\/wp\/v2\/media?parent=129474"}],"wp:term":[{"taxonomy":"category","embeddable":true,"href":"https:\/\/www.ucatolica.edu.co\/portal\/wp-json\/wp\/v2\/categories?post=129474"},{"taxonomy":"post_tag","embeddable":true,"href":"https:\/\/www.ucatolica.edu.co\/portal\/wp-json\/wp\/v2\/tags?post=129474"}],"curies":[{"name":"wp","href":"https:\/\/api.w.org\/{rel}","templated":true}]}}