{"id":130434,"date":"2026-03-03T14:45:53","date_gmt":"2026-03-03T19:45:53","guid":{"rendered":"https:\/\/www.ucatolica.edu.co\/portal\/?p=130434"},"modified":"2026-03-03T16:35:42","modified_gmt":"2026-03-03T21:35:42","slug":"construyendo-proyecto-de-vida-estudiantes-del-colegio-andres-escobar-visitaron-la-universidad-catolica-de-colombia","status":"publish","type":"post","link":"https:\/\/www.ucatolica.edu.co\/portal\/construyendo-proyecto-de-vida-estudiantes-del-colegio-andres-escobar-visitaron-la-universidad-catolica-de-colombia\/","title":{"rendered":"Construyendo proyecto de vida: estudiantes del Colegio Andr\u00e9s Escobar visitaron la Universidad Cat\u00f3lica de Colombia"},"content":{"rendered":"\n<p>El pasado viernes 27 de febrero, la Universidad Cat\u00f3lica de Colombia abri\u00f3 sus puertas a 72 estudiantes y 3 docentes del Colegio Andr\u00e9s Escobar de grados d\u00e9cimo y und\u00e9cimo, quienes participaron en una jornada de inmersi\u00f3n acad\u00e9mica y cultural.<\/p>\n\n\n\n<p>La experiencia inici\u00f3 con una bienvenida institucional liderada por el equipo de Bienestar Universitario, espacio en el que los asistentes conocieron los servicios de acompa\u00f1amiento integral que ofrece la Universidad. La apertura estuvo acompa\u00f1ada por una muestra art\u00edstica de danzas folcl\u00f3ricas, que permiti\u00f3 a los estudiantes acercarse tambi\u00e9n a la vida cultural del campus.<\/p>\n\n\n\n<h2 class=\"wp-block-heading\"><strong>Recorrido por las facultades: aprender haciendo<\/strong><\/h2>\n\n\n\n<p>Durante la jornada, los estudiantes participaron en experiencias pr\u00e1cticas dise\u00f1adas por distintas facultades, en las que pudieron conocer de primera mano c\u00f3mo se vive la formaci\u00f3n universitaria:<\/p>\n\n\n\n<p><strong>Facultad de Dise\u00f1o:<\/strong> \u201cEl poder del dise\u00f1o en el FabLab\u201d, un espacio para explorar la creatividad y la innovaci\u00f3n tecnol\u00f3gica a trav\u00e9s de herramientas digitales y procesos de fabricaci\u00f3n.<\/p>\n\n\n\n<p><strong>Ingenier\u00eda Civil: <\/strong>Taller \u201cIngenieros Civiles del Futuro: Construye, Cuida y Transforma\u201d, enfocado en el impacto social y ambiental de la profesi\u00f3n.<\/p>\n\n\n\n<p><strong>Ingenier\u00eda Industrial: <\/strong>Un acercamiento a la Industria 5.0 y a las cadenas de suministro, con una mirada hacia el futuro de la producci\u00f3n y la sostenibilidad.<\/p>\n\n\n\n<p><strong>Ingenier\u00eda de Sistemas y Computaci\u00f3n: <\/strong>Experiencia inmersiva en videojuegos y animaci\u00f3n 3D, donde los participantes conocieron procesos de programaci\u00f3n y dise\u00f1o digital.<\/p>\n\n\n\n<p><strong>Facultad de Psicolog\u00eda: <\/strong>Taller \u201cPsic\u00f3logo por un d\u00eda\u201d, que permiti\u00f3 analizar situaciones cotidianas para comprender el rol de esta disciplina en la sociedad y su aporte al bienestar individual y colectivo.<\/p>\n\n\n\n<p>Cada espacio fue concebido para que los estudiantes no solo recibieran informaci\u00f3n, sino que vivieran la experiencia universitaria desde la pr\u00e1ctica, interactuando con docentes, laboratorios y metodolog\u00edas reales de formaci\u00f3n.<\/p>\n\n\n\n<h2 class=\"wp-block-heading\"><strong>La voz de los estudiantes<\/strong><\/h2>\n\n\n\n<p>La jornada dej\u00f3 impresiones significativas entre los participantes; Ashley Salgado, estudiante de grado 11\u00b0, destac\u00f3 el valor motivacional de la experiencia:<\/p>\n\n\n\n<p>\u201cLo m\u00e1s importante de estos espacios es que a uno le llama la atenci\u00f3n ver a otros lograrlo, ver c\u00f3mo los profesores son tan apasionados y c\u00f3mo hablan de la materia te muestra c\u00f3mo podr\u00eda ser una clase. Tambi\u00e9n los espacios, el lugar y c\u00f3mo la gente interact\u00faa te motivan\u201d.<\/p>\n\n\n\n<p>Tambi\u00e9n resalt\u00f3 adem\u00e1s la claridad de los talleres y la posibilidad de comprender tanto la teor\u00eda como la pr\u00e1ctica:<\/p>\n\n\n\n<p>\u201cMe gust\u00f3 mucho que fueron muy f\u00e1ciles de entender, nos explicaban la bioseguridad, c\u00f3mo es la metodolog\u00eda, c\u00f3mo se estudia el semestre y los profesores que est\u00e1n a cargo; fue muy visual, esto es la teor\u00eda, pero tambi\u00e9n esto es lo que haces\u201d.<\/p>\n\n\n\n<p>Por su parte, Mat\u00edas Mora, estudiante de grado 10\u00b0, expres\u00f3 su entusiasmo tras conocer los espacios relacionados con arquitectura:<\/p>\n\n\n\n<p>\u201cMe parece algo muy grandioso porque no me lo esperaba para nada, a m\u00ed me interesa mucho la arquitectura y me gust\u00f3 mucho el espacio, especialmente el espacio donde estaban las maquetas y el auditorio; el profesor nos explic\u00f3 c\u00f3mo se hac\u00edan con la m\u00e1quina y eso fue lo que m\u00e1s me gust\u00f3\u201d.<\/p>\n\n\n\n<p>Para Mat\u00edas, esta experiencia reafirm\u00f3 su vocaci\u00f3n:<\/p>\n\n\n\n<p>\u201cMi abuelito es carpintero, entonces siempre me ha gustado mucho lo de la madera y las figuritas; despu\u00e9s de esto me interesa mucho m\u00e1s estudiar arquitectura\u201d.<\/p>\n\n\n<div class=\"wp-block-image\">\n<figure class=\"aligncenter size-full\"><img fetchpriority=\"high\" decoding=\"async\" width=\"870\" height=\"522\" src=\"https:\/\/www.ucatolica.edu.co\/portal\/wp-content\/uploads\/2026\/03\/Estudiantes-en-laboratorios.jpg\" alt=\"\" class=\"wp-image-130455\" srcset=\"https:\/\/www.ucatolica.edu.co\/portal\/wp-content\/uploads\/2026\/03\/Estudiantes-en-laboratorios.jpg 870w, https:\/\/www.ucatolica.edu.co\/portal\/wp-content\/uploads\/2026\/03\/Estudiantes-en-laboratorios-768x461.jpg 768w\" sizes=\"(max-width: 870px) 100vw, 870px\" \/><\/figure>\n<\/div>\n\n\n<h2 class=\"wp-block-heading\"><strong>Voces que gu\u00edan<\/strong><\/h2>\n\n\n\n<figure class=\"wp-block-embed is-type-video is-provider-youtube wp-block-embed-youtube wp-embed-aspect-16-9 wp-has-aspect-ratio\"><div class=\"wp-block-embed__wrapper\">\n<div class=\"video-container\"><iframe title=\"Erika Pulido Colegio Andre\u0301s Escobar\" width=\"500\" height=\"281\" src=\"https:\/\/www.youtube.com\/embed\/FxnbIRCgpNI?feature=oembed\" frameborder=\"0\" allow=\"accelerometer; autoplay; clipboard-write; encrypted-media; gyroscope; picture-in-picture; web-share\" referrerpolicy=\"strict-origin-when-cross-origin\" allowfullscreen><\/iframe><\/div>\n<\/div><\/figure>\n\n\n\n<h2 class=\"wp-block-heading\"><strong>Acompa\u00f1ar la construcci\u00f3n del proyecto de vida<\/strong><\/h2>\n\n\n\n<p>Con este tipo de iniciativas, la Universidad Cat\u00f3lica de Colombia ratifica su compromiso con la orientaci\u00f3n vocacional y el acompa\u00f1amiento temprano a estudiantes de educaci\u00f3n media, generando espacios que les permitan descubrir sus intereses, fortalecer sus talentos y proyectar con mayor claridad su futuro profesional.<\/p>\n\n\n\n<p>Abrir las puertas del campus no solo significa mostrar programas acad\u00e9micos, sino brindar experiencias significativas que inspiren, orienten y conecten a los j\u00f3venes con su proyecto de vida.<\/p>\n","protected":false},"excerpt":{"rendered":"<p>El pasado viernes 27 de febrero, la Universidad Cat\u00f3lica de Colombia abri\u00f3 sus puertas a 72 estudiantes y 3 docentes del Colegio Andr\u00e9s Escobar de grados d\u00e9cimo y und\u00e9cimo, quienes participaron en una jornada de inmersi\u00f3n acad\u00e9mica y cultural. La experiencia inici\u00f3 con una bienvenida institucional liderada por el equipo de Bienestar Universitario, espacio en [&hellip;]<\/p>\n","protected":false},"author":61,"featured_media":130454,"comment_status":"closed","ping_status":"closed","sticky":false,"template":"","format":"standard","meta":{"_acf_changed":false,"advgb_blocks_editor_width":"","advgb_blocks_columns_visual_guide":"","footnotes":""},"categories":[93],"tags":[888,3221,265],"class_list":["post-130434","post","type-post","status-publish","format-standard","has-post-thumbnail","hentry","category-noticias-principales","tag-colegio","tag-impulsar-historias","tag-universidad-catolica-de-colombia"],"acf":[],"yoast_head":"<!-- This site is optimized with the Yoast SEO plugin v26.7 - https:\/\/yoast.com\/wordpress\/plugins\/seo\/ -->\n<title>Construyendo proyecto de vida: estudiantes del Colegio Andr\u00e9s Escobar visitaron la Universidad Cat\u00f3lica de Colombia - Universidad Cat\u00f3lica De Colombia<\/title>\n<meta name=\"robots\" content=\"index, follow, max-snippet:-1, max-image-preview:large, max-video-preview:-1\" \/>\n<link rel=\"canonical\" href=\"https:\/\/www.ucatolica.edu.co\/portal\/construyendo-proyecto-de-vida-estudiantes-del-colegio-andres-escobar-visitaron-la-universidad-catolica-de-colombia\/\" \/>\n<meta property=\"og:locale\" content=\"es_ES\" \/>\n<meta property=\"og:type\" content=\"article\" \/>\n<meta property=\"og:title\" content=\"Construyendo proyecto de vida: estudiantes del Colegio Andr\u00e9s Escobar visitaron la Universidad Cat\u00f3lica de Colombia - Universidad Cat\u00f3lica De Colombia\" \/>\n<meta property=\"og:description\" content=\"El pasado viernes 27 de febrero, la Universidad Cat\u00f3lica de Colombia abri\u00f3 sus puertas a 72 estudiantes y 3 docentes del Colegio Andr\u00e9s Escobar de grados d\u00e9cimo y und\u00e9cimo, quienes participaron en una jornada de inmersi\u00f3n acad\u00e9mica y cultural. La experiencia inici\u00f3 con una bienvenida institucional liderada por el equipo de Bienestar Universitario, espacio en [&hellip;]\" \/>\n<meta property=\"og:url\" content=\"https:\/\/www.ucatolica.edu.co\/portal\/construyendo-proyecto-de-vida-estudiantes-del-colegio-andres-escobar-visitaron-la-universidad-catolica-de-colombia\/\" \/>\n<meta property=\"og:site_name\" content=\"Universidad Cat\u00f3lica De Colombia\" \/>\n<meta property=\"article:publisher\" content=\"https:\/\/www.facebook.com\/ucatolicacolombia\" \/>\n<meta property=\"article:published_time\" content=\"2026-03-03T19:45:53+00:00\" \/>\n<meta property=\"article:modified_time\" content=\"2026-03-03T21:35:42+00:00\" \/>\n<meta property=\"og:image\" content=\"https:\/\/www.ucatolica.edu.co\/portal\/wp-content\/uploads\/2026\/03\/Grupo-de-estudiantes-sonriendo-1.jpg\" \/>\n\t<meta property=\"og:image:width\" content=\"871\" \/>\n\t<meta property=\"og:image:height\" content=\"523\" \/>\n\t<meta property=\"og:image:type\" content=\"image\/jpeg\" \/>\n<meta name=\"author\" content=\"Leidy Dayanna Jaramillo Tavera\" \/>\n<meta name=\"twitter:card\" content=\"summary_large_image\" \/>\n<meta name=\"twitter:creator\" content=\"@UCatolicaCol\" \/>\n<meta name=\"twitter:site\" content=\"@UCatolicaCol\" \/>\n<meta name=\"twitter:label1\" content=\"Escrito por\" \/>\n\t<meta name=\"twitter:data1\" content=\"Leidy Dayanna Jaramillo Tavera\" \/>\n\t<meta name=\"twitter:label2\" content=\"Tiempo de lectura\" \/>\n\t<meta name=\"twitter:data2\" content=\"3 minutos\" \/>\n<script type=\"application\/ld+json\" class=\"yoast-schema-graph\">{\"@context\":\"https:\/\/schema.org\",\"@graph\":[{\"@type\":\"Article\",\"@id\":\"https:\/\/www.ucatolica.edu.co\/portal\/construyendo-proyecto-de-vida-estudiantes-del-colegio-andres-escobar-visitaron-la-universidad-catolica-de-colombia\/#article\",\"isPartOf\":{\"@id\":\"https:\/\/www.ucatolica.edu.co\/portal\/construyendo-proyecto-de-vida-estudiantes-del-colegio-andres-escobar-visitaron-la-universidad-catolica-de-colombia\/\"},\"author\":{\"name\":\"Leidy Dayanna Jaramillo Tavera\",\"@id\":\"https:\/\/www.ucatolica.edu.co\/portal\/#\/schema\/person\/c03ebc5b4f80ce7b8947aa9ddece408a\"},\"headline\":\"Construyendo proyecto de vida: estudiantes del Colegio Andr\u00e9s Escobar visitaron la Universidad Cat\u00f3lica de Colombia\",\"datePublished\":\"2026-03-03T19:45:53+00:00\",\"dateModified\":\"2026-03-03T21:35:42+00:00\",\"mainEntityOfPage\":{\"@id\":\"https:\/\/www.ucatolica.edu.co\/portal\/construyendo-proyecto-de-vida-estudiantes-del-colegio-andres-escobar-visitaron-la-universidad-catolica-de-colombia\/\"},\"wordCount\":701,\"publisher\":{\"@id\":\"https:\/\/www.ucatolica.edu.co\/portal\/#organization\"},\"image\":{\"@id\":\"https:\/\/www.ucatolica.edu.co\/portal\/construyendo-proyecto-de-vida-estudiantes-del-colegio-andres-escobar-visitaron-la-universidad-catolica-de-colombia\/#primaryimage\"},\"thumbnailUrl\":\"https:\/\/www.ucatolica.edu.co\/portal\/wp-content\/uploads\/2026\/03\/Grupo-de-estudiantes-sonriendo-1.jpg\",\"keywords\":[\"Colegio\",\"Impulsar historias\",\"Universidad Cat\u00f3lica de Colombia\"],\"articleSection\":[\"Noticias Principales\"],\"inLanguage\":\"es-CO\"},{\"@type\":\"WebPage\",\"@id\":\"https:\/\/www.ucatolica.edu.co\/portal\/construyendo-proyecto-de-vida-estudiantes-del-colegio-andres-escobar-visitaron-la-universidad-catolica-de-colombia\/\",\"url\":\"https:\/\/www.ucatolica.edu.co\/portal\/construyendo-proyecto-de-vida-estudiantes-del-colegio-andres-escobar-visitaron-la-universidad-catolica-de-colombia\/\",\"name\":\"Construyendo proyecto de vida: estudiantes del Colegio Andr\u00e9s Escobar visitaron la Universidad Cat\u00f3lica de Colombia - Universidad Cat\u00f3lica De Colombia\",\"isPartOf\":{\"@id\":\"https:\/\/www.ucatolica.edu.co\/portal\/#website\"},\"primaryImageOfPage\":{\"@id\":\"https:\/\/www.ucatolica.edu.co\/portal\/construyendo-proyecto-de-vida-estudiantes-del-colegio-andres-escobar-visitaron-la-universidad-catolica-de-colombia\/#primaryimage\"},\"image\":{\"@id\":\"https:\/\/www.ucatolica.edu.co\/portal\/construyendo-proyecto-de-vida-estudiantes-del-colegio-andres-escobar-visitaron-la-universidad-catolica-de-colombia\/#primaryimage\"},\"thumbnailUrl\":\"https:\/\/www.ucatolica.edu.co\/portal\/wp-content\/uploads\/2026\/03\/Grupo-de-estudiantes-sonriendo-1.jpg\",\"datePublished\":\"2026-03-03T19:45:53+00:00\",\"dateModified\":\"2026-03-03T21:35:42+00:00\",\"breadcrumb\":{\"@id\":\"https:\/\/www.ucatolica.edu.co\/portal\/construyendo-proyecto-de-vida-estudiantes-del-colegio-andres-escobar-visitaron-la-universidad-catolica-de-colombia\/#breadcrumb\"},\"inLanguage\":\"es-CO\",\"potentialAction\":[{\"@type\":\"ReadAction\",\"target\":[\"https:\/\/www.ucatolica.edu.co\/portal\/construyendo-proyecto-de-vida-estudiantes-del-colegio-andres-escobar-visitaron-la-universidad-catolica-de-colombia\/\"]}]},{\"@type\":\"ImageObject\",\"inLanguage\":\"es-CO\",\"@id\":\"https:\/\/www.ucatolica.edu.co\/portal\/construyendo-proyecto-de-vida-estudiantes-del-colegio-andres-escobar-visitaron-la-universidad-catolica-de-colombia\/#primaryimage\",\"url\":\"https:\/\/www.ucatolica.edu.co\/portal\/wp-content\/uploads\/2026\/03\/Grupo-de-estudiantes-sonriendo-1.jpg\",\"contentUrl\":\"https:\/\/www.ucatolica.edu.co\/portal\/wp-content\/uploads\/2026\/03\/Grupo-de-estudiantes-sonriendo-1.jpg\",\"width\":871,\"height\":523,\"caption\":\"Grupo de estudiantes sonriendo\"},{\"@type\":\"BreadcrumbList\",\"@id\":\"https:\/\/www.ucatolica.edu.co\/portal\/construyendo-proyecto-de-vida-estudiantes-del-colegio-andres-escobar-visitaron-la-universidad-catolica-de-colombia\/#breadcrumb\",\"itemListElement\":[{\"@type\":\"ListItem\",\"position\":1,\"name\":\"Inicio\",\"item\":\"https:\/\/www.ucatolica.edu.co\/portal\/\"},{\"@type\":\"ListItem\",\"position\":2,\"name\":\"Construyendo proyecto de vida: estudiantes del Colegio Andr\u00e9s Escobar visitaron la Universidad Cat\u00f3lica de Colombia\"}]},{\"@type\":\"WebSite\",\"@id\":\"https:\/\/www.ucatolica.edu.co\/portal\/#website\",\"url\":\"https:\/\/www.ucatolica.edu.co\/portal\/\",\"name\":\"Universidad Cat\u00f3lica De Colombia\",\"description\":\"Universidad Cat\u00f3lica De Colombia\",\"publisher\":{\"@id\":\"https:\/\/www.ucatolica.edu.co\/portal\/#organization\"},\"potentialAction\":[{\"@type\":\"SearchAction\",\"target\":{\"@type\":\"EntryPoint\",\"urlTemplate\":\"https:\/\/www.ucatolica.edu.co\/portal\/?s={search_term_string}\"},\"query-input\":{\"@type\":\"PropertyValueSpecification\",\"valueRequired\":true,\"valueName\":\"search_term_string\"}}],\"inLanguage\":\"es-CO\"},{\"@type\":\"Organization\",\"@id\":\"https:\/\/www.ucatolica.edu.co\/portal\/#organization\",\"name\":\"Universidad Cat\u00f3lica de Colombia\",\"url\":\"https:\/\/www.ucatolica.edu.co\/portal\/\",\"logo\":{\"@type\":\"ImageObject\",\"inLanguage\":\"es-CO\",\"@id\":\"https:\/\/www.ucatolica.edu.co\/portal\/#\/schema\/logo\/image\/\",\"url\":\"https:\/\/www.ucatolica.edu.co\/portal\/wp-content\/uploads\/2021\/06\/logo-header-ho-1.svg\",\"contentUrl\":\"https:\/\/www.ucatolica.edu.co\/portal\/wp-content\/uploads\/2021\/06\/logo-header-ho-1.svg\",\"width\":1,\"height\":1,\"caption\":\"Universidad Cat\u00f3lica de Colombia\"},\"image\":{\"@id\":\"https:\/\/www.ucatolica.edu.co\/portal\/#\/schema\/logo\/image\/\"},\"sameAs\":[\"https:\/\/www.facebook.com\/ucatolicacolombia\",\"https:\/\/x.com\/UCatolicaCol\",\"https:\/\/www.instagram.com\/universidadcatolicadecolombia\/\",\"https:\/\/www.linkedin.com\/company\/universidadcatolicadecolombia\/\",\"https:\/\/www.youtube.com\/user\/UCatolicaCo\"]},{\"@type\":\"Person\",\"@id\":\"https:\/\/www.ucatolica.edu.co\/portal\/#\/schema\/person\/c03ebc5b4f80ce7b8947aa9ddece408a\",\"name\":\"Leidy Dayanna Jaramillo Tavera\",\"url\":\"https:\/\/www.ucatolica.edu.co\/portal\/author\/dayana\/\"}]}<\/script>\n<!-- \/ Yoast SEO plugin. -->","yoast_head_json":{"title":"Construyendo proyecto de vida: estudiantes del Colegio Andr\u00e9s Escobar visitaron la Universidad Cat\u00f3lica de Colombia - Universidad Cat\u00f3lica De Colombia","robots":{"index":"index","follow":"follow","max-snippet":"max-snippet:-1","max-image-preview":"max-image-preview:large","max-video-preview":"max-video-preview:-1"},"canonical":"https:\/\/www.ucatolica.edu.co\/portal\/construyendo-proyecto-de-vida-estudiantes-del-colegio-andres-escobar-visitaron-la-universidad-catolica-de-colombia\/","og_locale":"es_ES","og_type":"article","og_title":"Construyendo proyecto de vida: estudiantes del Colegio Andr\u00e9s Escobar visitaron la Universidad Cat\u00f3lica de Colombia - Universidad Cat\u00f3lica De Colombia","og_description":"El pasado viernes 27 de febrero, la Universidad Cat\u00f3lica de Colombia abri\u00f3 sus puertas a 72 estudiantes y 3 docentes del Colegio Andr\u00e9s Escobar de grados d\u00e9cimo y und\u00e9cimo, quienes participaron en una jornada de inmersi\u00f3n acad\u00e9mica y cultural. La experiencia inici\u00f3 con una bienvenida institucional liderada por el equipo de Bienestar Universitario, espacio en [&hellip;]","og_url":"https:\/\/www.ucatolica.edu.co\/portal\/construyendo-proyecto-de-vida-estudiantes-del-colegio-andres-escobar-visitaron-la-universidad-catolica-de-colombia\/","og_site_name":"Universidad Cat\u00f3lica De Colombia","article_publisher":"https:\/\/www.facebook.com\/ucatolicacolombia","article_published_time":"2026-03-03T19:45:53+00:00","article_modified_time":"2026-03-03T21:35:42+00:00","og_image":[{"width":871,"height":523,"url":"https:\/\/www.ucatolica.edu.co\/portal\/wp-content\/uploads\/2026\/03\/Grupo-de-estudiantes-sonriendo-1.jpg","type":"image\/jpeg"}],"author":"Leidy Dayanna Jaramillo Tavera","twitter_card":"summary_large_image","twitter_creator":"@UCatolicaCol","twitter_site":"@UCatolicaCol","twitter_misc":{"Escrito por":"Leidy Dayanna Jaramillo Tavera","Tiempo de lectura":"3 minutos"},"schema":{"@context":"https:\/\/schema.org","@graph":[{"@type":"Article","@id":"https:\/\/www.ucatolica.edu.co\/portal\/construyendo-proyecto-de-vida-estudiantes-del-colegio-andres-escobar-visitaron-la-universidad-catolica-de-colombia\/#article","isPartOf":{"@id":"https:\/\/www.ucatolica.edu.co\/portal\/construyendo-proyecto-de-vida-estudiantes-del-colegio-andres-escobar-visitaron-la-universidad-catolica-de-colombia\/"},"author":{"name":"Leidy Dayanna Jaramillo Tavera","@id":"https:\/\/www.ucatolica.edu.co\/portal\/#\/schema\/person\/c03ebc5b4f80ce7b8947aa9ddece408a"},"headline":"Construyendo proyecto de vida: estudiantes del Colegio Andr\u00e9s Escobar visitaron la Universidad Cat\u00f3lica de Colombia","datePublished":"2026-03-03T19:45:53+00:00","dateModified":"2026-03-03T21:35:42+00:00","mainEntityOfPage":{"@id":"https:\/\/www.ucatolica.edu.co\/portal\/construyendo-proyecto-de-vida-estudiantes-del-colegio-andres-escobar-visitaron-la-universidad-catolica-de-colombia\/"},"wordCount":701,"publisher":{"@id":"https:\/\/www.ucatolica.edu.co\/portal\/#organization"},"image":{"@id":"https:\/\/www.ucatolica.edu.co\/portal\/construyendo-proyecto-de-vida-estudiantes-del-colegio-andres-escobar-visitaron-la-universidad-catolica-de-colombia\/#primaryimage"},"thumbnailUrl":"https:\/\/www.ucatolica.edu.co\/portal\/wp-content\/uploads\/2026\/03\/Grupo-de-estudiantes-sonriendo-1.jpg","keywords":["Colegio","Impulsar historias","Universidad Cat\u00f3lica de Colombia"],"articleSection":["Noticias Principales"],"inLanguage":"es-CO"},{"@type":"WebPage","@id":"https:\/\/www.ucatolica.edu.co\/portal\/construyendo-proyecto-de-vida-estudiantes-del-colegio-andres-escobar-visitaron-la-universidad-catolica-de-colombia\/","url":"https:\/\/www.ucatolica.edu.co\/portal\/construyendo-proyecto-de-vida-estudiantes-del-colegio-andres-escobar-visitaron-la-universidad-catolica-de-colombia\/","name":"Construyendo proyecto de vida: estudiantes del Colegio Andr\u00e9s Escobar visitaron la Universidad Cat\u00f3lica de Colombia - Universidad Cat\u00f3lica De Colombia","isPartOf":{"@id":"https:\/\/www.ucatolica.edu.co\/portal\/#website"},"primaryImageOfPage":{"@id":"https:\/\/www.ucatolica.edu.co\/portal\/construyendo-proyecto-de-vida-estudiantes-del-colegio-andres-escobar-visitaron-la-universidad-catolica-de-colombia\/#primaryimage"},"image":{"@id":"https:\/\/www.ucatolica.edu.co\/portal\/construyendo-proyecto-de-vida-estudiantes-del-colegio-andres-escobar-visitaron-la-universidad-catolica-de-colombia\/#primaryimage"},"thumbnailUrl":"https:\/\/www.ucatolica.edu.co\/portal\/wp-content\/uploads\/2026\/03\/Grupo-de-estudiantes-sonriendo-1.jpg","datePublished":"2026-03-03T19:45:53+00:00","dateModified":"2026-03-03T21:35:42+00:00","breadcrumb":{"@id":"https:\/\/www.ucatolica.edu.co\/portal\/construyendo-proyecto-de-vida-estudiantes-del-colegio-andres-escobar-visitaron-la-universidad-catolica-de-colombia\/#breadcrumb"},"inLanguage":"es-CO","potentialAction":[{"@type":"ReadAction","target":["https:\/\/www.ucatolica.edu.co\/portal\/construyendo-proyecto-de-vida-estudiantes-del-colegio-andres-escobar-visitaron-la-universidad-catolica-de-colombia\/"]}]},{"@type":"ImageObject","inLanguage":"es-CO","@id":"https:\/\/www.ucatolica.edu.co\/portal\/construyendo-proyecto-de-vida-estudiantes-del-colegio-andres-escobar-visitaron-la-universidad-catolica-de-colombia\/#primaryimage","url":"https:\/\/www.ucatolica.edu.co\/portal\/wp-content\/uploads\/2026\/03\/Grupo-de-estudiantes-sonriendo-1.jpg","contentUrl":"https:\/\/www.ucatolica.edu.co\/portal\/wp-content\/uploads\/2026\/03\/Grupo-de-estudiantes-sonriendo-1.jpg","width":871,"height":523,"caption":"Grupo de estudiantes sonriendo"},{"@type":"BreadcrumbList","@id":"https:\/\/www.ucatolica.edu.co\/portal\/construyendo-proyecto-de-vida-estudiantes-del-colegio-andres-escobar-visitaron-la-universidad-catolica-de-colombia\/#breadcrumb","itemListElement":[{"@type":"ListItem","position":1,"name":"Inicio","item":"https:\/\/www.ucatolica.edu.co\/portal\/"},{"@type":"ListItem","position":2,"name":"Construyendo proyecto de vida: estudiantes del Colegio Andr\u00e9s Escobar visitaron la Universidad Cat\u00f3lica de Colombia"}]},{"@type":"WebSite","@id":"https:\/\/www.ucatolica.edu.co\/portal\/#website","url":"https:\/\/www.ucatolica.edu.co\/portal\/","name":"Universidad Cat\u00f3lica De Colombia","description":"Universidad Cat\u00f3lica De Colombia","publisher":{"@id":"https:\/\/www.ucatolica.edu.co\/portal\/#organization"},"potentialAction":[{"@type":"SearchAction","target":{"@type":"EntryPoint","urlTemplate":"https:\/\/www.ucatolica.edu.co\/portal\/?s={search_term_string}"},"query-input":{"@type":"PropertyValueSpecification","valueRequired":true,"valueName":"search_term_string"}}],"inLanguage":"es-CO"},{"@type":"Organization","@id":"https:\/\/www.ucatolica.edu.co\/portal\/#organization","name":"Universidad Cat\u00f3lica de Colombia","url":"https:\/\/www.ucatolica.edu.co\/portal\/","logo":{"@type":"ImageObject","inLanguage":"es-CO","@id":"https:\/\/www.ucatolica.edu.co\/portal\/#\/schema\/logo\/image\/","url":"https:\/\/www.ucatolica.edu.co\/portal\/wp-content\/uploads\/2021\/06\/logo-header-ho-1.svg","contentUrl":"https:\/\/www.ucatolica.edu.co\/portal\/wp-content\/uploads\/2021\/06\/logo-header-ho-1.svg","width":1,"height":1,"caption":"Universidad Cat\u00f3lica de Colombia"},"image":{"@id":"https:\/\/www.ucatolica.edu.co\/portal\/#\/schema\/logo\/image\/"},"sameAs":["https:\/\/www.facebook.com\/ucatolicacolombia","https:\/\/x.com\/UCatolicaCol","https:\/\/www.instagram.com\/universidadcatolicadecolombia\/","https:\/\/www.linkedin.com\/company\/universidadcatolicadecolombia\/","https:\/\/www.youtube.com\/user\/UCatolicaCo"]},{"@type":"Person","@id":"https:\/\/www.ucatolica.edu.co\/portal\/#\/schema\/person\/c03ebc5b4f80ce7b8947aa9ddece408a","name":"Leidy Dayanna Jaramillo Tavera","url":"https:\/\/www.ucatolica.edu.co\/portal\/author\/dayana\/"}]}},"author_meta":{"display_name":"Leidy Dayanna Jaramillo Tavera","author_link":"https:\/\/www.ucatolica.edu.co\/portal\/author\/dayana\/"},"featured_img":"https:\/\/www.ucatolica.edu.co\/portal\/wp-content\/uploads\/2026\/03\/Grupo-de-estudiantes-sonriendo-1.jpg","coauthors":[],"tax_additional":{"categories":{"linked":["<a href=\"https:\/\/www.ucatolica.edu.co\/portal\/category\/noticias-principales\/\" class=\"advgb-post-tax-term\">Noticias Principales<\/a>"],"unlinked":["<span class=\"advgb-post-tax-term\">Noticias Principales<\/span>"]},"tags":{"linked":["<a href=\"https:\/\/www.ucatolica.edu.co\/portal\/category\/noticias-principales\/\" class=\"advgb-post-tax-term\">Colegio<\/a>","<a href=\"https:\/\/www.ucatolica.edu.co\/portal\/category\/noticias-principales\/\" class=\"advgb-post-tax-term\">Impulsar historias<\/a>","<a href=\"https:\/\/www.ucatolica.edu.co\/portal\/category\/noticias-principales\/\" class=\"advgb-post-tax-term\">Universidad Cat\u00f3lica de Colombia<\/a>"],"unlinked":["<span class=\"advgb-post-tax-term\">Colegio<\/span>","<span class=\"advgb-post-tax-term\">Impulsar historias<\/span>","<span class=\"advgb-post-tax-term\">Universidad Cat\u00f3lica de Colombia<\/span>"]}},"comment_count":"0","relative_dates":{"created":"Posted 2 meses ago","modified":"Updated 2 meses ago"},"absolute_dates":{"created":"Posted on 3 marzo, 2026","modified":"Updated on 3 marzo, 2026"},"absolute_dates_time":{"created":"Posted on 3 marzo, 2026 2:45 pm","modified":"Updated on 3 marzo, 2026 4:35 pm"},"featured_img_caption":"","series_order":"","_links":{"self":[{"href":"https:\/\/www.ucatolica.edu.co\/portal\/wp-json\/wp\/v2\/posts\/130434","targetHints":{"allow":["GET"]}}],"collection":[{"href":"https:\/\/www.ucatolica.edu.co\/portal\/wp-json\/wp\/v2\/posts"}],"about":[{"href":"https:\/\/www.ucatolica.edu.co\/portal\/wp-json\/wp\/v2\/types\/post"}],"author":[{"embeddable":true,"href":"https:\/\/www.ucatolica.edu.co\/portal\/wp-json\/wp\/v2\/users\/61"}],"replies":[{"embeddable":true,"href":"https:\/\/www.ucatolica.edu.co\/portal\/wp-json\/wp\/v2\/comments?post=130434"}],"version-history":[{"count":7,"href":"https:\/\/www.ucatolica.edu.co\/portal\/wp-json\/wp\/v2\/posts\/130434\/revisions"}],"predecessor-version":[{"id":130468,"href":"https:\/\/www.ucatolica.edu.co\/portal\/wp-json\/wp\/v2\/posts\/130434\/revisions\/130468"}],"wp:featuredmedia":[{"embeddable":true,"href":"https:\/\/www.ucatolica.edu.co\/portal\/wp-json\/wp\/v2\/media\/130454"}],"wp:attachment":[{"href":"https:\/\/www.ucatolica.edu.co\/portal\/wp-json\/wp\/v2\/media?parent=130434"}],"wp:term":[{"taxonomy":"category","embeddable":true,"href":"https:\/\/www.ucatolica.edu.co\/portal\/wp-json\/wp\/v2\/categories?post=130434"},{"taxonomy":"post_tag","embeddable":true,"href":"https:\/\/www.ucatolica.edu.co\/portal\/wp-json\/wp\/v2\/tags?post=130434"}],"curies":[{"name":"wp","href":"https:\/\/api.w.org\/{rel}","templated":true}]}}