{"id":130442,"date":"2026-03-03T17:48:34","date_gmt":"2026-03-03T22:48:34","guid":{"rendered":"https:\/\/www.ucatolica.edu.co\/portal\/?p=130442"},"modified":"2026-03-03T17:49:08","modified_gmt":"2026-03-03T22:49:08","slug":"comprometidos-con-la-excelencia-docente-99-profesores-tutores-reciben-certificacion-institucional-en-permanencia-estudiantil","status":"publish","type":"post","link":"https:\/\/www.ucatolica.edu.co\/portal\/comprometidos-con-la-excelencia-docente-99-profesores-tutores-reciben-certificacion-institucional-en-permanencia-estudiantil\/","title":{"rendered":"Comprometidos con la excelencia docente: 99 profesores tutores reciben certificaci\u00f3n institucional en Permanencia Estudiantil"},"content":{"rendered":"\n<p>Durante el periodo 2025-3, la <strong>Vicerrector\u00eda Acad\u00e9mica de la Universidad Cat\u00f3lica de Colombia<\/strong>, a trav\u00e9s de la Coordinaci\u00f3n de Permanencia Estudiantil, certific\u00f3 a 99 profesores tutores como <strong>\u201cTutor acad\u00e9mico formado en permanencia estudiantil, modelo de tutor\u00edas, educaci\u00f3n inclusiva y apoyo socioemocional\u201d<\/strong>.<\/p>\n\n\n\n<p>Esta certificaci\u00f3n, con vigencia de dos a\u00f1os y alineada con el Acuerdo No. 365 de 2024, reconoce el cumplimiento riguroso de una ruta formativa que incluye un taller de actualizaci\u00f3n por semestre en temas clave de tutor\u00eda, inclusi\u00f3n y acompa\u00f1amiento socioemocional. El prop\u00f3sito es garantizar que los apoyos acad\u00e9micos ofrecidos respondan de manera pertinente a las necesidades emergentes de los estudiantes.<\/p>\n\n\n\n<p><strong>Los cinco talleres que conformaron este proceso fueron:<\/strong><\/p>\n\n\n\n<ol class=\"wp-block-list\">\n<li>Pol\u00edtica de Permanencia y Graduaci\u00f3n Oportuna<\/li>\n\n\n\n<li>Modelo institucional de tutor\u00edas y perfil del tutor acad\u00e9mico<\/li>\n\n\n\n<li>Componentes socioemocionales y pedag\u00f3gicos de la tutor\u00eda acad\u00e9mica<\/li>\n\n\n\n<li>Tejiendo inclusi\u00f3n educativa: hilos de apoyos pedag\u00f3gicos para estudiantes<\/li>\n\n\n\n<li>Docentes preparados, alumnos protegidos: gu\u00eda pr\u00e1ctica para el apoyo emocional<\/li>\n<\/ol>\n\n\n\n<p>Adem\u00e1s de recibir la insignia institucional, los profesores certificados alcanzaron un alto desempe\u00f1o en el indicador institucional de eficacia, reflejando calidad, compromiso y responsabilidad en su labor tutorial.<\/p>\n\n\n\n<figure class=\"wp-block-gallery has-nested-images columns-default is-cropped wp-block-gallery-1 is-layout-flex wp-block-gallery-is-layout-flex\">\n<figure class=\"wp-block-image size-large\"><img fetchpriority=\"high\" decoding=\"async\" width=\"870\" height=\"522\" data-id=\"123008\" src=\"https:\/\/www.ucatolica.edu.co\/portal\/wp-content\/uploads\/2025\/10\/Docentes-preparados-alumnos-protegidos-2.png\" alt=\"\" class=\"wp-image-123008\" \/><\/figure>\n\n\n\n<figure class=\"wp-block-image size-large\"><img decoding=\"async\" width=\"354\" height=\"545\" data-id=\"130447\" src=\"https:\/\/www.ucatolica.edu.co\/portal\/wp-content\/uploads\/2026\/03\/Insignia-Certificado-tutor.jpg\" alt=\"\" class=\"wp-image-130447\" \/><\/figure>\n\n\n\n<figure class=\"wp-block-image size-large\"><img decoding=\"async\" width=\"870\" height=\"522\" data-id=\"123009\" src=\"https:\/\/www.ucatolica.edu.co\/portal\/wp-content\/uploads\/2025\/10\/Docentes-preparados-alumnos-protegidos.png\" alt=\"\" class=\"wp-image-123009\" \/><\/figure>\n<\/figure>\n\n\n\n<h3 class=\"wp-block-heading\">Resultados que evidencian impacto<\/h3>\n\n\n\n<p>La Evaluaci\u00f3n de Tutor\u00edas 2025-3 confirma la efectividad del modelo institucional:<\/p>\n\n\n\n<ul class=\"wp-block-list\">\n<li>97% de los estudiantes asegura que las tutor\u00edas resuelven sus inquietudes acad\u00e9micas.<\/li>\n\n\n\n<li>96% considera que el acompa\u00f1amiento mejora su rendimiento.<\/li>\n\n\n\n<li>97,2% resalta la calidez y profesionalismo de sus tutores.<\/li>\n\n\n\n<li>Los indicadores de comunicaci\u00f3n (90%) y acompa\u00f1amiento (95%) evidencian una tutor\u00eda que orienta, motiva y fortalece la confianza estudiantil.<\/li>\n<\/ul>\n\n\n\n<p><strong>Presencia en todas las facultades<\/strong><\/p>\n\n\n\n<p>Los 99 docentes certificados pertenecen a distintas unidades acad\u00e9micas, lo que demuestra el alcance institucional del modelo de permanencia:<\/p>\n\n\n<div class=\"wp-block-image\">\n<figure class=\"aligncenter size-full is-resized\"><img loading=\"lazy\" decoding=\"async\" width=\"680\" height=\"410\" src=\"https:\/\/www.ucatolica.edu.co\/portal\/wp-content\/uploads\/2026\/03\/docentes-Permanencia.png\" alt=\"\" class=\"wp-image-130446\" style=\"width:604px;height:auto\" \/><\/figure>\n<\/div>\n\n\n<p>Con estas acciones, la Universidad consolida la tutor\u00eda acad\u00e9mica como un pilar estrat\u00e9gico para la permanencia y la graduaci\u00f3n oportuna, garantizando a sus estudiantes un acompa\u00f1amiento experto, humano y pertinente.<\/p>\n","protected":false},"excerpt":{"rendered":"<p>Durante el periodo 2025-3, la Vicerrector\u00eda Acad\u00e9mica de la Universidad Cat\u00f3lica de Colombia, a trav\u00e9s de la Coordinaci\u00f3n de Permanencia Estudiantil, certific\u00f3 a 99 profesores tutores como \u201cTutor acad\u00e9mico formado en permanencia estudiantil, modelo de tutor\u00edas, educaci\u00f3n inclusiva y apoyo socioemocional\u201d. Esta certificaci\u00f3n, con vigencia de dos a\u00f1os y alineada con el Acuerdo No. 365 [&hellip;]<\/p>\n","protected":false},"author":65,"featured_media":123008,"comment_status":"closed","ping_status":"closed","sticky":false,"template":"","format":"standard","meta":{"_acf_changed":false,"advgb_blocks_editor_width":"","advgb_blocks_columns_visual_guide":"","footnotes":""},"categories":[93],"tags":[634,969,2812],"class_list":["post-130442","post","type-post","status-publish","format-standard","has-post-thumbnail","hentry","category-noticias-principales","tag-permanencia-estuadiantil","tag-docente","tag-tutores-academicos"],"acf":[],"yoast_head":"<!-- This site is optimized with the Yoast SEO plugin v26.7 - https:\/\/yoast.com\/wordpress\/plugins\/seo\/ -->\n<title>Comprometidos con la excelencia docente: 99 profesores tutores reciben certificaci\u00f3n institucional en Permanencia Estudiantil - Universidad Cat\u00f3lica De Colombia<\/title>\n<meta name=\"robots\" content=\"index, follow, max-snippet:-1, max-image-preview:large, max-video-preview:-1\" \/>\n<link rel=\"canonical\" href=\"https:\/\/www.ucatolica.edu.co\/portal\/comprometidos-con-la-excelencia-docente-99-profesores-tutores-reciben-certificacion-institucional-en-permanencia-estudiantil\/\" \/>\n<meta property=\"og:locale\" content=\"es_ES\" \/>\n<meta property=\"og:type\" content=\"article\" \/>\n<meta property=\"og:title\" content=\"Comprometidos con la excelencia docente: 99 profesores tutores reciben certificaci\u00f3n institucional en Permanencia Estudiantil - Universidad Cat\u00f3lica De Colombia\" \/>\n<meta property=\"og:description\" content=\"Durante el periodo 2025-3, la Vicerrector\u00eda Acad\u00e9mica de la Universidad Cat\u00f3lica de Colombia, a trav\u00e9s de la Coordinaci\u00f3n de Permanencia Estudiantil, certific\u00f3 a 99 profesores tutores como \u201cTutor acad\u00e9mico formado en permanencia estudiantil, modelo de tutor\u00edas, educaci\u00f3n inclusiva y apoyo socioemocional\u201d. Esta certificaci\u00f3n, con vigencia de dos a\u00f1os y alineada con el Acuerdo No. 365 [&hellip;]\" \/>\n<meta property=\"og:url\" content=\"https:\/\/www.ucatolica.edu.co\/portal\/comprometidos-con-la-excelencia-docente-99-profesores-tutores-reciben-certificacion-institucional-en-permanencia-estudiantil\/\" \/>\n<meta property=\"og:site_name\" content=\"Universidad Cat\u00f3lica De Colombia\" \/>\n<meta property=\"article:publisher\" content=\"https:\/\/www.facebook.com\/ucatolicacolombia\" \/>\n<meta property=\"article:published_time\" content=\"2026-03-03T22:48:34+00:00\" \/>\n<meta property=\"article:modified_time\" content=\"2026-03-03T22:49:08+00:00\" \/>\n<meta property=\"og:image\" content=\"https:\/\/www.ucatolica.edu.co\/portal\/wp-content\/uploads\/2025\/10\/Docentes-preparados-alumnos-protegidos-2.png\" \/>\n\t<meta property=\"og:image:width\" content=\"870\" \/>\n\t<meta property=\"og:image:height\" content=\"522\" \/>\n\t<meta property=\"og:image:type\" content=\"image\/png\" \/>\n<meta name=\"author\" content=\"Juan Jos\u00e9 Franco\" \/>\n<meta name=\"twitter:card\" content=\"summary_large_image\" \/>\n<meta name=\"twitter:creator\" content=\"@UCatolicaCol\" \/>\n<meta name=\"twitter:site\" content=\"@UCatolicaCol\" \/>\n<meta name=\"twitter:label1\" content=\"Escrito por\" \/>\n\t<meta name=\"twitter:data1\" content=\"Juan Jos\u00e9 Franco\" \/>\n\t<meta name=\"twitter:label2\" content=\"Tiempo de lectura\" \/>\n\t<meta name=\"twitter:data2\" content=\"2 minutos\" \/>\n<script type=\"application\/ld+json\" class=\"yoast-schema-graph\">{\"@context\":\"https:\/\/schema.org\",\"@graph\":[{\"@type\":\"Article\",\"@id\":\"https:\/\/www.ucatolica.edu.co\/portal\/comprometidos-con-la-excelencia-docente-99-profesores-tutores-reciben-certificacion-institucional-en-permanencia-estudiantil\/#article\",\"isPartOf\":{\"@id\":\"https:\/\/www.ucatolica.edu.co\/portal\/comprometidos-con-la-excelencia-docente-99-profesores-tutores-reciben-certificacion-institucional-en-permanencia-estudiantil\/\"},\"author\":{\"name\":\"Juan Jos\u00e9 Franco\",\"@id\":\"https:\/\/www.ucatolica.edu.co\/portal\/#\/schema\/person\/2fe10d3836c8b18a520cbf458d96a728\"},\"headline\":\"Comprometidos con la excelencia docente: 99 profesores tutores reciben certificaci\u00f3n institucional en Permanencia Estudiantil\",\"datePublished\":\"2026-03-03T22:48:34+00:00\",\"dateModified\":\"2026-03-03T22:49:08+00:00\",\"mainEntityOfPage\":{\"@id\":\"https:\/\/www.ucatolica.edu.co\/portal\/comprometidos-con-la-excelencia-docente-99-profesores-tutores-reciben-certificacion-institucional-en-permanencia-estudiantil\/\"},\"wordCount\":345,\"publisher\":{\"@id\":\"https:\/\/www.ucatolica.edu.co\/portal\/#organization\"},\"image\":{\"@id\":\"https:\/\/www.ucatolica.edu.co\/portal\/comprometidos-con-la-excelencia-docente-99-profesores-tutores-reciben-certificacion-institucional-en-permanencia-estudiantil\/#primaryimage\"},\"thumbnailUrl\":\"https:\/\/www.ucatolica.edu.co\/portal\/wp-content\/uploads\/2025\/10\/Docentes-preparados-alumnos-protegidos-2.png\",\"keywords\":[\"Permanencia Estuadiantil\",\"Profesor\",\"Tutores Acad\u00e9micos\"],\"articleSection\":[\"Noticias Principales\"],\"inLanguage\":\"es-CO\"},{\"@type\":\"WebPage\",\"@id\":\"https:\/\/www.ucatolica.edu.co\/portal\/comprometidos-con-la-excelencia-docente-99-profesores-tutores-reciben-certificacion-institucional-en-permanencia-estudiantil\/\",\"url\":\"https:\/\/www.ucatolica.edu.co\/portal\/comprometidos-con-la-excelencia-docente-99-profesores-tutores-reciben-certificacion-institucional-en-permanencia-estudiantil\/\",\"name\":\"Comprometidos con la excelencia docente: 99 profesores tutores reciben certificaci\u00f3n institucional en Permanencia Estudiantil - Universidad Cat\u00f3lica De Colombia\",\"isPartOf\":{\"@id\":\"https:\/\/www.ucatolica.edu.co\/portal\/#website\"},\"primaryImageOfPage\":{\"@id\":\"https:\/\/www.ucatolica.edu.co\/portal\/comprometidos-con-la-excelencia-docente-99-profesores-tutores-reciben-certificacion-institucional-en-permanencia-estudiantil\/#primaryimage\"},\"image\":{\"@id\":\"https:\/\/www.ucatolica.edu.co\/portal\/comprometidos-con-la-excelencia-docente-99-profesores-tutores-reciben-certificacion-institucional-en-permanencia-estudiantil\/#primaryimage\"},\"thumbnailUrl\":\"https:\/\/www.ucatolica.edu.co\/portal\/wp-content\/uploads\/2025\/10\/Docentes-preparados-alumnos-protegidos-2.png\",\"datePublished\":\"2026-03-03T22:48:34+00:00\",\"dateModified\":\"2026-03-03T22:49:08+00:00\",\"breadcrumb\":{\"@id\":\"https:\/\/www.ucatolica.edu.co\/portal\/comprometidos-con-la-excelencia-docente-99-profesores-tutores-reciben-certificacion-institucional-en-permanencia-estudiantil\/#breadcrumb\"},\"inLanguage\":\"es-CO\",\"potentialAction\":[{\"@type\":\"ReadAction\",\"target\":[\"https:\/\/www.ucatolica.edu.co\/portal\/comprometidos-con-la-excelencia-docente-99-profesores-tutores-reciben-certificacion-institucional-en-permanencia-estudiantil\/\"]}]},{\"@type\":\"ImageObject\",\"inLanguage\":\"es-CO\",\"@id\":\"https:\/\/www.ucatolica.edu.co\/portal\/comprometidos-con-la-excelencia-docente-99-profesores-tutores-reciben-certificacion-institucional-en-permanencia-estudiantil\/#primaryimage\",\"url\":\"https:\/\/www.ucatolica.edu.co\/portal\/wp-content\/uploads\/2025\/10\/Docentes-preparados-alumnos-protegidos-2.png\",\"contentUrl\":\"https:\/\/www.ucatolica.edu.co\/portal\/wp-content\/uploads\/2025\/10\/Docentes-preparados-alumnos-protegidos-2.png\",\"width\":870,\"height\":522},{\"@type\":\"BreadcrumbList\",\"@id\":\"https:\/\/www.ucatolica.edu.co\/portal\/comprometidos-con-la-excelencia-docente-99-profesores-tutores-reciben-certificacion-institucional-en-permanencia-estudiantil\/#breadcrumb\",\"itemListElement\":[{\"@type\":\"ListItem\",\"position\":1,\"name\":\"Inicio\",\"item\":\"https:\/\/www.ucatolica.edu.co\/portal\/\"},{\"@type\":\"ListItem\",\"position\":2,\"name\":\"Comprometidos con la excelencia docente: 99 profesores tutores reciben certificaci\u00f3n institucional en Permanencia Estudiantil\"}]},{\"@type\":\"WebSite\",\"@id\":\"https:\/\/www.ucatolica.edu.co\/portal\/#website\",\"url\":\"https:\/\/www.ucatolica.edu.co\/portal\/\",\"name\":\"Universidad Cat\u00f3lica De Colombia\",\"description\":\"Universidad Cat\u00f3lica De Colombia\",\"publisher\":{\"@id\":\"https:\/\/www.ucatolica.edu.co\/portal\/#organization\"},\"potentialAction\":[{\"@type\":\"SearchAction\",\"target\":{\"@type\":\"EntryPoint\",\"urlTemplate\":\"https:\/\/www.ucatolica.edu.co\/portal\/?s={search_term_string}\"},\"query-input\":{\"@type\":\"PropertyValueSpecification\",\"valueRequired\":true,\"valueName\":\"search_term_string\"}}],\"inLanguage\":\"es-CO\"},{\"@type\":\"Organization\",\"@id\":\"https:\/\/www.ucatolica.edu.co\/portal\/#organization\",\"name\":\"Universidad Cat\u00f3lica de Colombia\",\"url\":\"https:\/\/www.ucatolica.edu.co\/portal\/\",\"logo\":{\"@type\":\"ImageObject\",\"inLanguage\":\"es-CO\",\"@id\":\"https:\/\/www.ucatolica.edu.co\/portal\/#\/schema\/logo\/image\/\",\"url\":\"https:\/\/www.ucatolica.edu.co\/portal\/wp-content\/uploads\/2021\/06\/logo-header-ho-1.svg\",\"contentUrl\":\"https:\/\/www.ucatolica.edu.co\/portal\/wp-content\/uploads\/2021\/06\/logo-header-ho-1.svg\",\"width\":1,\"height\":1,\"caption\":\"Universidad Cat\u00f3lica de Colombia\"},\"image\":{\"@id\":\"https:\/\/www.ucatolica.edu.co\/portal\/#\/schema\/logo\/image\/\"},\"sameAs\":[\"https:\/\/www.facebook.com\/ucatolicacolombia\",\"https:\/\/x.com\/UCatolicaCol\",\"https:\/\/www.instagram.com\/universidadcatolicadecolombia\/\",\"https:\/\/www.linkedin.com\/company\/universidadcatolicadecolombia\/\",\"https:\/\/www.youtube.com\/user\/UCatolicaCo\"]},{\"@type\":\"Person\",\"@id\":\"https:\/\/www.ucatolica.edu.co\/portal\/#\/schema\/person\/2fe10d3836c8b18a520cbf458d96a728\",\"name\":\"Juan Jos\u00e9 Franco\",\"url\":\"https:\/\/www.ucatolica.edu.co\/portal\/author\/juan\/\"}]}<\/script>\n<!-- \/ Yoast SEO plugin. -->","yoast_head_json":{"title":"Comprometidos con la excelencia docente: 99 profesores tutores reciben certificaci\u00f3n institucional en Permanencia Estudiantil - Universidad Cat\u00f3lica De Colombia","robots":{"index":"index","follow":"follow","max-snippet":"max-snippet:-1","max-image-preview":"max-image-preview:large","max-video-preview":"max-video-preview:-1"},"canonical":"https:\/\/www.ucatolica.edu.co\/portal\/comprometidos-con-la-excelencia-docente-99-profesores-tutores-reciben-certificacion-institucional-en-permanencia-estudiantil\/","og_locale":"es_ES","og_type":"article","og_title":"Comprometidos con la excelencia docente: 99 profesores tutores reciben certificaci\u00f3n institucional en Permanencia Estudiantil - Universidad Cat\u00f3lica De Colombia","og_description":"Durante el periodo 2025-3, la Vicerrector\u00eda Acad\u00e9mica de la Universidad Cat\u00f3lica de Colombia, a trav\u00e9s de la Coordinaci\u00f3n de Permanencia Estudiantil, certific\u00f3 a 99 profesores tutores como \u201cTutor acad\u00e9mico formado en permanencia estudiantil, modelo de tutor\u00edas, educaci\u00f3n inclusiva y apoyo socioemocional\u201d. Esta certificaci\u00f3n, con vigencia de dos a\u00f1os y alineada con el Acuerdo No. 365 [&hellip;]","og_url":"https:\/\/www.ucatolica.edu.co\/portal\/comprometidos-con-la-excelencia-docente-99-profesores-tutores-reciben-certificacion-institucional-en-permanencia-estudiantil\/","og_site_name":"Universidad Cat\u00f3lica De Colombia","article_publisher":"https:\/\/www.facebook.com\/ucatolicacolombia","article_published_time":"2026-03-03T22:48:34+00:00","article_modified_time":"2026-03-03T22:49:08+00:00","og_image":[{"width":870,"height":522,"url":"https:\/\/www.ucatolica.edu.co\/portal\/wp-content\/uploads\/2025\/10\/Docentes-preparados-alumnos-protegidos-2.png","type":"image\/png"}],"author":"Juan Jos\u00e9 Franco","twitter_card":"summary_large_image","twitter_creator":"@UCatolicaCol","twitter_site":"@UCatolicaCol","twitter_misc":{"Escrito por":"Juan Jos\u00e9 Franco","Tiempo de lectura":"2 minutos"},"schema":{"@context":"https:\/\/schema.org","@graph":[{"@type":"Article","@id":"https:\/\/www.ucatolica.edu.co\/portal\/comprometidos-con-la-excelencia-docente-99-profesores-tutores-reciben-certificacion-institucional-en-permanencia-estudiantil\/#article","isPartOf":{"@id":"https:\/\/www.ucatolica.edu.co\/portal\/comprometidos-con-la-excelencia-docente-99-profesores-tutores-reciben-certificacion-institucional-en-permanencia-estudiantil\/"},"author":{"name":"Juan Jos\u00e9 Franco","@id":"https:\/\/www.ucatolica.edu.co\/portal\/#\/schema\/person\/2fe10d3836c8b18a520cbf458d96a728"},"headline":"Comprometidos con la excelencia docente: 99 profesores tutores reciben certificaci\u00f3n institucional en Permanencia Estudiantil","datePublished":"2026-03-03T22:48:34+00:00","dateModified":"2026-03-03T22:49:08+00:00","mainEntityOfPage":{"@id":"https:\/\/www.ucatolica.edu.co\/portal\/comprometidos-con-la-excelencia-docente-99-profesores-tutores-reciben-certificacion-institucional-en-permanencia-estudiantil\/"},"wordCount":345,"publisher":{"@id":"https:\/\/www.ucatolica.edu.co\/portal\/#organization"},"image":{"@id":"https:\/\/www.ucatolica.edu.co\/portal\/comprometidos-con-la-excelencia-docente-99-profesores-tutores-reciben-certificacion-institucional-en-permanencia-estudiantil\/#primaryimage"},"thumbnailUrl":"https:\/\/www.ucatolica.edu.co\/portal\/wp-content\/uploads\/2025\/10\/Docentes-preparados-alumnos-protegidos-2.png","keywords":["Permanencia Estuadiantil","Profesor","Tutores Acad\u00e9micos"],"articleSection":["Noticias Principales"],"inLanguage":"es-CO"},{"@type":"WebPage","@id":"https:\/\/www.ucatolica.edu.co\/portal\/comprometidos-con-la-excelencia-docente-99-profesores-tutores-reciben-certificacion-institucional-en-permanencia-estudiantil\/","url":"https:\/\/www.ucatolica.edu.co\/portal\/comprometidos-con-la-excelencia-docente-99-profesores-tutores-reciben-certificacion-institucional-en-permanencia-estudiantil\/","name":"Comprometidos con la excelencia docente: 99 profesores tutores reciben certificaci\u00f3n institucional en Permanencia Estudiantil - Universidad Cat\u00f3lica De Colombia","isPartOf":{"@id":"https:\/\/www.ucatolica.edu.co\/portal\/#website"},"primaryImageOfPage":{"@id":"https:\/\/www.ucatolica.edu.co\/portal\/comprometidos-con-la-excelencia-docente-99-profesores-tutores-reciben-certificacion-institucional-en-permanencia-estudiantil\/#primaryimage"},"image":{"@id":"https:\/\/www.ucatolica.edu.co\/portal\/comprometidos-con-la-excelencia-docente-99-profesores-tutores-reciben-certificacion-institucional-en-permanencia-estudiantil\/#primaryimage"},"thumbnailUrl":"https:\/\/www.ucatolica.edu.co\/portal\/wp-content\/uploads\/2025\/10\/Docentes-preparados-alumnos-protegidos-2.png","datePublished":"2026-03-03T22:48:34+00:00","dateModified":"2026-03-03T22:49:08+00:00","breadcrumb":{"@id":"https:\/\/www.ucatolica.edu.co\/portal\/comprometidos-con-la-excelencia-docente-99-profesores-tutores-reciben-certificacion-institucional-en-permanencia-estudiantil\/#breadcrumb"},"inLanguage":"es-CO","potentialAction":[{"@type":"ReadAction","target":["https:\/\/www.ucatolica.edu.co\/portal\/comprometidos-con-la-excelencia-docente-99-profesores-tutores-reciben-certificacion-institucional-en-permanencia-estudiantil\/"]}]},{"@type":"ImageObject","inLanguage":"es-CO","@id":"https:\/\/www.ucatolica.edu.co\/portal\/comprometidos-con-la-excelencia-docente-99-profesores-tutores-reciben-certificacion-institucional-en-permanencia-estudiantil\/#primaryimage","url":"https:\/\/www.ucatolica.edu.co\/portal\/wp-content\/uploads\/2025\/10\/Docentes-preparados-alumnos-protegidos-2.png","contentUrl":"https:\/\/www.ucatolica.edu.co\/portal\/wp-content\/uploads\/2025\/10\/Docentes-preparados-alumnos-protegidos-2.png","width":870,"height":522},{"@type":"BreadcrumbList","@id":"https:\/\/www.ucatolica.edu.co\/portal\/comprometidos-con-la-excelencia-docente-99-profesores-tutores-reciben-certificacion-institucional-en-permanencia-estudiantil\/#breadcrumb","itemListElement":[{"@type":"ListItem","position":1,"name":"Inicio","item":"https:\/\/www.ucatolica.edu.co\/portal\/"},{"@type":"ListItem","position":2,"name":"Comprometidos con la excelencia docente: 99 profesores tutores reciben certificaci\u00f3n institucional en Permanencia Estudiantil"}]},{"@type":"WebSite","@id":"https:\/\/www.ucatolica.edu.co\/portal\/#website","url":"https:\/\/www.ucatolica.edu.co\/portal\/","name":"Universidad Cat\u00f3lica De Colombia","description":"Universidad Cat\u00f3lica De Colombia","publisher":{"@id":"https:\/\/www.ucatolica.edu.co\/portal\/#organization"},"potentialAction":[{"@type":"SearchAction","target":{"@type":"EntryPoint","urlTemplate":"https:\/\/www.ucatolica.edu.co\/portal\/?s={search_term_string}"},"query-input":{"@type":"PropertyValueSpecification","valueRequired":true,"valueName":"search_term_string"}}],"inLanguage":"es-CO"},{"@type":"Organization","@id":"https:\/\/www.ucatolica.edu.co\/portal\/#organization","name":"Universidad Cat\u00f3lica de Colombia","url":"https:\/\/www.ucatolica.edu.co\/portal\/","logo":{"@type":"ImageObject","inLanguage":"es-CO","@id":"https:\/\/www.ucatolica.edu.co\/portal\/#\/schema\/logo\/image\/","url":"https:\/\/www.ucatolica.edu.co\/portal\/wp-content\/uploads\/2021\/06\/logo-header-ho-1.svg","contentUrl":"https:\/\/www.ucatolica.edu.co\/portal\/wp-content\/uploads\/2021\/06\/logo-header-ho-1.svg","width":1,"height":1,"caption":"Universidad Cat\u00f3lica de Colombia"},"image":{"@id":"https:\/\/www.ucatolica.edu.co\/portal\/#\/schema\/logo\/image\/"},"sameAs":["https:\/\/www.facebook.com\/ucatolicacolombia","https:\/\/x.com\/UCatolicaCol","https:\/\/www.instagram.com\/universidadcatolicadecolombia\/","https:\/\/www.linkedin.com\/company\/universidadcatolicadecolombia\/","https:\/\/www.youtube.com\/user\/UCatolicaCo"]},{"@type":"Person","@id":"https:\/\/www.ucatolica.edu.co\/portal\/#\/schema\/person\/2fe10d3836c8b18a520cbf458d96a728","name":"Juan Jos\u00e9 Franco","url":"https:\/\/www.ucatolica.edu.co\/portal\/author\/juan\/"}]}},"author_meta":{"display_name":"Juan Jos\u00e9 Franco","author_link":"https:\/\/www.ucatolica.edu.co\/portal\/author\/juan\/"},"featured_img":"https:\/\/www.ucatolica.edu.co\/portal\/wp-content\/uploads\/2025\/10\/Docentes-preparados-alumnos-protegidos-2.png","coauthors":[],"tax_additional":{"categories":{"linked":["<a href=\"https:\/\/www.ucatolica.edu.co\/portal\/category\/noticias-principales\/\" class=\"advgb-post-tax-term\">Noticias Principales<\/a>"],"unlinked":["<span class=\"advgb-post-tax-term\">Noticias Principales<\/span>"]},"tags":{"linked":["<a href=\"https:\/\/www.ucatolica.edu.co\/portal\/category\/noticias-principales\/\" class=\"advgb-post-tax-term\">Permanencia Estuadiantil<\/a>","<a href=\"https:\/\/www.ucatolica.edu.co\/portal\/category\/noticias-principales\/\" class=\"advgb-post-tax-term\">Profesor<\/a>","<a href=\"https:\/\/www.ucatolica.edu.co\/portal\/category\/noticias-principales\/\" class=\"advgb-post-tax-term\">Tutores Acad\u00e9micos<\/a>"],"unlinked":["<span class=\"advgb-post-tax-term\">Permanencia Estuadiantil<\/span>","<span class=\"advgb-post-tax-term\">Profesor<\/span>","<span class=\"advgb-post-tax-term\">Tutores Acad\u00e9micos<\/span>"]}},"comment_count":"0","relative_dates":{"created":"Posted 2 meses ago","modified":"Updated 2 meses ago"},"absolute_dates":{"created":"Posted on 3 marzo, 2026","modified":"Updated on 3 marzo, 2026"},"absolute_dates_time":{"created":"Posted on 3 marzo, 2026 5:48 pm","modified":"Updated on 3 marzo, 2026 5:49 pm"},"featured_img_caption":"","series_order":"","_links":{"self":[{"href":"https:\/\/www.ucatolica.edu.co\/portal\/wp-json\/wp\/v2\/posts\/130442","targetHints":{"allow":["GET"]}}],"collection":[{"href":"https:\/\/www.ucatolica.edu.co\/portal\/wp-json\/wp\/v2\/posts"}],"about":[{"href":"https:\/\/www.ucatolica.edu.co\/portal\/wp-json\/wp\/v2\/types\/post"}],"author":[{"embeddable":true,"href":"https:\/\/www.ucatolica.edu.co\/portal\/wp-json\/wp\/v2\/users\/65"}],"replies":[{"embeddable":true,"href":"https:\/\/www.ucatolica.edu.co\/portal\/wp-json\/wp\/v2\/comments?post=130442"}],"version-history":[{"count":4,"href":"https:\/\/www.ucatolica.edu.co\/portal\/wp-json\/wp\/v2\/posts\/130442\/revisions"}],"predecessor-version":[{"id":130471,"href":"https:\/\/www.ucatolica.edu.co\/portal\/wp-json\/wp\/v2\/posts\/130442\/revisions\/130471"}],"wp:featuredmedia":[{"embeddable":true,"href":"https:\/\/www.ucatolica.edu.co\/portal\/wp-json\/wp\/v2\/media\/123008"}],"wp:attachment":[{"href":"https:\/\/www.ucatolica.edu.co\/portal\/wp-json\/wp\/v2\/media?parent=130442"}],"wp:term":[{"taxonomy":"category","embeddable":true,"href":"https:\/\/www.ucatolica.edu.co\/portal\/wp-json\/wp\/v2\/categories?post=130442"},{"taxonomy":"post_tag","embeddable":true,"href":"https:\/\/www.ucatolica.edu.co\/portal\/wp-json\/wp\/v2\/tags?post=130442"}],"curies":[{"name":"wp","href":"https:\/\/api.w.org\/{rel}","templated":true}]}}