{"id":130547,"date":"2026-03-05T17:29:57","date_gmt":"2026-03-05T22:29:57","guid":{"rendered":"https:\/\/www.ucatolica.edu.co\/portal\/?p=130547"},"modified":"2026-03-05T17:29:58","modified_gmt":"2026-03-05T22:29:58","slug":"convocatoria-de-semilleros-2026-un-espacio-para-investigar-reflexionar-y-transformar","status":"publish","type":"post","link":"https:\/\/www.ucatolica.edu.co\/portal\/convocatoria-de-semilleros-2026-un-espacio-para-investigar-reflexionar-y-transformar\/","title":{"rendered":"Convocatoria de Semilleros 2026: un espacio para investigar, reflexionar y transformar"},"content":{"rendered":"\n<p>La Universidad Cat\u00f3lica de Colombia, a trav\u00e9s del Departamento de Humanidades y su Grupo de <strong>Investigaci\u00f3n <em>Philosophia Personae<\/em><\/strong>, invita a estudiantes y egresados a conocer y participar en los semilleros de investigaci\u00f3n e innovaci\u00f3n que fortalecen la formaci\u00f3n integral y el pensamiento cr\u00edtico desde distintas perspectivas human\u00edsticas. <\/p>\n\n\n\n<p>Estos espacios acad\u00e9micos promueven la reflexi\u00f3n rigurosa, el trabajo colaborativo y la construcci\u00f3n de conocimiento en torno a problem\u00e1ticas sociales, pol\u00edticas y culturales de relevancia nacional.<\/p>\n\n\n\n<p>La jornada de presentaci\u00f3n se realizar\u00e1 el <strong>10 de marzo, de 9:00 a. m. a 11:00 a. m., en el Sal\u00f3n Paraninfo de la Sede Claustro<\/strong>.<\/p>\n\n\n\n<h3 class=\"wp-block-heading\">Semilleros disponibles<\/h3>\n\n\n\n<ol class=\"wp-block-list\">\n<li><strong>Educaci\u00f3n, mujer y familia<br><\/strong>Espacio de investigaci\u00f3n que profundiza en estas tres categor\u00edas dentro del contexto de la historia colombiana, promoviendo el an\u00e1lisis cr\u00edtico y el estudio interdisciplinar.<br>L\u00edder: Dr. Francesco Ferrari &#8211; fferrari@ucatolica.edu.co<\/li>\n\n\n\n<li><strong>Formaci\u00f3n pol\u00edtica y participaci\u00f3n ciudadana<br><\/strong>Semillero que aborda la formaci\u00f3n de sujetos pol\u00edticos conscientes de su entorno, capaces de generar propuestas y alternativas comprometidas con el desarrollo del pa\u00eds desde distintos campos disciplinares.<br>L\u00edder: Dr. Edgar Javier Garz\u00f3n Pascagaza &#8211; ejgarzon@ucatolica.edu.co<\/li>\n\n\n\n<li><strong>Persona, resiliencia y conflicto armado<br><\/strong>Aprobado para 2025 y adscrito a la l\u00ednea de Antropolog\u00eda Filos\u00f3fica, este semillero analiza el origen, desarrollo y consecuencias del conflicto armado, promoviendo una comprensi\u00f3n integral de sus impactos humanos y sociales.<br>L\u00edder: Mg. Juan Carlos G\u00f3mez Quiti\u00e1n &#8211; jcgomezq@ucatolica.edu.co<\/li>\n\n\n\n<li><strong>Proyecto de Vida y Misi\u00f3n: Escuela de Voluntariado<br><\/strong>Semillero de innovaci\u00f3n educativa que fomenta el desarrollo integral de las dimensiones humana \u2014intelectiva, volitiva, afectiva y espiritual\u2014 mediante experiencias de voluntariado y servicio.<br>L\u00edder: Mg. Dalia Santa Cruz &#8211; djsantacruz@ucatolica.edu.co<\/li>\n<\/ol>\n\n\n\n<h3 class=\"wp-block-heading\">\u00bfPor qu\u00e9 participar en un semillero?<\/h3>\n\n\n\n<ul class=\"wp-block-list\">\n<li>Ser parte de un semillero te permite:<\/li>\n\n\n\n<li>Fortalecer habilidades investigativas y de an\u00e1lisis cr\u00edtico.<\/li>\n\n\n\n<li>Participar en proyectos acad\u00e9micos con impacto social.<\/li>\n\n\n\n<li>Trabajar de la mano con docentes investigadores.<\/li>\n\n\n\n<li>Ampliar tu proyecci\u00f3n acad\u00e9mica y profesional.<\/li>\n\n\n\n<li>Construir redes de trabajo interdisciplinar.<\/li>\n<\/ul>\n\n\n\n<p>Esta es una oportunidad para profundizar en temas de inter\u00e9s, aportar a la transformaci\u00f3n social y enriquecer tu experiencia universitaria desde la investigaci\u00f3n y la acci\u00f3n.<\/p>\n\n\n\n<p><strong>\u00a1No te quedes sin participar!<br><\/strong>Ac\u00e9rcate al l\u00edder del semillero de tu inter\u00e9s y haz parte de estos espacios de formaci\u00f3n y crecimiento acad\u00e9mico.<\/p>\n","protected":false},"excerpt":{"rendered":"<p>La Universidad Cat\u00f3lica de Colombia, a trav\u00e9s del Departamento de Humanidades y su Grupo de Investigaci\u00f3n Philosophia Personae, invita a estudiantes y egresados a conocer y participar en los semilleros de investigaci\u00f3n e innovaci\u00f3n que fortalecen la formaci\u00f3n integral y el pensamiento cr\u00edtico desde distintas perspectivas human\u00edsticas. Estos espacios acad\u00e9micos promueven la reflexi\u00f3n rigurosa, el [&hellip;]<\/p>\n","protected":false},"author":65,"featured_media":130549,"comment_status":"closed","ping_status":"closed","sticky":false,"template":"","format":"standard","meta":{"_acf_changed":false,"advgb_blocks_editor_width":"","advgb_blocks_columns_visual_guide":"","footnotes":""},"categories":[93],"tags":[2784,872,1429],"class_list":["post-130547","post","type-post","status-publish","format-standard","has-post-thumbnail","hentry","category-noticias-principales","tag-grupo-de-investigacion-philosophia-personae","tag-humanidades","tag-semillero"],"acf":[],"yoast_head":"<!-- This site is optimized with the Yoast SEO plugin v26.7 - https:\/\/yoast.com\/wordpress\/plugins\/seo\/ -->\n<title>Convocatoria de Semilleros 2026: un espacio para investigar, reflexionar y transformar - Universidad Cat\u00f3lica De Colombia<\/title>\n<meta name=\"robots\" content=\"index, follow, max-snippet:-1, max-image-preview:large, max-video-preview:-1\" \/>\n<link rel=\"canonical\" href=\"https:\/\/www.ucatolica.edu.co\/portal\/convocatoria-de-semilleros-2026-un-espacio-para-investigar-reflexionar-y-transformar\/\" \/>\n<meta property=\"og:locale\" content=\"es_ES\" \/>\n<meta property=\"og:type\" content=\"article\" \/>\n<meta property=\"og:title\" content=\"Convocatoria de Semilleros 2026: un espacio para investigar, reflexionar y transformar - Universidad Cat\u00f3lica De Colombia\" \/>\n<meta property=\"og:description\" content=\"La Universidad Cat\u00f3lica de Colombia, a trav\u00e9s del Departamento de Humanidades y su Grupo de Investigaci\u00f3n Philosophia Personae, invita a estudiantes y egresados a conocer y participar en los semilleros de investigaci\u00f3n e innovaci\u00f3n que fortalecen la formaci\u00f3n integral y el pensamiento cr\u00edtico desde distintas perspectivas human\u00edsticas. Estos espacios acad\u00e9micos promueven la reflexi\u00f3n rigurosa, el [&hellip;]\" \/>\n<meta property=\"og:url\" content=\"https:\/\/www.ucatolica.edu.co\/portal\/convocatoria-de-semilleros-2026-un-espacio-para-investigar-reflexionar-y-transformar\/\" \/>\n<meta property=\"og:site_name\" content=\"Universidad Cat\u00f3lica De Colombia\" \/>\n<meta property=\"article:publisher\" content=\"https:\/\/www.facebook.com\/ucatolicacolombia\" \/>\n<meta property=\"article:published_time\" content=\"2026-03-05T22:29:57+00:00\" \/>\n<meta property=\"article:modified_time\" content=\"2026-03-05T22:29:58+00:00\" \/>\n<meta property=\"og:image\" content=\"https:\/\/www.ucatolica.edu.co\/portal\/wp-content\/uploads\/2026\/03\/semilleros-humanidades-Ucatolica-Co.jpg\" \/>\n\t<meta property=\"og:image:width\" content=\"870\" \/>\n\t<meta property=\"og:image:height\" content=\"522\" \/>\n\t<meta property=\"og:image:type\" content=\"image\/jpeg\" \/>\n<meta name=\"author\" content=\"Juan Jos\u00e9 Franco\" \/>\n<meta name=\"twitter:card\" content=\"summary_large_image\" \/>\n<meta name=\"twitter:creator\" content=\"@UCatolicaCol\" \/>\n<meta name=\"twitter:site\" content=\"@UCatolicaCol\" \/>\n<meta name=\"twitter:label1\" content=\"Escrito por\" \/>\n\t<meta name=\"twitter:data1\" content=\"Juan Jos\u00e9 Franco\" \/>\n\t<meta name=\"twitter:label2\" content=\"Tiempo de lectura\" \/>\n\t<meta name=\"twitter:data2\" content=\"2 minutos\" \/>\n<script type=\"application\/ld+json\" class=\"yoast-schema-graph\">{\"@context\":\"https:\/\/schema.org\",\"@graph\":[{\"@type\":\"Article\",\"@id\":\"https:\/\/www.ucatolica.edu.co\/portal\/convocatoria-de-semilleros-2026-un-espacio-para-investigar-reflexionar-y-transformar\/#article\",\"isPartOf\":{\"@id\":\"https:\/\/www.ucatolica.edu.co\/portal\/convocatoria-de-semilleros-2026-un-espacio-para-investigar-reflexionar-y-transformar\/\"},\"author\":{\"name\":\"Juan Jos\u00e9 Franco\",\"@id\":\"https:\/\/www.ucatolica.edu.co\/portal\/#\/schema\/person\/2fe10d3836c8b18a520cbf458d96a728\"},\"headline\":\"Convocatoria de Semilleros 2026: un espacio para investigar, reflexionar y transformar\",\"datePublished\":\"2026-03-05T22:29:57+00:00\",\"dateModified\":\"2026-03-05T22:29:58+00:00\",\"mainEntityOfPage\":{\"@id\":\"https:\/\/www.ucatolica.edu.co\/portal\/convocatoria-de-semilleros-2026-un-espacio-para-investigar-reflexionar-y-transformar\/\"},\"wordCount\":426,\"publisher\":{\"@id\":\"https:\/\/www.ucatolica.edu.co\/portal\/#organization\"},\"image\":{\"@id\":\"https:\/\/www.ucatolica.edu.co\/portal\/convocatoria-de-semilleros-2026-un-espacio-para-investigar-reflexionar-y-transformar\/#primaryimage\"},\"thumbnailUrl\":\"https:\/\/www.ucatolica.edu.co\/portal\/wp-content\/uploads\/2026\/03\/semilleros-humanidades-Ucatolica-Co.jpg\",\"keywords\":[\"Grupo de Investigaci\u00f3n Philosophia Personae\",\"Humanidades\",\"Semillero\"],\"articleSection\":[\"Noticias Principales\"],\"inLanguage\":\"es-CO\"},{\"@type\":\"WebPage\",\"@id\":\"https:\/\/www.ucatolica.edu.co\/portal\/convocatoria-de-semilleros-2026-un-espacio-para-investigar-reflexionar-y-transformar\/\",\"url\":\"https:\/\/www.ucatolica.edu.co\/portal\/convocatoria-de-semilleros-2026-un-espacio-para-investigar-reflexionar-y-transformar\/\",\"name\":\"Convocatoria de Semilleros 2026: un espacio para investigar, reflexionar y transformar - Universidad Cat\u00f3lica De Colombia\",\"isPartOf\":{\"@id\":\"https:\/\/www.ucatolica.edu.co\/portal\/#website\"},\"primaryImageOfPage\":{\"@id\":\"https:\/\/www.ucatolica.edu.co\/portal\/convocatoria-de-semilleros-2026-un-espacio-para-investigar-reflexionar-y-transformar\/#primaryimage\"},\"image\":{\"@id\":\"https:\/\/www.ucatolica.edu.co\/portal\/convocatoria-de-semilleros-2026-un-espacio-para-investigar-reflexionar-y-transformar\/#primaryimage\"},\"thumbnailUrl\":\"https:\/\/www.ucatolica.edu.co\/portal\/wp-content\/uploads\/2026\/03\/semilleros-humanidades-Ucatolica-Co.jpg\",\"datePublished\":\"2026-03-05T22:29:57+00:00\",\"dateModified\":\"2026-03-05T22:29:58+00:00\",\"breadcrumb\":{\"@id\":\"https:\/\/www.ucatolica.edu.co\/portal\/convocatoria-de-semilleros-2026-un-espacio-para-investigar-reflexionar-y-transformar\/#breadcrumb\"},\"inLanguage\":\"es-CO\",\"potentialAction\":[{\"@type\":\"ReadAction\",\"target\":[\"https:\/\/www.ucatolica.edu.co\/portal\/convocatoria-de-semilleros-2026-un-espacio-para-investigar-reflexionar-y-transformar\/\"]}]},{\"@type\":\"ImageObject\",\"inLanguage\":\"es-CO\",\"@id\":\"https:\/\/www.ucatolica.edu.co\/portal\/convocatoria-de-semilleros-2026-un-espacio-para-investigar-reflexionar-y-transformar\/#primaryimage\",\"url\":\"https:\/\/www.ucatolica.edu.co\/portal\/wp-content\/uploads\/2026\/03\/semilleros-humanidades-Ucatolica-Co.jpg\",\"contentUrl\":\"https:\/\/www.ucatolica.edu.co\/portal\/wp-content\/uploads\/2026\/03\/semilleros-humanidades-Ucatolica-Co.jpg\",\"width\":870,\"height\":522},{\"@type\":\"BreadcrumbList\",\"@id\":\"https:\/\/www.ucatolica.edu.co\/portal\/convocatoria-de-semilleros-2026-un-espacio-para-investigar-reflexionar-y-transformar\/#breadcrumb\",\"itemListElement\":[{\"@type\":\"ListItem\",\"position\":1,\"name\":\"Inicio\",\"item\":\"https:\/\/www.ucatolica.edu.co\/portal\/\"},{\"@type\":\"ListItem\",\"position\":2,\"name\":\"Convocatoria de Semilleros 2026: un espacio para investigar, reflexionar y transformar\"}]},{\"@type\":\"WebSite\",\"@id\":\"https:\/\/www.ucatolica.edu.co\/portal\/#website\",\"url\":\"https:\/\/www.ucatolica.edu.co\/portal\/\",\"name\":\"Universidad Cat\u00f3lica De Colombia\",\"description\":\"Universidad Cat\u00f3lica De Colombia\",\"publisher\":{\"@id\":\"https:\/\/www.ucatolica.edu.co\/portal\/#organization\"},\"potentialAction\":[{\"@type\":\"SearchAction\",\"target\":{\"@type\":\"EntryPoint\",\"urlTemplate\":\"https:\/\/www.ucatolica.edu.co\/portal\/?s={search_term_string}\"},\"query-input\":{\"@type\":\"PropertyValueSpecification\",\"valueRequired\":true,\"valueName\":\"search_term_string\"}}],\"inLanguage\":\"es-CO\"},{\"@type\":\"Organization\",\"@id\":\"https:\/\/www.ucatolica.edu.co\/portal\/#organization\",\"name\":\"Universidad Cat\u00f3lica de Colombia\",\"url\":\"https:\/\/www.ucatolica.edu.co\/portal\/\",\"logo\":{\"@type\":\"ImageObject\",\"inLanguage\":\"es-CO\",\"@id\":\"https:\/\/www.ucatolica.edu.co\/portal\/#\/schema\/logo\/image\/\",\"url\":\"https:\/\/www.ucatolica.edu.co\/portal\/wp-content\/uploads\/2021\/06\/logo-header-ho-1.svg\",\"contentUrl\":\"https:\/\/www.ucatolica.edu.co\/portal\/wp-content\/uploads\/2021\/06\/logo-header-ho-1.svg\",\"width\":1,\"height\":1,\"caption\":\"Universidad Cat\u00f3lica de Colombia\"},\"image\":{\"@id\":\"https:\/\/www.ucatolica.edu.co\/portal\/#\/schema\/logo\/image\/\"},\"sameAs\":[\"https:\/\/www.facebook.com\/ucatolicacolombia\",\"https:\/\/x.com\/UCatolicaCol\",\"https:\/\/www.instagram.com\/universidadcatolicadecolombia\/\",\"https:\/\/www.linkedin.com\/company\/universidadcatolicadecolombia\/\",\"https:\/\/www.youtube.com\/user\/UCatolicaCo\"]},{\"@type\":\"Person\",\"@id\":\"https:\/\/www.ucatolica.edu.co\/portal\/#\/schema\/person\/2fe10d3836c8b18a520cbf458d96a728\",\"name\":\"Juan Jos\u00e9 Franco\",\"url\":\"https:\/\/www.ucatolica.edu.co\/portal\/author\/juan\/\"}]}<\/script>\n<!-- \/ Yoast SEO plugin. -->","yoast_head_json":{"title":"Convocatoria de Semilleros 2026: un espacio para investigar, reflexionar y transformar - Universidad Cat\u00f3lica De Colombia","robots":{"index":"index","follow":"follow","max-snippet":"max-snippet:-1","max-image-preview":"max-image-preview:large","max-video-preview":"max-video-preview:-1"},"canonical":"https:\/\/www.ucatolica.edu.co\/portal\/convocatoria-de-semilleros-2026-un-espacio-para-investigar-reflexionar-y-transformar\/","og_locale":"es_ES","og_type":"article","og_title":"Convocatoria de Semilleros 2026: un espacio para investigar, reflexionar y transformar - Universidad Cat\u00f3lica De Colombia","og_description":"La Universidad Cat\u00f3lica de Colombia, a trav\u00e9s del Departamento de Humanidades y su Grupo de Investigaci\u00f3n Philosophia Personae, invita a estudiantes y egresados a conocer y participar en los semilleros de investigaci\u00f3n e innovaci\u00f3n que fortalecen la formaci\u00f3n integral y el pensamiento cr\u00edtico desde distintas perspectivas human\u00edsticas. Estos espacios acad\u00e9micos promueven la reflexi\u00f3n rigurosa, el [&hellip;]","og_url":"https:\/\/www.ucatolica.edu.co\/portal\/convocatoria-de-semilleros-2026-un-espacio-para-investigar-reflexionar-y-transformar\/","og_site_name":"Universidad Cat\u00f3lica De Colombia","article_publisher":"https:\/\/www.facebook.com\/ucatolicacolombia","article_published_time":"2026-03-05T22:29:57+00:00","article_modified_time":"2026-03-05T22:29:58+00:00","og_image":[{"width":870,"height":522,"url":"https:\/\/www.ucatolica.edu.co\/portal\/wp-content\/uploads\/2026\/03\/semilleros-humanidades-Ucatolica-Co.jpg","type":"image\/jpeg"}],"author":"Juan Jos\u00e9 Franco","twitter_card":"summary_large_image","twitter_creator":"@UCatolicaCol","twitter_site":"@UCatolicaCol","twitter_misc":{"Escrito por":"Juan Jos\u00e9 Franco","Tiempo de lectura":"2 minutos"},"schema":{"@context":"https:\/\/schema.org","@graph":[{"@type":"Article","@id":"https:\/\/www.ucatolica.edu.co\/portal\/convocatoria-de-semilleros-2026-un-espacio-para-investigar-reflexionar-y-transformar\/#article","isPartOf":{"@id":"https:\/\/www.ucatolica.edu.co\/portal\/convocatoria-de-semilleros-2026-un-espacio-para-investigar-reflexionar-y-transformar\/"},"author":{"name":"Juan Jos\u00e9 Franco","@id":"https:\/\/www.ucatolica.edu.co\/portal\/#\/schema\/person\/2fe10d3836c8b18a520cbf458d96a728"},"headline":"Convocatoria de Semilleros 2026: un espacio para investigar, reflexionar y transformar","datePublished":"2026-03-05T22:29:57+00:00","dateModified":"2026-03-05T22:29:58+00:00","mainEntityOfPage":{"@id":"https:\/\/www.ucatolica.edu.co\/portal\/convocatoria-de-semilleros-2026-un-espacio-para-investigar-reflexionar-y-transformar\/"},"wordCount":426,"publisher":{"@id":"https:\/\/www.ucatolica.edu.co\/portal\/#organization"},"image":{"@id":"https:\/\/www.ucatolica.edu.co\/portal\/convocatoria-de-semilleros-2026-un-espacio-para-investigar-reflexionar-y-transformar\/#primaryimage"},"thumbnailUrl":"https:\/\/www.ucatolica.edu.co\/portal\/wp-content\/uploads\/2026\/03\/semilleros-humanidades-Ucatolica-Co.jpg","keywords":["Grupo de Investigaci\u00f3n Philosophia Personae","Humanidades","Semillero"],"articleSection":["Noticias Principales"],"inLanguage":"es-CO"},{"@type":"WebPage","@id":"https:\/\/www.ucatolica.edu.co\/portal\/convocatoria-de-semilleros-2026-un-espacio-para-investigar-reflexionar-y-transformar\/","url":"https:\/\/www.ucatolica.edu.co\/portal\/convocatoria-de-semilleros-2026-un-espacio-para-investigar-reflexionar-y-transformar\/","name":"Convocatoria de Semilleros 2026: un espacio para investigar, reflexionar y transformar - Universidad Cat\u00f3lica De Colombia","isPartOf":{"@id":"https:\/\/www.ucatolica.edu.co\/portal\/#website"},"primaryImageOfPage":{"@id":"https:\/\/www.ucatolica.edu.co\/portal\/convocatoria-de-semilleros-2026-un-espacio-para-investigar-reflexionar-y-transformar\/#primaryimage"},"image":{"@id":"https:\/\/www.ucatolica.edu.co\/portal\/convocatoria-de-semilleros-2026-un-espacio-para-investigar-reflexionar-y-transformar\/#primaryimage"},"thumbnailUrl":"https:\/\/www.ucatolica.edu.co\/portal\/wp-content\/uploads\/2026\/03\/semilleros-humanidades-Ucatolica-Co.jpg","datePublished":"2026-03-05T22:29:57+00:00","dateModified":"2026-03-05T22:29:58+00:00","breadcrumb":{"@id":"https:\/\/www.ucatolica.edu.co\/portal\/convocatoria-de-semilleros-2026-un-espacio-para-investigar-reflexionar-y-transformar\/#breadcrumb"},"inLanguage":"es-CO","potentialAction":[{"@type":"ReadAction","target":["https:\/\/www.ucatolica.edu.co\/portal\/convocatoria-de-semilleros-2026-un-espacio-para-investigar-reflexionar-y-transformar\/"]}]},{"@type":"ImageObject","inLanguage":"es-CO","@id":"https:\/\/www.ucatolica.edu.co\/portal\/convocatoria-de-semilleros-2026-un-espacio-para-investigar-reflexionar-y-transformar\/#primaryimage","url":"https:\/\/www.ucatolica.edu.co\/portal\/wp-content\/uploads\/2026\/03\/semilleros-humanidades-Ucatolica-Co.jpg","contentUrl":"https:\/\/www.ucatolica.edu.co\/portal\/wp-content\/uploads\/2026\/03\/semilleros-humanidades-Ucatolica-Co.jpg","width":870,"height":522},{"@type":"BreadcrumbList","@id":"https:\/\/www.ucatolica.edu.co\/portal\/convocatoria-de-semilleros-2026-un-espacio-para-investigar-reflexionar-y-transformar\/#breadcrumb","itemListElement":[{"@type":"ListItem","position":1,"name":"Inicio","item":"https:\/\/www.ucatolica.edu.co\/portal\/"},{"@type":"ListItem","position":2,"name":"Convocatoria de Semilleros 2026: un espacio para investigar, reflexionar y transformar"}]},{"@type":"WebSite","@id":"https:\/\/www.ucatolica.edu.co\/portal\/#website","url":"https:\/\/www.ucatolica.edu.co\/portal\/","name":"Universidad Cat\u00f3lica De Colombia","description":"Universidad Cat\u00f3lica De Colombia","publisher":{"@id":"https:\/\/www.ucatolica.edu.co\/portal\/#organization"},"potentialAction":[{"@type":"SearchAction","target":{"@type":"EntryPoint","urlTemplate":"https:\/\/www.ucatolica.edu.co\/portal\/?s={search_term_string}"},"query-input":{"@type":"PropertyValueSpecification","valueRequired":true,"valueName":"search_term_string"}}],"inLanguage":"es-CO"},{"@type":"Organization","@id":"https:\/\/www.ucatolica.edu.co\/portal\/#organization","name":"Universidad Cat\u00f3lica de Colombia","url":"https:\/\/www.ucatolica.edu.co\/portal\/","logo":{"@type":"ImageObject","inLanguage":"es-CO","@id":"https:\/\/www.ucatolica.edu.co\/portal\/#\/schema\/logo\/image\/","url":"https:\/\/www.ucatolica.edu.co\/portal\/wp-content\/uploads\/2021\/06\/logo-header-ho-1.svg","contentUrl":"https:\/\/www.ucatolica.edu.co\/portal\/wp-content\/uploads\/2021\/06\/logo-header-ho-1.svg","width":1,"height":1,"caption":"Universidad Cat\u00f3lica de Colombia"},"image":{"@id":"https:\/\/www.ucatolica.edu.co\/portal\/#\/schema\/logo\/image\/"},"sameAs":["https:\/\/www.facebook.com\/ucatolicacolombia","https:\/\/x.com\/UCatolicaCol","https:\/\/www.instagram.com\/universidadcatolicadecolombia\/","https:\/\/www.linkedin.com\/company\/universidadcatolicadecolombia\/","https:\/\/www.youtube.com\/user\/UCatolicaCo"]},{"@type":"Person","@id":"https:\/\/www.ucatolica.edu.co\/portal\/#\/schema\/person\/2fe10d3836c8b18a520cbf458d96a728","name":"Juan Jos\u00e9 Franco","url":"https:\/\/www.ucatolica.edu.co\/portal\/author\/juan\/"}]}},"author_meta":{"display_name":"Juan Jos\u00e9 Franco","author_link":"https:\/\/www.ucatolica.edu.co\/portal\/author\/juan\/"},"featured_img":"https:\/\/www.ucatolica.edu.co\/portal\/wp-content\/uploads\/2026\/03\/semilleros-humanidades-Ucatolica-Co.jpg","coauthors":[],"tax_additional":{"categories":{"linked":["<a href=\"https:\/\/www.ucatolica.edu.co\/portal\/category\/noticias-principales\/\" class=\"advgb-post-tax-term\">Noticias Principales<\/a>"],"unlinked":["<span class=\"advgb-post-tax-term\">Noticias Principales<\/span>"]},"tags":{"linked":["<a href=\"https:\/\/www.ucatolica.edu.co\/portal\/category\/noticias-principales\/\" class=\"advgb-post-tax-term\">Grupo de Investigaci\u00f3n Philosophia Personae<\/a>","<a href=\"https:\/\/www.ucatolica.edu.co\/portal\/category\/noticias-principales\/\" class=\"advgb-post-tax-term\">Humanidades<\/a>","<a href=\"https:\/\/www.ucatolica.edu.co\/portal\/category\/noticias-principales\/\" class=\"advgb-post-tax-term\">Semillero<\/a>"],"unlinked":["<span class=\"advgb-post-tax-term\">Grupo de Investigaci\u00f3n Philosophia Personae<\/span>","<span class=\"advgb-post-tax-term\">Humanidades<\/span>","<span class=\"advgb-post-tax-term\">Semillero<\/span>"]}},"comment_count":"0","relative_dates":{"created":"Posted 2 meses ago","modified":"Updated 2 meses ago"},"absolute_dates":{"created":"Posted on 5 marzo, 2026","modified":"Updated on 5 marzo, 2026"},"absolute_dates_time":{"created":"Posted on 5 marzo, 2026 5:29 pm","modified":"Updated on 5 marzo, 2026 5:29 pm"},"featured_img_caption":"","series_order":"","_links":{"self":[{"href":"https:\/\/www.ucatolica.edu.co\/portal\/wp-json\/wp\/v2\/posts\/130547","targetHints":{"allow":["GET"]}}],"collection":[{"href":"https:\/\/www.ucatolica.edu.co\/portal\/wp-json\/wp\/v2\/posts"}],"about":[{"href":"https:\/\/www.ucatolica.edu.co\/portal\/wp-json\/wp\/v2\/types\/post"}],"author":[{"embeddable":true,"href":"https:\/\/www.ucatolica.edu.co\/portal\/wp-json\/wp\/v2\/users\/65"}],"replies":[{"embeddable":true,"href":"https:\/\/www.ucatolica.edu.co\/portal\/wp-json\/wp\/v2\/comments?post=130547"}],"version-history":[{"count":2,"href":"https:\/\/www.ucatolica.edu.co\/portal\/wp-json\/wp\/v2\/posts\/130547\/revisions"}],"predecessor-version":[{"id":130550,"href":"https:\/\/www.ucatolica.edu.co\/portal\/wp-json\/wp\/v2\/posts\/130547\/revisions\/130550"}],"wp:featuredmedia":[{"embeddable":true,"href":"https:\/\/www.ucatolica.edu.co\/portal\/wp-json\/wp\/v2\/media\/130549"}],"wp:attachment":[{"href":"https:\/\/www.ucatolica.edu.co\/portal\/wp-json\/wp\/v2\/media?parent=130547"}],"wp:term":[{"taxonomy":"category","embeddable":true,"href":"https:\/\/www.ucatolica.edu.co\/portal\/wp-json\/wp\/v2\/categories?post=130547"},{"taxonomy":"post_tag","embeddable":true,"href":"https:\/\/www.ucatolica.edu.co\/portal\/wp-json\/wp\/v2\/tags?post=130547"}],"curies":[{"name":"wp","href":"https:\/\/api.w.org\/{rel}","templated":true}]}}