{"id":130594,"date":"2026-04-06T10:54:40","date_gmt":"2026-04-06T15:54:40","guid":{"rendered":"https:\/\/www.ucatolica.edu.co\/portal\/?p=130594"},"modified":"2026-04-06T10:54:40","modified_gmt":"2026-04-06T15:54:40","slug":"la-universidad-catolica-de-colombia-actualiza-su-politica-de-tratamiento-de-datos-personales","status":"publish","type":"post","link":"https:\/\/www.ucatolica.edu.co\/portal\/la-universidad-catolica-de-colombia-actualiza-su-politica-de-tratamiento-de-datos-personales\/","title":{"rendered":"La Universidad Cat\u00f3lica de Colombia actualiza su pol\u00edtica de tratamiento de datos personales"},"content":{"rendered":"\n<p>Con el prop\u00f3sito de fortalecer la protecci\u00f3n de la informaci\u00f3n y adaptarse a los nuevos retos tecnol\u00f3gicos, la Universidad Cat\u00f3lica de Colombia realiza la actualizaci\u00f3n de su <strong>Manual de Pol\u00edtica de Tratamiento de Datos Personales<\/strong>, conforme a las disposiciones legales sobre el uso de Inteligencia Artificial.<\/p>\n\n\n\n<p>Esta actualizaci\u00f3n responde a cambios normativos que han surgido en el pa\u00eds desde la adopci\u00f3n del Acuerdo 002 de 2013 y a la necesidad de incorporar nuevas realidades tecnol\u00f3gicas, como el <strong>uso de herramientas de an\u00e1lisis de datos, inteligencia artificial<\/strong> y sistemas automatizados en los procesos institucionales.<\/p>\n\n\n\n<p>Entre los principales ajustes se encuentra la definici\u00f3n m\u00e1s clara del <strong>objetivo del manual<\/strong>, que busca establecer criterios institucionales para garantizar la protecci\u00f3n de los datos personales que la Universidad recolecta, conserva y utiliza en el desarrollo de sus actividades acad\u00e9micas y administrativas.<\/p>\n\n\n\n<p>La actualizaci\u00f3n tambi\u00e9n precisa que la <strong>Universidad Cat\u00f3lica de Colombia es la responsable del tratamiento de los datos personales<\/strong> de estudiantes, docentes, directivos, personal administrativo, contratistas y dem\u00e1s integrantes de la comunidad universitaria.<\/p>\n\n\n\n<p>Otro de los cambios relevantes es la incorporaci\u00f3n de <strong>nuevas definiciones relacionadas con el entorno digital,<\/strong> como algoritmos, asistentes virtuales, datos sensibles, sistemas de decisiones automatizadas y transparencia algor\u00edtmica. Estas definiciones permiten que la pol\u00edtica institucional est\u00e9 alineada con el marco legal vigente y con los avances tecnol\u00f3gicos actuales.<\/p>\n\n\n\n<p>Asimismo, se especifican con mayor claridad las <strong>finalidades para las cuales la Universidad puede utilizar los datos personales<\/strong>, entre ellas el desarrollo de procesos acad\u00e9micos y administrativos, el env\u00edo de informaci\u00f3n institucional, las convocatorias de auxilios econ\u00f3micos, las encuestas de satisfacci\u00f3n, la grabaci\u00f3n de sesiones acad\u00e9micas virtuales y el uso de herramientas de an\u00e1lisis de datos e inteligencia artificial en procesos institucionales.<\/p>\n\n\n\n<p>La pol\u00edtica tambi\u00e9n establece el <strong>tiempo durante el cual se podr\u00e1n tratar los datos personales<\/strong>, el cual corresponde al periodo de la relaci\u00f3n con la Universidad y al tiempo adicional que determine la ley para fines administrativos, contables, fiscales o hist\u00f3ricos.<\/p>\n\n\n\n<p>Dentro de las nuevas disposiciones se incluyen adem\u00e1s <strong>obligaciones adicionales para la Universidad<\/strong>, especialmente en materia de seguridad de la informaci\u00f3n y protecci\u00f3n de datos cuando se utilicen <strong>herramientas de ciencia de datos o inteligencia artificial, garantizando procesos como la anonimizaci\u00f3n de la informaci\u00f3n.<\/strong><\/p>\n\n\n\n<p>La actualizaci\u00f3n tambi\u00e9n promueve <strong>mayor transparencia en el uso de tecnolog\u00edas automatizadas<\/strong>. Por ejemplo, cuando la Universidad utilice sistemas algor\u00edtmicos o asistentes virtuales (chatbots), deber\u00e1 informar de manera clara a las personas cuando est\u00e9n interactuando con un sistema automatizado.<\/p>\n\n\n\n<p>Las personas interesadas pueden consultar el <strong>Acuerdo completo <a href=\"https:\/\/www.ucatolica.edu.co\/portal\/wp-content\/uploads\/adjuntos\/acuerdos\/sala-de-gobierno-070-26.pdf\" data-type=\"link\" data-id=\"https:\/\/www.ucatolica.edu.co\/portal\/wp-content\/uploads\/adjuntos\/acuerdos\/sala-de-gobierno-070-26.pdf\" target=\"_blank\" rel=\"noreferrer noopener\">aqu\u00ed.<\/a><\/strong><\/p>\n\n\n\n<p>Asimismo, estudiantes, docentes, personal administrativo y dem\u00e1s actores que participan en el tratamiento de datos personales podr\u00e1n realizar sus consultas o solicitudes a trav\u00e9s de los siguientes correos electr\u00f3nicos:<\/p>\n\n\n\n<ul class=\"wp-block-list\">\n<li><a><strong>arocha@ucatolica.edu.co<\/strong><\/a>: para solicitar capacitaciones o recibir informaci\u00f3n m\u00e1s detallada sobre los cambios implementados.<\/li>\n\n\n\n<li><a><strong>contacto@ucatolica.edu.co<\/strong><\/a>: para inquietudes generales relacionadas con la pol\u00edtica de tratamiento de datos personales.<\/li>\n<\/ul>\n\n\n\n<p>Con estos ajustes, la Universidad busca fortalecer las garant\u00edas de privacidad, seguridad y transparencia en el manejo de la informaci\u00f3n personal de toda su comunidad, en coherencia con la normativa colombiana y con los desaf\u00edos del entorno digital actual.<\/p>\n","protected":false},"excerpt":{"rendered":"<p>Con el prop\u00f3sito de fortalecer la protecci\u00f3n de la informaci\u00f3n y adaptarse a los nuevos retos tecnol\u00f3gicos, la Universidad Cat\u00f3lica de Colombia realiza la actualizaci\u00f3n de su Manual de Pol\u00edtica de Tratamiento de Datos Personales, conforme a las disposiciones legales sobre el uso de Inteligencia Artificial. Esta actualizaci\u00f3n responde a cambios normativos que han surgido [&hellip;]<\/p>\n","protected":false},"author":4,"featured_media":130609,"comment_status":"closed","ping_status":"closed","sticky":false,"template":"","format":"standard","meta":{"_acf_changed":false,"advgb_blocks_editor_width":"","advgb_blocks_columns_visual_guide":"","footnotes":""},"categories":[93],"tags":[1539,1471,3424,1451],"class_list":["post-130594","post","type-post","status-publish","format-standard","has-post-thumbnail","hentry","category-noticias-principales","tag-ciencia-de-datos","tag-datos-personales","tag-habeas-data","tag-inteligencia-artificial"],"acf":[],"yoast_head":"<!-- This site is optimized with the Yoast SEO plugin v26.7 - https:\/\/yoast.com\/wordpress\/plugins\/seo\/ -->\n<title>La Universidad Cat\u00f3lica de Colombia actualiza su pol\u00edtica de tratamiento de datos personales - Universidad Cat\u00f3lica De Colombia<\/title>\n<meta name=\"robots\" content=\"index, follow, max-snippet:-1, max-image-preview:large, max-video-preview:-1\" \/>\n<link rel=\"canonical\" href=\"https:\/\/www.ucatolica.edu.co\/portal\/la-universidad-catolica-de-colombia-actualiza-su-politica-de-tratamiento-de-datos-personales\/\" \/>\n<meta property=\"og:locale\" content=\"es_ES\" \/>\n<meta property=\"og:type\" content=\"article\" \/>\n<meta property=\"og:title\" content=\"La Universidad Cat\u00f3lica de Colombia actualiza su pol\u00edtica de tratamiento de datos personales - Universidad Cat\u00f3lica De Colombia\" \/>\n<meta property=\"og:description\" content=\"Con el prop\u00f3sito de fortalecer la protecci\u00f3n de la informaci\u00f3n y adaptarse a los nuevos retos tecnol\u00f3gicos, la Universidad Cat\u00f3lica de Colombia realiza la actualizaci\u00f3n de su Manual de Pol\u00edtica de Tratamiento de Datos Personales, conforme a las disposiciones legales sobre el uso de Inteligencia Artificial. Esta actualizaci\u00f3n responde a cambios normativos que han surgido [&hellip;]\" \/>\n<meta property=\"og:url\" content=\"https:\/\/www.ucatolica.edu.co\/portal\/la-universidad-catolica-de-colombia-actualiza-su-politica-de-tratamiento-de-datos-personales\/\" \/>\n<meta property=\"og:site_name\" content=\"Universidad Cat\u00f3lica De Colombia\" \/>\n<meta property=\"article:publisher\" content=\"https:\/\/www.facebook.com\/ucatolicacolombia\" \/>\n<meta property=\"article:published_time\" content=\"2026-04-06T15:54:40+00:00\" \/>\n<meta property=\"og:image\" content=\"https:\/\/www.ucatolica.edu.co\/portal\/wp-content\/uploads\/2026\/03\/Tratamientodedatos.jpg\" \/>\n\t<meta property=\"og:image:width\" content=\"870\" \/>\n\t<meta property=\"og:image:height\" content=\"522\" \/>\n\t<meta property=\"og:image:type\" content=\"image\/jpeg\" \/>\n<meta name=\"author\" content=\"Cindy Lugo\" \/>\n<meta name=\"twitter:card\" content=\"summary_large_image\" \/>\n<meta name=\"twitter:creator\" content=\"@UCatolicaCol\" \/>\n<meta name=\"twitter:site\" content=\"@UCatolicaCol\" \/>\n<meta name=\"twitter:label1\" content=\"Escrito por\" \/>\n\t<meta name=\"twitter:data1\" content=\"Cindy Lugo\" \/>\n\t<meta name=\"twitter:label2\" content=\"Tiempo de lectura\" \/>\n\t<meta name=\"twitter:data2\" content=\"3 minutos\" \/>\n<script type=\"application\/ld+json\" class=\"yoast-schema-graph\">{\"@context\":\"https:\/\/schema.org\",\"@graph\":[{\"@type\":\"Article\",\"@id\":\"https:\/\/www.ucatolica.edu.co\/portal\/la-universidad-catolica-de-colombia-actualiza-su-politica-de-tratamiento-de-datos-personales\/#article\",\"isPartOf\":{\"@id\":\"https:\/\/www.ucatolica.edu.co\/portal\/la-universidad-catolica-de-colombia-actualiza-su-politica-de-tratamiento-de-datos-personales\/\"},\"author\":{\"name\":\"Cindy Lugo\",\"@id\":\"https:\/\/www.ucatolica.edu.co\/portal\/#\/schema\/person\/a7469afff252fba81c6cdc40c80f00b6\"},\"headline\":\"La Universidad Cat\u00f3lica de Colombia actualiza su pol\u00edtica de tratamiento de datos personales\",\"datePublished\":\"2026-04-06T15:54:40+00:00\",\"mainEntityOfPage\":{\"@id\":\"https:\/\/www.ucatolica.edu.co\/portal\/la-universidad-catolica-de-colombia-actualiza-su-politica-de-tratamiento-de-datos-personales\/\"},\"wordCount\":583,\"publisher\":{\"@id\":\"https:\/\/www.ucatolica.edu.co\/portal\/#organization\"},\"image\":{\"@id\":\"https:\/\/www.ucatolica.edu.co\/portal\/la-universidad-catolica-de-colombia-actualiza-su-politica-de-tratamiento-de-datos-personales\/#primaryimage\"},\"thumbnailUrl\":\"https:\/\/www.ucatolica.edu.co\/portal\/wp-content\/uploads\/2026\/03\/Tratamientodedatos.jpg\",\"keywords\":[\"Ciencia de datos\",\"Datos Personales\",\"H\u00e1beas Data\",\"Inteligencia Artificial\"],\"articleSection\":[\"Noticias Principales\"],\"inLanguage\":\"es-CO\"},{\"@type\":\"WebPage\",\"@id\":\"https:\/\/www.ucatolica.edu.co\/portal\/la-universidad-catolica-de-colombia-actualiza-su-politica-de-tratamiento-de-datos-personales\/\",\"url\":\"https:\/\/www.ucatolica.edu.co\/portal\/la-universidad-catolica-de-colombia-actualiza-su-politica-de-tratamiento-de-datos-personales\/\",\"name\":\"La Universidad Cat\u00f3lica de Colombia actualiza su pol\u00edtica de tratamiento de datos personales - Universidad Cat\u00f3lica De Colombia\",\"isPartOf\":{\"@id\":\"https:\/\/www.ucatolica.edu.co\/portal\/#website\"},\"primaryImageOfPage\":{\"@id\":\"https:\/\/www.ucatolica.edu.co\/portal\/la-universidad-catolica-de-colombia-actualiza-su-politica-de-tratamiento-de-datos-personales\/#primaryimage\"},\"image\":{\"@id\":\"https:\/\/www.ucatolica.edu.co\/portal\/la-universidad-catolica-de-colombia-actualiza-su-politica-de-tratamiento-de-datos-personales\/#primaryimage\"},\"thumbnailUrl\":\"https:\/\/www.ucatolica.edu.co\/portal\/wp-content\/uploads\/2026\/03\/Tratamientodedatos.jpg\",\"datePublished\":\"2026-04-06T15:54:40+00:00\",\"breadcrumb\":{\"@id\":\"https:\/\/www.ucatolica.edu.co\/portal\/la-universidad-catolica-de-colombia-actualiza-su-politica-de-tratamiento-de-datos-personales\/#breadcrumb\"},\"inLanguage\":\"es-CO\",\"potentialAction\":[{\"@type\":\"ReadAction\",\"target\":[\"https:\/\/www.ucatolica.edu.co\/portal\/la-universidad-catolica-de-colombia-actualiza-su-politica-de-tratamiento-de-datos-personales\/\"]}]},{\"@type\":\"ImageObject\",\"inLanguage\":\"es-CO\",\"@id\":\"https:\/\/www.ucatolica.edu.co\/portal\/la-universidad-catolica-de-colombia-actualiza-su-politica-de-tratamiento-de-datos-personales\/#primaryimage\",\"url\":\"https:\/\/www.ucatolica.edu.co\/portal\/wp-content\/uploads\/2026\/03\/Tratamientodedatos.jpg\",\"contentUrl\":\"https:\/\/www.ucatolica.edu.co\/portal\/wp-content\/uploads\/2026\/03\/Tratamientodedatos.jpg\",\"width\":870,\"height\":522},{\"@type\":\"BreadcrumbList\",\"@id\":\"https:\/\/www.ucatolica.edu.co\/portal\/la-universidad-catolica-de-colombia-actualiza-su-politica-de-tratamiento-de-datos-personales\/#breadcrumb\",\"itemListElement\":[{\"@type\":\"ListItem\",\"position\":1,\"name\":\"Inicio\",\"item\":\"https:\/\/www.ucatolica.edu.co\/portal\/\"},{\"@type\":\"ListItem\",\"position\":2,\"name\":\"La Universidad Cat\u00f3lica de Colombia actualiza su pol\u00edtica de tratamiento de datos personales\"}]},{\"@type\":\"WebSite\",\"@id\":\"https:\/\/www.ucatolica.edu.co\/portal\/#website\",\"url\":\"https:\/\/www.ucatolica.edu.co\/portal\/\",\"name\":\"Universidad Cat\u00f3lica De Colombia\",\"description\":\"Universidad Cat\u00f3lica De Colombia\",\"publisher\":{\"@id\":\"https:\/\/www.ucatolica.edu.co\/portal\/#organization\"},\"potentialAction\":[{\"@type\":\"SearchAction\",\"target\":{\"@type\":\"EntryPoint\",\"urlTemplate\":\"https:\/\/www.ucatolica.edu.co\/portal\/?s={search_term_string}\"},\"query-input\":{\"@type\":\"PropertyValueSpecification\",\"valueRequired\":true,\"valueName\":\"search_term_string\"}}],\"inLanguage\":\"es-CO\"},{\"@type\":\"Organization\",\"@id\":\"https:\/\/www.ucatolica.edu.co\/portal\/#organization\",\"name\":\"Universidad Cat\u00f3lica de Colombia\",\"url\":\"https:\/\/www.ucatolica.edu.co\/portal\/\",\"logo\":{\"@type\":\"ImageObject\",\"inLanguage\":\"es-CO\",\"@id\":\"https:\/\/www.ucatolica.edu.co\/portal\/#\/schema\/logo\/image\/\",\"url\":\"https:\/\/www.ucatolica.edu.co\/portal\/wp-content\/uploads\/2021\/06\/logo-header-ho-1.svg\",\"contentUrl\":\"https:\/\/www.ucatolica.edu.co\/portal\/wp-content\/uploads\/2021\/06\/logo-header-ho-1.svg\",\"width\":1,\"height\":1,\"caption\":\"Universidad Cat\u00f3lica de Colombia\"},\"image\":{\"@id\":\"https:\/\/www.ucatolica.edu.co\/portal\/#\/schema\/logo\/image\/\"},\"sameAs\":[\"https:\/\/www.facebook.com\/ucatolicacolombia\",\"https:\/\/x.com\/UCatolicaCol\",\"https:\/\/www.instagram.com\/universidadcatolicadecolombia\/\",\"https:\/\/www.linkedin.com\/company\/universidadcatolicadecolombia\/\",\"https:\/\/www.youtube.com\/user\/UCatolicaCo\"]},{\"@type\":\"Person\",\"@id\":\"https:\/\/www.ucatolica.edu.co\/portal\/#\/schema\/person\/a7469afff252fba81c6cdc40c80f00b6\",\"name\":\"Cindy Lugo\",\"url\":\"https:\/\/www.ucatolica.edu.co\/portal\/author\/cindy\/\"}]}<\/script>\n<!-- \/ Yoast SEO plugin. -->","yoast_head_json":{"title":"La Universidad Cat\u00f3lica de Colombia actualiza su pol\u00edtica de tratamiento de datos personales - Universidad Cat\u00f3lica De Colombia","robots":{"index":"index","follow":"follow","max-snippet":"max-snippet:-1","max-image-preview":"max-image-preview:large","max-video-preview":"max-video-preview:-1"},"canonical":"https:\/\/www.ucatolica.edu.co\/portal\/la-universidad-catolica-de-colombia-actualiza-su-politica-de-tratamiento-de-datos-personales\/","og_locale":"es_ES","og_type":"article","og_title":"La Universidad Cat\u00f3lica de Colombia actualiza su pol\u00edtica de tratamiento de datos personales - Universidad Cat\u00f3lica De Colombia","og_description":"Con el prop\u00f3sito de fortalecer la protecci\u00f3n de la informaci\u00f3n y adaptarse a los nuevos retos tecnol\u00f3gicos, la Universidad Cat\u00f3lica de Colombia realiza la actualizaci\u00f3n de su Manual de Pol\u00edtica de Tratamiento de Datos Personales, conforme a las disposiciones legales sobre el uso de Inteligencia Artificial. Esta actualizaci\u00f3n responde a cambios normativos que han surgido [&hellip;]","og_url":"https:\/\/www.ucatolica.edu.co\/portal\/la-universidad-catolica-de-colombia-actualiza-su-politica-de-tratamiento-de-datos-personales\/","og_site_name":"Universidad Cat\u00f3lica De Colombia","article_publisher":"https:\/\/www.facebook.com\/ucatolicacolombia","article_published_time":"2026-04-06T15:54:40+00:00","og_image":[{"width":870,"height":522,"url":"https:\/\/www.ucatolica.edu.co\/portal\/wp-content\/uploads\/2026\/03\/Tratamientodedatos.jpg","type":"image\/jpeg"}],"author":"Cindy Lugo","twitter_card":"summary_large_image","twitter_creator":"@UCatolicaCol","twitter_site":"@UCatolicaCol","twitter_misc":{"Escrito por":"Cindy Lugo","Tiempo de lectura":"3 minutos"},"schema":{"@context":"https:\/\/schema.org","@graph":[{"@type":"Article","@id":"https:\/\/www.ucatolica.edu.co\/portal\/la-universidad-catolica-de-colombia-actualiza-su-politica-de-tratamiento-de-datos-personales\/#article","isPartOf":{"@id":"https:\/\/www.ucatolica.edu.co\/portal\/la-universidad-catolica-de-colombia-actualiza-su-politica-de-tratamiento-de-datos-personales\/"},"author":{"name":"Cindy Lugo","@id":"https:\/\/www.ucatolica.edu.co\/portal\/#\/schema\/person\/a7469afff252fba81c6cdc40c80f00b6"},"headline":"La Universidad Cat\u00f3lica de Colombia actualiza su pol\u00edtica de tratamiento de datos personales","datePublished":"2026-04-06T15:54:40+00:00","mainEntityOfPage":{"@id":"https:\/\/www.ucatolica.edu.co\/portal\/la-universidad-catolica-de-colombia-actualiza-su-politica-de-tratamiento-de-datos-personales\/"},"wordCount":583,"publisher":{"@id":"https:\/\/www.ucatolica.edu.co\/portal\/#organization"},"image":{"@id":"https:\/\/www.ucatolica.edu.co\/portal\/la-universidad-catolica-de-colombia-actualiza-su-politica-de-tratamiento-de-datos-personales\/#primaryimage"},"thumbnailUrl":"https:\/\/www.ucatolica.edu.co\/portal\/wp-content\/uploads\/2026\/03\/Tratamientodedatos.jpg","keywords":["Ciencia de datos","Datos Personales","H\u00e1beas Data","Inteligencia Artificial"],"articleSection":["Noticias Principales"],"inLanguage":"es-CO"},{"@type":"WebPage","@id":"https:\/\/www.ucatolica.edu.co\/portal\/la-universidad-catolica-de-colombia-actualiza-su-politica-de-tratamiento-de-datos-personales\/","url":"https:\/\/www.ucatolica.edu.co\/portal\/la-universidad-catolica-de-colombia-actualiza-su-politica-de-tratamiento-de-datos-personales\/","name":"La Universidad Cat\u00f3lica de Colombia actualiza su pol\u00edtica de tratamiento de datos personales - Universidad Cat\u00f3lica De Colombia","isPartOf":{"@id":"https:\/\/www.ucatolica.edu.co\/portal\/#website"},"primaryImageOfPage":{"@id":"https:\/\/www.ucatolica.edu.co\/portal\/la-universidad-catolica-de-colombia-actualiza-su-politica-de-tratamiento-de-datos-personales\/#primaryimage"},"image":{"@id":"https:\/\/www.ucatolica.edu.co\/portal\/la-universidad-catolica-de-colombia-actualiza-su-politica-de-tratamiento-de-datos-personales\/#primaryimage"},"thumbnailUrl":"https:\/\/www.ucatolica.edu.co\/portal\/wp-content\/uploads\/2026\/03\/Tratamientodedatos.jpg","datePublished":"2026-04-06T15:54:40+00:00","breadcrumb":{"@id":"https:\/\/www.ucatolica.edu.co\/portal\/la-universidad-catolica-de-colombia-actualiza-su-politica-de-tratamiento-de-datos-personales\/#breadcrumb"},"inLanguage":"es-CO","potentialAction":[{"@type":"ReadAction","target":["https:\/\/www.ucatolica.edu.co\/portal\/la-universidad-catolica-de-colombia-actualiza-su-politica-de-tratamiento-de-datos-personales\/"]}]},{"@type":"ImageObject","inLanguage":"es-CO","@id":"https:\/\/www.ucatolica.edu.co\/portal\/la-universidad-catolica-de-colombia-actualiza-su-politica-de-tratamiento-de-datos-personales\/#primaryimage","url":"https:\/\/www.ucatolica.edu.co\/portal\/wp-content\/uploads\/2026\/03\/Tratamientodedatos.jpg","contentUrl":"https:\/\/www.ucatolica.edu.co\/portal\/wp-content\/uploads\/2026\/03\/Tratamientodedatos.jpg","width":870,"height":522},{"@type":"BreadcrumbList","@id":"https:\/\/www.ucatolica.edu.co\/portal\/la-universidad-catolica-de-colombia-actualiza-su-politica-de-tratamiento-de-datos-personales\/#breadcrumb","itemListElement":[{"@type":"ListItem","position":1,"name":"Inicio","item":"https:\/\/www.ucatolica.edu.co\/portal\/"},{"@type":"ListItem","position":2,"name":"La Universidad Cat\u00f3lica de Colombia actualiza su pol\u00edtica de tratamiento de datos personales"}]},{"@type":"WebSite","@id":"https:\/\/www.ucatolica.edu.co\/portal\/#website","url":"https:\/\/www.ucatolica.edu.co\/portal\/","name":"Universidad Cat\u00f3lica De Colombia","description":"Universidad Cat\u00f3lica De Colombia","publisher":{"@id":"https:\/\/www.ucatolica.edu.co\/portal\/#organization"},"potentialAction":[{"@type":"SearchAction","target":{"@type":"EntryPoint","urlTemplate":"https:\/\/www.ucatolica.edu.co\/portal\/?s={search_term_string}"},"query-input":{"@type":"PropertyValueSpecification","valueRequired":true,"valueName":"search_term_string"}}],"inLanguage":"es-CO"},{"@type":"Organization","@id":"https:\/\/www.ucatolica.edu.co\/portal\/#organization","name":"Universidad Cat\u00f3lica de Colombia","url":"https:\/\/www.ucatolica.edu.co\/portal\/","logo":{"@type":"ImageObject","inLanguage":"es-CO","@id":"https:\/\/www.ucatolica.edu.co\/portal\/#\/schema\/logo\/image\/","url":"https:\/\/www.ucatolica.edu.co\/portal\/wp-content\/uploads\/2021\/06\/logo-header-ho-1.svg","contentUrl":"https:\/\/www.ucatolica.edu.co\/portal\/wp-content\/uploads\/2021\/06\/logo-header-ho-1.svg","width":1,"height":1,"caption":"Universidad Cat\u00f3lica de Colombia"},"image":{"@id":"https:\/\/www.ucatolica.edu.co\/portal\/#\/schema\/logo\/image\/"},"sameAs":["https:\/\/www.facebook.com\/ucatolicacolombia","https:\/\/x.com\/UCatolicaCol","https:\/\/www.instagram.com\/universidadcatolicadecolombia\/","https:\/\/www.linkedin.com\/company\/universidadcatolicadecolombia\/","https:\/\/www.youtube.com\/user\/UCatolicaCo"]},{"@type":"Person","@id":"https:\/\/www.ucatolica.edu.co\/portal\/#\/schema\/person\/a7469afff252fba81c6cdc40c80f00b6","name":"Cindy Lugo","url":"https:\/\/www.ucatolica.edu.co\/portal\/author\/cindy\/"}]}},"author_meta":{"display_name":"Cindy Lugo","author_link":"https:\/\/www.ucatolica.edu.co\/portal\/author\/cindy\/"},"featured_img":"https:\/\/www.ucatolica.edu.co\/portal\/wp-content\/uploads\/2026\/03\/Tratamientodedatos.jpg","coauthors":[],"tax_additional":{"categories":{"linked":["<a href=\"https:\/\/www.ucatolica.edu.co\/portal\/category\/noticias-principales\/\" class=\"advgb-post-tax-term\">Noticias Principales<\/a>"],"unlinked":["<span class=\"advgb-post-tax-term\">Noticias Principales<\/span>"]},"tags":{"linked":["<a href=\"https:\/\/www.ucatolica.edu.co\/portal\/category\/noticias-principales\/\" class=\"advgb-post-tax-term\">Ciencia de datos<\/a>","<a href=\"https:\/\/www.ucatolica.edu.co\/portal\/category\/noticias-principales\/\" class=\"advgb-post-tax-term\">Datos Personales<\/a>","<a href=\"https:\/\/www.ucatolica.edu.co\/portal\/category\/noticias-principales\/\" class=\"advgb-post-tax-term\">H\u00e1beas Data<\/a>","<a href=\"https:\/\/www.ucatolica.edu.co\/portal\/category\/noticias-principales\/\" class=\"advgb-post-tax-term\">Inteligencia Artificial<\/a>"],"unlinked":["<span class=\"advgb-post-tax-term\">Ciencia de datos<\/span>","<span class=\"advgb-post-tax-term\">Datos Personales<\/span>","<span class=\"advgb-post-tax-term\">H\u00e1beas Data<\/span>","<span class=\"advgb-post-tax-term\">Inteligencia Artificial<\/span>"]}},"comment_count":"0","relative_dates":{"created":"Posted 3 semanas ago","modified":"Updated 3 semanas ago"},"absolute_dates":{"created":"Posted on 6 abril, 2026","modified":"Updated on 6 abril, 2026"},"absolute_dates_time":{"created":"Posted on 6 abril, 2026 10:54 am","modified":"Updated on 6 abril, 2026 10:54 am"},"featured_img_caption":"","series_order":"","_links":{"self":[{"href":"https:\/\/www.ucatolica.edu.co\/portal\/wp-json\/wp\/v2\/posts\/130594","targetHints":{"allow":["GET"]}}],"collection":[{"href":"https:\/\/www.ucatolica.edu.co\/portal\/wp-json\/wp\/v2\/posts"}],"about":[{"href":"https:\/\/www.ucatolica.edu.co\/portal\/wp-json\/wp\/v2\/types\/post"}],"author":[{"embeddable":true,"href":"https:\/\/www.ucatolica.edu.co\/portal\/wp-json\/wp\/v2\/users\/4"}],"replies":[{"embeddable":true,"href":"https:\/\/www.ucatolica.edu.co\/portal\/wp-json\/wp\/v2\/comments?post=130594"}],"version-history":[{"count":4,"href":"https:\/\/www.ucatolica.edu.co\/portal\/wp-json\/wp\/v2\/posts\/130594\/revisions"}],"predecessor-version":[{"id":131603,"href":"https:\/\/www.ucatolica.edu.co\/portal\/wp-json\/wp\/v2\/posts\/130594\/revisions\/131603"}],"wp:featuredmedia":[{"embeddable":true,"href":"https:\/\/www.ucatolica.edu.co\/portal\/wp-json\/wp\/v2\/media\/130609"}],"wp:attachment":[{"href":"https:\/\/www.ucatolica.edu.co\/portal\/wp-json\/wp\/v2\/media?parent=130594"}],"wp:term":[{"taxonomy":"category","embeddable":true,"href":"https:\/\/www.ucatolica.edu.co\/portal\/wp-json\/wp\/v2\/categories?post=130594"},{"taxonomy":"post_tag","embeddable":true,"href":"https:\/\/www.ucatolica.edu.co\/portal\/wp-json\/wp\/v2\/tags?post=130594"}],"curies":[{"name":"wp","href":"https:\/\/api.w.org\/{rel}","templated":true}]}}