{"id":130597,"date":"2026-03-09T11:24:07","date_gmt":"2026-03-09T16:24:07","guid":{"rendered":"https:\/\/www.ucatolica.edu.co\/portal\/?p=130597"},"modified":"2026-03-09T11:25:29","modified_gmt":"2026-03-09T16:25:29","slug":"universidad-catolica-de-colombia-reconocio-a-72-estudiantes-por-su-excelencia-academica","status":"publish","type":"post","link":"https:\/\/www.ucatolica.edu.co\/portal\/universidad-catolica-de-colombia-reconocio-a-72-estudiantes-por-su-excelencia-academica\/","title":{"rendered":"Universidad Cat\u00f3lica de Colombia reconoci\u00f3 a 72 estudiantes por su excelencia acad\u00e9mica"},"content":{"rendered":"\n<p>El pasado viernes 27 de febrero se llev\u00f3 a cabo la ceremonia de Reconocimiento a la Excelencia Acad\u00e9mica, un espacio dedicado a exaltar el esfuerzo, la disciplina y el compromiso de sus estudiantes destacados. El evento tuvo lugar en el Centro de Convenciones de la Sede 4 y reuni\u00f3 a directivas acad\u00e9micas, estudiantes y familiares en una jornada llena de orgullo y emoci\u00f3n.<\/p>\n\n\n\n<p>Durante la ceremonia fueron homenajeados 72 estudiantes de pregrado, quienes obtuvieron los m\u00e1s altos promedios acad\u00e9micos del semestre anterior. Este reconocimiento resalta el compromiso de los estudiantes con su formaci\u00f3n profesional y con los valores institucionales que promueve la Universidad.<\/p>\n\n\n\n<p><strong>Un reconocimiento al esfuerzo y al acompa\u00f1amiento familiar<\/strong><\/p>\n\n\n\n<p>La ceremonia estuvo marcada por un ambiente emotivo en el que las directivas acad\u00e9micas resaltaron el papel fundamental del apoyo familiar en el desempe\u00f1o estudiantil, as\u00ed como la importancia de la disciplina, la constancia y la responsabilidad social y cultural que implica el ejercicio profesional.<\/p>\n\n\n<div class=\"wp-block-image\">\n<figure class=\"aligncenter size-full is-resized\"><img fetchpriority=\"high\" decoding=\"async\" width=\"871\" height=\"523\" src=\"https:\/\/www.ucatolica.edu.co\/portal\/wp-content\/uploads\/2026\/03\/Mesa-de-trabajo-9-100.jpg\" alt=\"\" class=\"wp-image-130599\" style=\"width:698px;height:auto\" srcset=\"https:\/\/www.ucatolica.edu.co\/portal\/wp-content\/uploads\/2026\/03\/Mesa-de-trabajo-9-100.jpg 871w, https:\/\/www.ucatolica.edu.co\/portal\/wp-content\/uploads\/2026\/03\/Mesa-de-trabajo-9-100-768x461.jpg 768w\" sizes=\"(max-width: 871px) 100vw, 871px\" \/><\/figure>\n<\/div>\n\n\n<p><\/p>\n\n\n<div class=\"wp-block-image\">\n<figure class=\"aligncenter size-full is-resized\"><img decoding=\"async\" width=\"871\" height=\"523\" src=\"https:\/\/www.ucatolica.edu.co\/portal\/wp-content\/uploads\/2026\/03\/Mesa-de-trabajo-10-100-1.jpg\" alt=\"\" class=\"wp-image-130601\" style=\"width:707px;height:auto\" srcset=\"https:\/\/www.ucatolica.edu.co\/portal\/wp-content\/uploads\/2026\/03\/Mesa-de-trabajo-10-100-1.jpg 871w, https:\/\/www.ucatolica.edu.co\/portal\/wp-content\/uploads\/2026\/03\/Mesa-de-trabajo-10-100-1-768x461.jpg 768w\" sizes=\"(max-width: 871px) 100vw, 871px\" \/><\/figure>\n<\/div>\n\n\n<p><strong>Voces que inspiran<\/strong><\/p>\n\n\n\n<p>Durante el evento, algunos de los estudiantes reconocidos compartieron reflexiones sobre su proceso acad\u00e9mico y las motivaciones que los impulsan a alcanzar la excelencia.<\/p>\n\n\n\n<p>Esteban \u00c1lvarez, estudiante de segundo semestre de Ingenier\u00eda Industrial, expres\u00f3:<\/p>\n\n\n\n<p>\u201cCreo que los h\u00e1bitos que m\u00e1s me ayudaron en el primer semestre fueron confiar en Dios y entregarle todas mis cargas. Siempre me motiva pensar que es posible cumplir mis sue\u00f1os si soy excelente. Desde peque\u00f1o aprend\u00ed que sacrificar ciertas cosas para alcanzar la excelencia realmente vale la pena\u201d.<\/p>\n\n\n\n<p>Por su parte, Gabriela Parada destac\u00f3 el papel de su familia en la construcci\u00f3n de sus h\u00e1bitos de estudio y disciplina:<\/p>\n\n\n\n<p>\u201cSiento que los h\u00e1bitos vienen de mi familia, especialmente de mi madre, quien siempre me inculc\u00f3 hacer lo que amaba con pasi\u00f3n y dedicaci\u00f3n. Me ense\u00f1\u00f3 a ser muy dedicada en mis estudios, pero siempre desde lo que realmente me gustaba. Muchas noches, despu\u00e9s de llegar de la universidad, continuaba trabajando en mis actividades y proyectos, y los fines de semana trataba de equilibrarlo compartiendo con ese soporte y pilar en mi vida que han sido mi madre y mi hermana\u201d.<\/p>\n\n\n\n<figure class=\"wp-block-embed is-type-video is-provider-youtube wp-block-embed-youtube wp-embed-aspect-16-9 wp-has-aspect-ratio\"><div class=\"wp-block-embed__wrapper\">\n<div class=\"video-container\"><iframe title=\"5639 Excelencia Academica\" width=\"500\" height=\"281\" src=\"https:\/\/www.youtube.com\/embed\/QHsygSokK9E?feature=oembed\" frameborder=\"0\" allow=\"accelerometer; autoplay; clipboard-write; encrypted-media; gyroscope; picture-in-picture; web-share\" referrerpolicy=\"strict-origin-when-cross-origin\" allowfullscreen><\/iframe><\/div>\n<\/div><\/figure>\n\n\n\n<p>Conozca a nuestros estudiantes galardonados aqu\u00ed:<\/p>\n\n\n\n<figure class=\"wp-block-image size-full\"><img decoding=\"async\" width=\"2560\" height=\"1354\" src=\"https:\/\/www.ucatolica.edu.co\/portal\/wp-content\/uploads\/2026\/03\/Tabla-Estudiantes_Galardonados-scaled.jpg\" alt=\"\" class=\"wp-image-130602\" srcset=\"https:\/\/www.ucatolica.edu.co\/portal\/wp-content\/uploads\/2026\/03\/Tabla-Estudiantes_Galardonados-scaled.jpg 2560w, https:\/\/www.ucatolica.edu.co\/portal\/wp-content\/uploads\/2026\/03\/Tabla-Estudiantes_Galardonados-768x406.jpg 768w, https:\/\/www.ucatolica.edu.co\/portal\/wp-content\/uploads\/2026\/03\/Tabla-Estudiantes_Galardonados-1536x812.jpg 1536w, https:\/\/www.ucatolica.edu.co\/portal\/wp-content\/uploads\/2026\/03\/Tabla-Estudiantes_Galardonados-2048x1083.jpg 2048w, https:\/\/www.ucatolica.edu.co\/portal\/wp-content\/uploads\/2026\/03\/Tabla-Estudiantes_Galardonados-1568x829.jpg 1568w\" sizes=\"(max-width: 2560px) 100vw, 2560px\" \/><\/figure>\n\n\n\n<p><strong>Compromiso con la excelencia<\/strong><\/p>\n\n\n\n<p>Con este homenaje, la Universidad Cat\u00f3lica de Colombia reafirma su compromiso con la excelencia acad\u00e9mica e investigativa, promoviendo una formaci\u00f3n integral que impulsa el desarrollo del conocimiento y contribuye a la transformaci\u00f3n social y cultural del pa\u00eds.<\/p>\n","protected":false},"excerpt":{"rendered":"<p>El pasado viernes 27 de febrero se llev\u00f3 a cabo la ceremonia de Reconocimiento a la Excelencia Acad\u00e9mica, un espacio dedicado a exaltar el esfuerzo, la disciplina y el compromiso de sus estudiantes destacados. El evento tuvo lugar en el Centro de Convenciones de la Sede 4 y reuni\u00f3 a directivas acad\u00e9micas, estudiantes y familiares [&hellip;]<\/p>\n","protected":false},"author":61,"featured_media":130598,"comment_status":"closed","ping_status":"closed","sticky":false,"template":"","format":"standard","meta":{"_acf_changed":false,"advgb_blocks_editor_width":"","advgb_blocks_columns_visual_guide":"","footnotes":""},"categories":[93],"tags":[148,1034,763],"class_list":["post-130597","post","type-post","status-publish","format-standard","has-post-thumbnail","hentry","category-noticias-principales","tag-bienestar-universitario","tag-excelencia-academica","tag-reconocimiento"],"acf":[],"yoast_head":"<!-- This site is optimized with the Yoast SEO plugin v26.7 - https:\/\/yoast.com\/wordpress\/plugins\/seo\/ -->\n<title>Universidad Cat\u00f3lica de Colombia reconoci\u00f3 a 72 estudiantes por su excelencia acad\u00e9mica - Universidad Cat\u00f3lica De Colombia<\/title>\n<meta name=\"robots\" content=\"index, follow, max-snippet:-1, max-image-preview:large, max-video-preview:-1\" \/>\n<link rel=\"canonical\" href=\"https:\/\/www.ucatolica.edu.co\/portal\/universidad-catolica-de-colombia-reconocio-a-72-estudiantes-por-su-excelencia-academica\/\" \/>\n<meta property=\"og:locale\" content=\"es_ES\" \/>\n<meta property=\"og:type\" content=\"article\" \/>\n<meta property=\"og:title\" content=\"Universidad Cat\u00f3lica de Colombia reconoci\u00f3 a 72 estudiantes por su excelencia acad\u00e9mica - Universidad Cat\u00f3lica De Colombia\" \/>\n<meta property=\"og:description\" content=\"El pasado viernes 27 de febrero se llev\u00f3 a cabo la ceremonia de Reconocimiento a la Excelencia Acad\u00e9mica, un espacio dedicado a exaltar el esfuerzo, la disciplina y el compromiso de sus estudiantes destacados. El evento tuvo lugar en el Centro de Convenciones de la Sede 4 y reuni\u00f3 a directivas acad\u00e9micas, estudiantes y familiares [&hellip;]\" \/>\n<meta property=\"og:url\" content=\"https:\/\/www.ucatolica.edu.co\/portal\/universidad-catolica-de-colombia-reconocio-a-72-estudiantes-por-su-excelencia-academica\/\" \/>\n<meta property=\"og:site_name\" content=\"Universidad Cat\u00f3lica De Colombia\" \/>\n<meta property=\"article:publisher\" content=\"https:\/\/www.facebook.com\/ucatolicacolombia\" \/>\n<meta property=\"article:published_time\" content=\"2026-03-09T16:24:07+00:00\" \/>\n<meta property=\"article:modified_time\" content=\"2026-03-09T16:25:29+00:00\" \/>\n<meta property=\"og:image\" content=\"https:\/\/www.ucatolica.edu.co\/portal\/wp-content\/uploads\/2026\/03\/Mesa-de-trabajo-8-100.jpg\" \/>\n\t<meta property=\"og:image:width\" content=\"871\" \/>\n\t<meta property=\"og:image:height\" content=\"523\" \/>\n\t<meta property=\"og:image:type\" content=\"image\/jpeg\" \/>\n<meta name=\"author\" content=\"Leidy Dayanna Jaramillo Tavera\" \/>\n<meta name=\"twitter:card\" content=\"summary_large_image\" \/>\n<meta name=\"twitter:creator\" content=\"@UCatolicaCol\" \/>\n<meta name=\"twitter:site\" content=\"@UCatolicaCol\" \/>\n<meta name=\"twitter:label1\" content=\"Escrito por\" \/>\n\t<meta name=\"twitter:data1\" content=\"Leidy Dayanna Jaramillo Tavera\" \/>\n\t<meta name=\"twitter:label2\" content=\"Tiempo de lectura\" \/>\n\t<meta name=\"twitter:data2\" content=\"2 minutos\" \/>\n<script type=\"application\/ld+json\" class=\"yoast-schema-graph\">{\"@context\":\"https:\/\/schema.org\",\"@graph\":[{\"@type\":\"Article\",\"@id\":\"https:\/\/www.ucatolica.edu.co\/portal\/universidad-catolica-de-colombia-reconocio-a-72-estudiantes-por-su-excelencia-academica\/#article\",\"isPartOf\":{\"@id\":\"https:\/\/www.ucatolica.edu.co\/portal\/universidad-catolica-de-colombia-reconocio-a-72-estudiantes-por-su-excelencia-academica\/\"},\"author\":{\"name\":\"Leidy Dayanna Jaramillo Tavera\",\"@id\":\"https:\/\/www.ucatolica.edu.co\/portal\/#\/schema\/person\/c03ebc5b4f80ce7b8947aa9ddece408a\"},\"headline\":\"Universidad Cat\u00f3lica de Colombia reconoci\u00f3 a 72 estudiantes por su excelencia acad\u00e9mica\",\"datePublished\":\"2026-03-09T16:24:07+00:00\",\"dateModified\":\"2026-03-09T16:25:29+00:00\",\"mainEntityOfPage\":{\"@id\":\"https:\/\/www.ucatolica.edu.co\/portal\/universidad-catolica-de-colombia-reconocio-a-72-estudiantes-por-su-excelencia-academica\/\"},\"wordCount\":432,\"publisher\":{\"@id\":\"https:\/\/www.ucatolica.edu.co\/portal\/#organization\"},\"image\":{\"@id\":\"https:\/\/www.ucatolica.edu.co\/portal\/universidad-catolica-de-colombia-reconocio-a-72-estudiantes-por-su-excelencia-academica\/#primaryimage\"},\"thumbnailUrl\":\"https:\/\/www.ucatolica.edu.co\/portal\/wp-content\/uploads\/2026\/03\/Mesa-de-trabajo-8-100.jpg\",\"keywords\":[\"Bienestar Universitario\",\"Excelencia Acad\u00e9mica\",\"Reconocimiento\"],\"articleSection\":[\"Noticias Principales\"],\"inLanguage\":\"es-CO\"},{\"@type\":\"WebPage\",\"@id\":\"https:\/\/www.ucatolica.edu.co\/portal\/universidad-catolica-de-colombia-reconocio-a-72-estudiantes-por-su-excelencia-academica\/\",\"url\":\"https:\/\/www.ucatolica.edu.co\/portal\/universidad-catolica-de-colombia-reconocio-a-72-estudiantes-por-su-excelencia-academica\/\",\"name\":\"Universidad Cat\u00f3lica de Colombia reconoci\u00f3 a 72 estudiantes por su excelencia acad\u00e9mica - Universidad Cat\u00f3lica De Colombia\",\"isPartOf\":{\"@id\":\"https:\/\/www.ucatolica.edu.co\/portal\/#website\"},\"primaryImageOfPage\":{\"@id\":\"https:\/\/www.ucatolica.edu.co\/portal\/universidad-catolica-de-colombia-reconocio-a-72-estudiantes-por-su-excelencia-academica\/#primaryimage\"},\"image\":{\"@id\":\"https:\/\/www.ucatolica.edu.co\/portal\/universidad-catolica-de-colombia-reconocio-a-72-estudiantes-por-su-excelencia-academica\/#primaryimage\"},\"thumbnailUrl\":\"https:\/\/www.ucatolica.edu.co\/portal\/wp-content\/uploads\/2026\/03\/Mesa-de-trabajo-8-100.jpg\",\"datePublished\":\"2026-03-09T16:24:07+00:00\",\"dateModified\":\"2026-03-09T16:25:29+00:00\",\"breadcrumb\":{\"@id\":\"https:\/\/www.ucatolica.edu.co\/portal\/universidad-catolica-de-colombia-reconocio-a-72-estudiantes-por-su-excelencia-academica\/#breadcrumb\"},\"inLanguage\":\"es-CO\",\"potentialAction\":[{\"@type\":\"ReadAction\",\"target\":[\"https:\/\/www.ucatolica.edu.co\/portal\/universidad-catolica-de-colombia-reconocio-a-72-estudiantes-por-su-excelencia-academica\/\"]}]},{\"@type\":\"ImageObject\",\"inLanguage\":\"es-CO\",\"@id\":\"https:\/\/www.ucatolica.edu.co\/portal\/universidad-catolica-de-colombia-reconocio-a-72-estudiantes-por-su-excelencia-academica\/#primaryimage\",\"url\":\"https:\/\/www.ucatolica.edu.co\/portal\/wp-content\/uploads\/2026\/03\/Mesa-de-trabajo-8-100.jpg\",\"contentUrl\":\"https:\/\/www.ucatolica.edu.co\/portal\/wp-content\/uploads\/2026\/03\/Mesa-de-trabajo-8-100.jpg\",\"width\":871,\"height\":523},{\"@type\":\"BreadcrumbList\",\"@id\":\"https:\/\/www.ucatolica.edu.co\/portal\/universidad-catolica-de-colombia-reconocio-a-72-estudiantes-por-su-excelencia-academica\/#breadcrumb\",\"itemListElement\":[{\"@type\":\"ListItem\",\"position\":1,\"name\":\"Inicio\",\"item\":\"https:\/\/www.ucatolica.edu.co\/portal\/\"},{\"@type\":\"ListItem\",\"position\":2,\"name\":\"Universidad Cat\u00f3lica de Colombia reconoci\u00f3 a 72 estudiantes por su excelencia acad\u00e9mica\"}]},{\"@type\":\"WebSite\",\"@id\":\"https:\/\/www.ucatolica.edu.co\/portal\/#website\",\"url\":\"https:\/\/www.ucatolica.edu.co\/portal\/\",\"name\":\"Universidad Cat\u00f3lica De Colombia\",\"description\":\"Universidad Cat\u00f3lica De Colombia\",\"publisher\":{\"@id\":\"https:\/\/www.ucatolica.edu.co\/portal\/#organization\"},\"potentialAction\":[{\"@type\":\"SearchAction\",\"target\":{\"@type\":\"EntryPoint\",\"urlTemplate\":\"https:\/\/www.ucatolica.edu.co\/portal\/?s={search_term_string}\"},\"query-input\":{\"@type\":\"PropertyValueSpecification\",\"valueRequired\":true,\"valueName\":\"search_term_string\"}}],\"inLanguage\":\"es-CO\"},{\"@type\":\"Organization\",\"@id\":\"https:\/\/www.ucatolica.edu.co\/portal\/#organization\",\"name\":\"Universidad Cat\u00f3lica de Colombia\",\"url\":\"https:\/\/www.ucatolica.edu.co\/portal\/\",\"logo\":{\"@type\":\"ImageObject\",\"inLanguage\":\"es-CO\",\"@id\":\"https:\/\/www.ucatolica.edu.co\/portal\/#\/schema\/logo\/image\/\",\"url\":\"https:\/\/www.ucatolica.edu.co\/portal\/wp-content\/uploads\/2021\/06\/logo-header-ho-1.svg\",\"contentUrl\":\"https:\/\/www.ucatolica.edu.co\/portal\/wp-content\/uploads\/2021\/06\/logo-header-ho-1.svg\",\"width\":1,\"height\":1,\"caption\":\"Universidad Cat\u00f3lica de Colombia\"},\"image\":{\"@id\":\"https:\/\/www.ucatolica.edu.co\/portal\/#\/schema\/logo\/image\/\"},\"sameAs\":[\"https:\/\/www.facebook.com\/ucatolicacolombia\",\"https:\/\/x.com\/UCatolicaCol\",\"https:\/\/www.instagram.com\/universidadcatolicadecolombia\/\",\"https:\/\/www.linkedin.com\/company\/universidadcatolicadecolombia\/\",\"https:\/\/www.youtube.com\/user\/UCatolicaCo\"]},{\"@type\":\"Person\",\"@id\":\"https:\/\/www.ucatolica.edu.co\/portal\/#\/schema\/person\/c03ebc5b4f80ce7b8947aa9ddece408a\",\"name\":\"Leidy Dayanna Jaramillo Tavera\",\"url\":\"https:\/\/www.ucatolica.edu.co\/portal\/author\/dayana\/\"}]}<\/script>\n<!-- \/ Yoast SEO plugin. -->","yoast_head_json":{"title":"Universidad Cat\u00f3lica de Colombia reconoci\u00f3 a 72 estudiantes por su excelencia acad\u00e9mica - Universidad Cat\u00f3lica De Colombia","robots":{"index":"index","follow":"follow","max-snippet":"max-snippet:-1","max-image-preview":"max-image-preview:large","max-video-preview":"max-video-preview:-1"},"canonical":"https:\/\/www.ucatolica.edu.co\/portal\/universidad-catolica-de-colombia-reconocio-a-72-estudiantes-por-su-excelencia-academica\/","og_locale":"es_ES","og_type":"article","og_title":"Universidad Cat\u00f3lica de Colombia reconoci\u00f3 a 72 estudiantes por su excelencia acad\u00e9mica - Universidad Cat\u00f3lica De Colombia","og_description":"El pasado viernes 27 de febrero se llev\u00f3 a cabo la ceremonia de Reconocimiento a la Excelencia Acad\u00e9mica, un espacio dedicado a exaltar el esfuerzo, la disciplina y el compromiso de sus estudiantes destacados. El evento tuvo lugar en el Centro de Convenciones de la Sede 4 y reuni\u00f3 a directivas acad\u00e9micas, estudiantes y familiares [&hellip;]","og_url":"https:\/\/www.ucatolica.edu.co\/portal\/universidad-catolica-de-colombia-reconocio-a-72-estudiantes-por-su-excelencia-academica\/","og_site_name":"Universidad Cat\u00f3lica De Colombia","article_publisher":"https:\/\/www.facebook.com\/ucatolicacolombia","article_published_time":"2026-03-09T16:24:07+00:00","article_modified_time":"2026-03-09T16:25:29+00:00","og_image":[{"width":871,"height":523,"url":"https:\/\/www.ucatolica.edu.co\/portal\/wp-content\/uploads\/2026\/03\/Mesa-de-trabajo-8-100.jpg","type":"image\/jpeg"}],"author":"Leidy Dayanna Jaramillo Tavera","twitter_card":"summary_large_image","twitter_creator":"@UCatolicaCol","twitter_site":"@UCatolicaCol","twitter_misc":{"Escrito por":"Leidy Dayanna Jaramillo Tavera","Tiempo de lectura":"2 minutos"},"schema":{"@context":"https:\/\/schema.org","@graph":[{"@type":"Article","@id":"https:\/\/www.ucatolica.edu.co\/portal\/universidad-catolica-de-colombia-reconocio-a-72-estudiantes-por-su-excelencia-academica\/#article","isPartOf":{"@id":"https:\/\/www.ucatolica.edu.co\/portal\/universidad-catolica-de-colombia-reconocio-a-72-estudiantes-por-su-excelencia-academica\/"},"author":{"name":"Leidy Dayanna Jaramillo Tavera","@id":"https:\/\/www.ucatolica.edu.co\/portal\/#\/schema\/person\/c03ebc5b4f80ce7b8947aa9ddece408a"},"headline":"Universidad Cat\u00f3lica de Colombia reconoci\u00f3 a 72 estudiantes por su excelencia acad\u00e9mica","datePublished":"2026-03-09T16:24:07+00:00","dateModified":"2026-03-09T16:25:29+00:00","mainEntityOfPage":{"@id":"https:\/\/www.ucatolica.edu.co\/portal\/universidad-catolica-de-colombia-reconocio-a-72-estudiantes-por-su-excelencia-academica\/"},"wordCount":432,"publisher":{"@id":"https:\/\/www.ucatolica.edu.co\/portal\/#organization"},"image":{"@id":"https:\/\/www.ucatolica.edu.co\/portal\/universidad-catolica-de-colombia-reconocio-a-72-estudiantes-por-su-excelencia-academica\/#primaryimage"},"thumbnailUrl":"https:\/\/www.ucatolica.edu.co\/portal\/wp-content\/uploads\/2026\/03\/Mesa-de-trabajo-8-100.jpg","keywords":["Bienestar Universitario","Excelencia Acad\u00e9mica","Reconocimiento"],"articleSection":["Noticias Principales"],"inLanguage":"es-CO"},{"@type":"WebPage","@id":"https:\/\/www.ucatolica.edu.co\/portal\/universidad-catolica-de-colombia-reconocio-a-72-estudiantes-por-su-excelencia-academica\/","url":"https:\/\/www.ucatolica.edu.co\/portal\/universidad-catolica-de-colombia-reconocio-a-72-estudiantes-por-su-excelencia-academica\/","name":"Universidad Cat\u00f3lica de Colombia reconoci\u00f3 a 72 estudiantes por su excelencia acad\u00e9mica - Universidad Cat\u00f3lica De Colombia","isPartOf":{"@id":"https:\/\/www.ucatolica.edu.co\/portal\/#website"},"primaryImageOfPage":{"@id":"https:\/\/www.ucatolica.edu.co\/portal\/universidad-catolica-de-colombia-reconocio-a-72-estudiantes-por-su-excelencia-academica\/#primaryimage"},"image":{"@id":"https:\/\/www.ucatolica.edu.co\/portal\/universidad-catolica-de-colombia-reconocio-a-72-estudiantes-por-su-excelencia-academica\/#primaryimage"},"thumbnailUrl":"https:\/\/www.ucatolica.edu.co\/portal\/wp-content\/uploads\/2026\/03\/Mesa-de-trabajo-8-100.jpg","datePublished":"2026-03-09T16:24:07+00:00","dateModified":"2026-03-09T16:25:29+00:00","breadcrumb":{"@id":"https:\/\/www.ucatolica.edu.co\/portal\/universidad-catolica-de-colombia-reconocio-a-72-estudiantes-por-su-excelencia-academica\/#breadcrumb"},"inLanguage":"es-CO","potentialAction":[{"@type":"ReadAction","target":["https:\/\/www.ucatolica.edu.co\/portal\/universidad-catolica-de-colombia-reconocio-a-72-estudiantes-por-su-excelencia-academica\/"]}]},{"@type":"ImageObject","inLanguage":"es-CO","@id":"https:\/\/www.ucatolica.edu.co\/portal\/universidad-catolica-de-colombia-reconocio-a-72-estudiantes-por-su-excelencia-academica\/#primaryimage","url":"https:\/\/www.ucatolica.edu.co\/portal\/wp-content\/uploads\/2026\/03\/Mesa-de-trabajo-8-100.jpg","contentUrl":"https:\/\/www.ucatolica.edu.co\/portal\/wp-content\/uploads\/2026\/03\/Mesa-de-trabajo-8-100.jpg","width":871,"height":523},{"@type":"BreadcrumbList","@id":"https:\/\/www.ucatolica.edu.co\/portal\/universidad-catolica-de-colombia-reconocio-a-72-estudiantes-por-su-excelencia-academica\/#breadcrumb","itemListElement":[{"@type":"ListItem","position":1,"name":"Inicio","item":"https:\/\/www.ucatolica.edu.co\/portal\/"},{"@type":"ListItem","position":2,"name":"Universidad Cat\u00f3lica de Colombia reconoci\u00f3 a 72 estudiantes por su excelencia acad\u00e9mica"}]},{"@type":"WebSite","@id":"https:\/\/www.ucatolica.edu.co\/portal\/#website","url":"https:\/\/www.ucatolica.edu.co\/portal\/","name":"Universidad Cat\u00f3lica De Colombia","description":"Universidad Cat\u00f3lica De Colombia","publisher":{"@id":"https:\/\/www.ucatolica.edu.co\/portal\/#organization"},"potentialAction":[{"@type":"SearchAction","target":{"@type":"EntryPoint","urlTemplate":"https:\/\/www.ucatolica.edu.co\/portal\/?s={search_term_string}"},"query-input":{"@type":"PropertyValueSpecification","valueRequired":true,"valueName":"search_term_string"}}],"inLanguage":"es-CO"},{"@type":"Organization","@id":"https:\/\/www.ucatolica.edu.co\/portal\/#organization","name":"Universidad Cat\u00f3lica de Colombia","url":"https:\/\/www.ucatolica.edu.co\/portal\/","logo":{"@type":"ImageObject","inLanguage":"es-CO","@id":"https:\/\/www.ucatolica.edu.co\/portal\/#\/schema\/logo\/image\/","url":"https:\/\/www.ucatolica.edu.co\/portal\/wp-content\/uploads\/2021\/06\/logo-header-ho-1.svg","contentUrl":"https:\/\/www.ucatolica.edu.co\/portal\/wp-content\/uploads\/2021\/06\/logo-header-ho-1.svg","width":1,"height":1,"caption":"Universidad Cat\u00f3lica de Colombia"},"image":{"@id":"https:\/\/www.ucatolica.edu.co\/portal\/#\/schema\/logo\/image\/"},"sameAs":["https:\/\/www.facebook.com\/ucatolicacolombia","https:\/\/x.com\/UCatolicaCol","https:\/\/www.instagram.com\/universidadcatolicadecolombia\/","https:\/\/www.linkedin.com\/company\/universidadcatolicadecolombia\/","https:\/\/www.youtube.com\/user\/UCatolicaCo"]},{"@type":"Person","@id":"https:\/\/www.ucatolica.edu.co\/portal\/#\/schema\/person\/c03ebc5b4f80ce7b8947aa9ddece408a","name":"Leidy Dayanna Jaramillo Tavera","url":"https:\/\/www.ucatolica.edu.co\/portal\/author\/dayana\/"}]}},"author_meta":{"display_name":"Leidy Dayanna Jaramillo Tavera","author_link":"https:\/\/www.ucatolica.edu.co\/portal\/author\/dayana\/"},"featured_img":"https:\/\/www.ucatolica.edu.co\/portal\/wp-content\/uploads\/2026\/03\/Mesa-de-trabajo-8-100.jpg","coauthors":[],"tax_additional":{"categories":{"linked":["<a href=\"https:\/\/www.ucatolica.edu.co\/portal\/category\/noticias-principales\/\" class=\"advgb-post-tax-term\">Noticias Principales<\/a>"],"unlinked":["<span class=\"advgb-post-tax-term\">Noticias Principales<\/span>"]},"tags":{"linked":["<a href=\"https:\/\/www.ucatolica.edu.co\/portal\/category\/noticias-principales\/\" class=\"advgb-post-tax-term\">Bienestar Universitario<\/a>","<a href=\"https:\/\/www.ucatolica.edu.co\/portal\/category\/noticias-principales\/\" class=\"advgb-post-tax-term\">Excelencia Acad\u00e9mica<\/a>","<a href=\"https:\/\/www.ucatolica.edu.co\/portal\/category\/noticias-principales\/\" class=\"advgb-post-tax-term\">Reconocimiento<\/a>"],"unlinked":["<span class=\"advgb-post-tax-term\">Bienestar Universitario<\/span>","<span class=\"advgb-post-tax-term\">Excelencia Acad\u00e9mica<\/span>","<span class=\"advgb-post-tax-term\">Reconocimiento<\/span>"]}},"comment_count":"0","relative_dates":{"created":"Posted 2 meses ago","modified":"Updated 2 meses ago"},"absolute_dates":{"created":"Posted on 9 marzo, 2026","modified":"Updated on 9 marzo, 2026"},"absolute_dates_time":{"created":"Posted on 9 marzo, 2026 11:24 am","modified":"Updated on 9 marzo, 2026 11:25 am"},"featured_img_caption":"","series_order":"","_links":{"self":[{"href":"https:\/\/www.ucatolica.edu.co\/portal\/wp-json\/wp\/v2\/posts\/130597","targetHints":{"allow":["GET"]}}],"collection":[{"href":"https:\/\/www.ucatolica.edu.co\/portal\/wp-json\/wp\/v2\/posts"}],"about":[{"href":"https:\/\/www.ucatolica.edu.co\/portal\/wp-json\/wp\/v2\/types\/post"}],"author":[{"embeddable":true,"href":"https:\/\/www.ucatolica.edu.co\/portal\/wp-json\/wp\/v2\/users\/61"}],"replies":[{"embeddable":true,"href":"https:\/\/www.ucatolica.edu.co\/portal\/wp-json\/wp\/v2\/comments?post=130597"}],"version-history":[{"count":2,"href":"https:\/\/www.ucatolica.edu.co\/portal\/wp-json\/wp\/v2\/posts\/130597\/revisions"}],"predecessor-version":[{"id":130604,"href":"https:\/\/www.ucatolica.edu.co\/portal\/wp-json\/wp\/v2\/posts\/130597\/revisions\/130604"}],"wp:featuredmedia":[{"embeddable":true,"href":"https:\/\/www.ucatolica.edu.co\/portal\/wp-json\/wp\/v2\/media\/130598"}],"wp:attachment":[{"href":"https:\/\/www.ucatolica.edu.co\/portal\/wp-json\/wp\/v2\/media?parent=130597"}],"wp:term":[{"taxonomy":"category","embeddable":true,"href":"https:\/\/www.ucatolica.edu.co\/portal\/wp-json\/wp\/v2\/categories?post=130597"},{"taxonomy":"post_tag","embeddable":true,"href":"https:\/\/www.ucatolica.edu.co\/portal\/wp-json\/wp\/v2\/tags?post=130597"}],"curies":[{"name":"wp","href":"https:\/\/api.w.org\/{rel}","templated":true}]}}