{"id":130625,"date":"2026-03-10T10:42:16","date_gmt":"2026-03-10T15:42:16","guid":{"rendered":"https:\/\/www.ucatolica.edu.co\/portal\/?p=130625"},"modified":"2026-03-10T10:42:35","modified_gmt":"2026-03-10T15:42:35","slug":"caminata-ecologica-al-sendero-quebrada-la-vieja","status":"publish","type":"post","link":"https:\/\/www.ucatolica.edu.co\/portal\/caminata-ecologica-al-sendero-quebrada-la-vieja\/","title":{"rendered":"Caminata ecol\u00f3gica al sendero Quebrada La Vieja"},"content":{"rendered":"\n<p>Bienestar Universitario y su Coordinaci\u00f3n de Deportes, Recreaci\u00f3n y Actividad F\u00edsica, invita a estudiantes, docentes, administrativos y egresados a participar en una caminata ecol\u00f3gica por el sendero de Quebrada La Vieja, uno de los espacios naturales m\u00e1s emblem\u00e1ticos para el encuentro con la naturaleza en la ciudad.<\/p>\n\n\n\n<p><strong>Fecha:<\/strong> S\u00e1bado 21 de marzo<\/p>\n\n\n\n<p><strong>Hora de salida:<\/strong> 7:00 a. m.<\/p>\n\n\n\n<p>Punto de encuentro la esquina de la calle 72 con carrera 7, desde donde partir\u00e1 el grupo hacia el sendero.<\/p>\n\n\n\n<p>Esta jornada busca promover h\u00e1bitos de vida saludable, el bienestar integral y la conciencia ambiental entre los miembros de la comunidad universitaria, mediante una experiencia de actividad f\u00edsica al aire libre y contacto con el entorno natural de Bogot\u00e1.<\/p>\n\n\n\n<p>Para participar es necesario inscribirse <a href=\"https:\/\/forms.office.com\/r\/kbY7G9j4CK\">aqu\u00ed<\/a> y entregar los siguientes documentos:<\/p>\n\n\n\n<ul class=\"wp-block-list\">\n<li>Fotocopia del carn\u00e9 estudiantil.<\/li>\n\n\n\n<li>Certificado de salud o EPS vigente.<\/li>\n\n\n\n<li>Carta de exenci\u00f3n de responsabilidad y Habeas Data (disponible en ventanilla de Bienestar Universitario).<\/li>\n\n\n\n<li>Para menores .de edad, autorizaci\u00f3n firmada por los padres.<\/li>\n<\/ul>\n\n\n\n<p>Los documentos pueden entregarse en la ventanilla de Bienestar Universitario Sede El Claustro, en Bienestar Sede Carrera 13, o enviarse escaneados al correo <a href=\"operdomoc@ucatolica.edu.co\">operdomoc@ucatolica.edu.co<\/a>.<\/p>\n\n\n\n<p>Para el desarrollo de esta actividad se sugiere: llevar ropa c\u00f3moda, calzado adecuado, maleta de doble tiranta, hidrataci\u00f3n, bloqueador solar, gorra, refrigerio y bolsa para residuos, as\u00ed como los medicamentos personales que cada participante requiera.<\/p>\n\n\n\n<p>Con este tipo de iniciativas, la Universidad contin\u00faa fortaleciendo los espacios de bienestar, recreaci\u00f3n y vida saludable para toda su comunidad.<\/p>\n","protected":false},"excerpt":{"rendered":"<p>Bienestar Universitario y su Coordinaci\u00f3n de Deportes, Recreaci\u00f3n y Actividad F\u00edsica, invita a estudiantes, docentes, administrativos y egresados a participar en una caminata ecol\u00f3gica por el sendero de Quebrada La Vieja, uno de los espacios naturales m\u00e1s emblem\u00e1ticos para el encuentro con la naturaleza en la ciudad. Fecha: S\u00e1bado 21 de marzo Hora de salida: [&hellip;]<\/p>\n","protected":false},"author":61,"featured_media":0,"comment_status":"closed","ping_status":"closed","sticky":false,"template":"","format":"standard","meta":{"_acf_changed":false,"advgb_blocks_editor_width":"","advgb_blocks_columns_visual_guide":"","footnotes":""},"categories":[738],"tags":[148,1790,3430],"class_list":["post-130625","post","type-post","status-publish","format-standard","hentry","category-actividades","tag-bienestar-universitario","tag-caminata-ecologica","tag-quebrada-la-vieja"],"acf":[],"yoast_head":"<!-- This site is optimized with the Yoast SEO plugin v26.7 - https:\/\/yoast.com\/wordpress\/plugins\/seo\/ -->\n<title>Caminata ecol\u00f3gica al sendero Quebrada La Vieja - Universidad Cat\u00f3lica De Colombia<\/title>\n<meta name=\"robots\" content=\"index, follow, max-snippet:-1, max-image-preview:large, max-video-preview:-1\" \/>\n<link rel=\"canonical\" href=\"https:\/\/www.ucatolica.edu.co\/portal\/caminata-ecologica-al-sendero-quebrada-la-vieja\/\" \/>\n<meta property=\"og:locale\" content=\"es_ES\" \/>\n<meta property=\"og:type\" content=\"article\" \/>\n<meta property=\"og:title\" content=\"Caminata ecol\u00f3gica al sendero Quebrada La Vieja - Universidad Cat\u00f3lica De Colombia\" \/>\n<meta property=\"og:description\" content=\"Bienestar Universitario y su Coordinaci\u00f3n de Deportes, Recreaci\u00f3n y Actividad F\u00edsica, invita a estudiantes, docentes, administrativos y egresados a participar en una caminata ecol\u00f3gica por el sendero de Quebrada La Vieja, uno de los espacios naturales m\u00e1s emblem\u00e1ticos para el encuentro con la naturaleza en la ciudad. Fecha: S\u00e1bado 21 de marzo Hora de salida: [&hellip;]\" \/>\n<meta property=\"og:url\" content=\"https:\/\/www.ucatolica.edu.co\/portal\/caminata-ecologica-al-sendero-quebrada-la-vieja\/\" \/>\n<meta property=\"og:site_name\" content=\"Universidad Cat\u00f3lica De Colombia\" \/>\n<meta property=\"article:publisher\" content=\"https:\/\/www.facebook.com\/ucatolicacolombia\" \/>\n<meta property=\"article:published_time\" content=\"2026-03-10T15:42:16+00:00\" \/>\n<meta property=\"article:modified_time\" content=\"2026-03-10T15:42:35+00:00\" \/>\n<meta name=\"author\" content=\"Leidy Dayanna Jaramillo Tavera\" \/>\n<meta name=\"twitter:card\" content=\"summary_large_image\" \/>\n<meta name=\"twitter:creator\" content=\"@UCatolicaCol\" \/>\n<meta name=\"twitter:site\" content=\"@UCatolicaCol\" \/>\n<meta name=\"twitter:label1\" content=\"Escrito por\" \/>\n\t<meta name=\"twitter:data1\" content=\"Leidy Dayanna Jaramillo Tavera\" \/>\n\t<meta name=\"twitter:label2\" content=\"Tiempo de lectura\" \/>\n\t<meta name=\"twitter:data2\" content=\"1 minuto\" \/>\n<script type=\"application\/ld+json\" class=\"yoast-schema-graph\">{\"@context\":\"https:\/\/schema.org\",\"@graph\":[{\"@type\":\"Article\",\"@id\":\"https:\/\/www.ucatolica.edu.co\/portal\/caminata-ecologica-al-sendero-quebrada-la-vieja\/#article\",\"isPartOf\":{\"@id\":\"https:\/\/www.ucatolica.edu.co\/portal\/caminata-ecologica-al-sendero-quebrada-la-vieja\/\"},\"author\":{\"name\":\"Leidy Dayanna Jaramillo Tavera\",\"@id\":\"https:\/\/www.ucatolica.edu.co\/portal\/#\/schema\/person\/c03ebc5b4f80ce7b8947aa9ddece408a\"},\"headline\":\"Caminata ecol\u00f3gica al sendero Quebrada La Vieja\",\"datePublished\":\"2026-03-10T15:42:16+00:00\",\"dateModified\":\"2026-03-10T15:42:35+00:00\",\"mainEntityOfPage\":{\"@id\":\"https:\/\/www.ucatolica.edu.co\/portal\/caminata-ecologica-al-sendero-quebrada-la-vieja\/\"},\"wordCount\":262,\"publisher\":{\"@id\":\"https:\/\/www.ucatolica.edu.co\/portal\/#organization\"},\"keywords\":[\"Bienestar Universitario\",\"Caminata Ecol\u00f3gica\",\"Quebrada La Vieja\"],\"articleSection\":[\"Actividades\"],\"inLanguage\":\"es-CO\"},{\"@type\":\"WebPage\",\"@id\":\"https:\/\/www.ucatolica.edu.co\/portal\/caminata-ecologica-al-sendero-quebrada-la-vieja\/\",\"url\":\"https:\/\/www.ucatolica.edu.co\/portal\/caminata-ecologica-al-sendero-quebrada-la-vieja\/\",\"name\":\"Caminata ecol\u00f3gica al sendero Quebrada La Vieja - Universidad Cat\u00f3lica De Colombia\",\"isPartOf\":{\"@id\":\"https:\/\/www.ucatolica.edu.co\/portal\/#website\"},\"datePublished\":\"2026-03-10T15:42:16+00:00\",\"dateModified\":\"2026-03-10T15:42:35+00:00\",\"breadcrumb\":{\"@id\":\"https:\/\/www.ucatolica.edu.co\/portal\/caminata-ecologica-al-sendero-quebrada-la-vieja\/#breadcrumb\"},\"inLanguage\":\"es-CO\",\"potentialAction\":[{\"@type\":\"ReadAction\",\"target\":[\"https:\/\/www.ucatolica.edu.co\/portal\/caminata-ecologica-al-sendero-quebrada-la-vieja\/\"]}]},{\"@type\":\"BreadcrumbList\",\"@id\":\"https:\/\/www.ucatolica.edu.co\/portal\/caminata-ecologica-al-sendero-quebrada-la-vieja\/#breadcrumb\",\"itemListElement\":[{\"@type\":\"ListItem\",\"position\":1,\"name\":\"Inicio\",\"item\":\"https:\/\/www.ucatolica.edu.co\/portal\/\"},{\"@type\":\"ListItem\",\"position\":2,\"name\":\"Caminata ecol\u00f3gica al sendero Quebrada La Vieja\"}]},{\"@type\":\"WebSite\",\"@id\":\"https:\/\/www.ucatolica.edu.co\/portal\/#website\",\"url\":\"https:\/\/www.ucatolica.edu.co\/portal\/\",\"name\":\"Universidad Cat\u00f3lica De Colombia\",\"description\":\"Universidad Cat\u00f3lica De Colombia\",\"publisher\":{\"@id\":\"https:\/\/www.ucatolica.edu.co\/portal\/#organization\"},\"potentialAction\":[{\"@type\":\"SearchAction\",\"target\":{\"@type\":\"EntryPoint\",\"urlTemplate\":\"https:\/\/www.ucatolica.edu.co\/portal\/?s={search_term_string}\"},\"query-input\":{\"@type\":\"PropertyValueSpecification\",\"valueRequired\":true,\"valueName\":\"search_term_string\"}}],\"inLanguage\":\"es-CO\"},{\"@type\":\"Organization\",\"@id\":\"https:\/\/www.ucatolica.edu.co\/portal\/#organization\",\"name\":\"Universidad Cat\u00f3lica de Colombia\",\"url\":\"https:\/\/www.ucatolica.edu.co\/portal\/\",\"logo\":{\"@type\":\"ImageObject\",\"inLanguage\":\"es-CO\",\"@id\":\"https:\/\/www.ucatolica.edu.co\/portal\/#\/schema\/logo\/image\/\",\"url\":\"https:\/\/www.ucatolica.edu.co\/portal\/wp-content\/uploads\/2021\/06\/logo-header-ho-1.svg\",\"contentUrl\":\"https:\/\/www.ucatolica.edu.co\/portal\/wp-content\/uploads\/2021\/06\/logo-header-ho-1.svg\",\"width\":1,\"height\":1,\"caption\":\"Universidad Cat\u00f3lica de Colombia\"},\"image\":{\"@id\":\"https:\/\/www.ucatolica.edu.co\/portal\/#\/schema\/logo\/image\/\"},\"sameAs\":[\"https:\/\/www.facebook.com\/ucatolicacolombia\",\"https:\/\/x.com\/UCatolicaCol\",\"https:\/\/www.instagram.com\/universidadcatolicadecolombia\/\",\"https:\/\/www.linkedin.com\/company\/universidadcatolicadecolombia\/\",\"https:\/\/www.youtube.com\/user\/UCatolicaCo\"]},{\"@type\":\"Person\",\"@id\":\"https:\/\/www.ucatolica.edu.co\/portal\/#\/schema\/person\/c03ebc5b4f80ce7b8947aa9ddece408a\",\"name\":\"Leidy Dayanna Jaramillo Tavera\",\"url\":\"https:\/\/www.ucatolica.edu.co\/portal\/author\/dayana\/\"}]}<\/script>\n<!-- \/ Yoast SEO plugin. -->","yoast_head_json":{"title":"Caminata ecol\u00f3gica al sendero Quebrada La Vieja - Universidad Cat\u00f3lica De Colombia","robots":{"index":"index","follow":"follow","max-snippet":"max-snippet:-1","max-image-preview":"max-image-preview:large","max-video-preview":"max-video-preview:-1"},"canonical":"https:\/\/www.ucatolica.edu.co\/portal\/caminata-ecologica-al-sendero-quebrada-la-vieja\/","og_locale":"es_ES","og_type":"article","og_title":"Caminata ecol\u00f3gica al sendero Quebrada La Vieja - Universidad Cat\u00f3lica De Colombia","og_description":"Bienestar Universitario y su Coordinaci\u00f3n de Deportes, Recreaci\u00f3n y Actividad F\u00edsica, invita a estudiantes, docentes, administrativos y egresados a participar en una caminata ecol\u00f3gica por el sendero de Quebrada La Vieja, uno de los espacios naturales m\u00e1s emblem\u00e1ticos para el encuentro con la naturaleza en la ciudad. Fecha: S\u00e1bado 21 de marzo Hora de salida: [&hellip;]","og_url":"https:\/\/www.ucatolica.edu.co\/portal\/caminata-ecologica-al-sendero-quebrada-la-vieja\/","og_site_name":"Universidad Cat\u00f3lica De Colombia","article_publisher":"https:\/\/www.facebook.com\/ucatolicacolombia","article_published_time":"2026-03-10T15:42:16+00:00","article_modified_time":"2026-03-10T15:42:35+00:00","author":"Leidy Dayanna Jaramillo Tavera","twitter_card":"summary_large_image","twitter_creator":"@UCatolicaCol","twitter_site":"@UCatolicaCol","twitter_misc":{"Escrito por":"Leidy Dayanna Jaramillo Tavera","Tiempo de lectura":"1 minuto"},"schema":{"@context":"https:\/\/schema.org","@graph":[{"@type":"Article","@id":"https:\/\/www.ucatolica.edu.co\/portal\/caminata-ecologica-al-sendero-quebrada-la-vieja\/#article","isPartOf":{"@id":"https:\/\/www.ucatolica.edu.co\/portal\/caminata-ecologica-al-sendero-quebrada-la-vieja\/"},"author":{"name":"Leidy Dayanna Jaramillo Tavera","@id":"https:\/\/www.ucatolica.edu.co\/portal\/#\/schema\/person\/c03ebc5b4f80ce7b8947aa9ddece408a"},"headline":"Caminata ecol\u00f3gica al sendero Quebrada La Vieja","datePublished":"2026-03-10T15:42:16+00:00","dateModified":"2026-03-10T15:42:35+00:00","mainEntityOfPage":{"@id":"https:\/\/www.ucatolica.edu.co\/portal\/caminata-ecologica-al-sendero-quebrada-la-vieja\/"},"wordCount":262,"publisher":{"@id":"https:\/\/www.ucatolica.edu.co\/portal\/#organization"},"keywords":["Bienestar Universitario","Caminata Ecol\u00f3gica","Quebrada La Vieja"],"articleSection":["Actividades"],"inLanguage":"es-CO"},{"@type":"WebPage","@id":"https:\/\/www.ucatolica.edu.co\/portal\/caminata-ecologica-al-sendero-quebrada-la-vieja\/","url":"https:\/\/www.ucatolica.edu.co\/portal\/caminata-ecologica-al-sendero-quebrada-la-vieja\/","name":"Caminata ecol\u00f3gica al sendero Quebrada La Vieja - Universidad Cat\u00f3lica De Colombia","isPartOf":{"@id":"https:\/\/www.ucatolica.edu.co\/portal\/#website"},"datePublished":"2026-03-10T15:42:16+00:00","dateModified":"2026-03-10T15:42:35+00:00","breadcrumb":{"@id":"https:\/\/www.ucatolica.edu.co\/portal\/caminata-ecologica-al-sendero-quebrada-la-vieja\/#breadcrumb"},"inLanguage":"es-CO","potentialAction":[{"@type":"ReadAction","target":["https:\/\/www.ucatolica.edu.co\/portal\/caminata-ecologica-al-sendero-quebrada-la-vieja\/"]}]},{"@type":"BreadcrumbList","@id":"https:\/\/www.ucatolica.edu.co\/portal\/caminata-ecologica-al-sendero-quebrada-la-vieja\/#breadcrumb","itemListElement":[{"@type":"ListItem","position":1,"name":"Inicio","item":"https:\/\/www.ucatolica.edu.co\/portal\/"},{"@type":"ListItem","position":2,"name":"Caminata ecol\u00f3gica al sendero Quebrada La Vieja"}]},{"@type":"WebSite","@id":"https:\/\/www.ucatolica.edu.co\/portal\/#website","url":"https:\/\/www.ucatolica.edu.co\/portal\/","name":"Universidad Cat\u00f3lica De Colombia","description":"Universidad Cat\u00f3lica De Colombia","publisher":{"@id":"https:\/\/www.ucatolica.edu.co\/portal\/#organization"},"potentialAction":[{"@type":"SearchAction","target":{"@type":"EntryPoint","urlTemplate":"https:\/\/www.ucatolica.edu.co\/portal\/?s={search_term_string}"},"query-input":{"@type":"PropertyValueSpecification","valueRequired":true,"valueName":"search_term_string"}}],"inLanguage":"es-CO"},{"@type":"Organization","@id":"https:\/\/www.ucatolica.edu.co\/portal\/#organization","name":"Universidad Cat\u00f3lica de Colombia","url":"https:\/\/www.ucatolica.edu.co\/portal\/","logo":{"@type":"ImageObject","inLanguage":"es-CO","@id":"https:\/\/www.ucatolica.edu.co\/portal\/#\/schema\/logo\/image\/","url":"https:\/\/www.ucatolica.edu.co\/portal\/wp-content\/uploads\/2021\/06\/logo-header-ho-1.svg","contentUrl":"https:\/\/www.ucatolica.edu.co\/portal\/wp-content\/uploads\/2021\/06\/logo-header-ho-1.svg","width":1,"height":1,"caption":"Universidad Cat\u00f3lica de Colombia"},"image":{"@id":"https:\/\/www.ucatolica.edu.co\/portal\/#\/schema\/logo\/image\/"},"sameAs":["https:\/\/www.facebook.com\/ucatolicacolombia","https:\/\/x.com\/UCatolicaCol","https:\/\/www.instagram.com\/universidadcatolicadecolombia\/","https:\/\/www.linkedin.com\/company\/universidadcatolicadecolombia\/","https:\/\/www.youtube.com\/user\/UCatolicaCo"]},{"@type":"Person","@id":"https:\/\/www.ucatolica.edu.co\/portal\/#\/schema\/person\/c03ebc5b4f80ce7b8947aa9ddece408a","name":"Leidy Dayanna Jaramillo Tavera","url":"https:\/\/www.ucatolica.edu.co\/portal\/author\/dayana\/"}]}},"author_meta":{"display_name":"Leidy Dayanna Jaramillo Tavera","author_link":"https:\/\/www.ucatolica.edu.co\/portal\/author\/dayana\/"},"featured_img":null,"coauthors":[],"tax_additional":{"categories":{"linked":["<a href=\"https:\/\/www.ucatolica.edu.co\/portal\/category\/actividades\/\" class=\"advgb-post-tax-term\">Actividades<\/a>"],"unlinked":["<span class=\"advgb-post-tax-term\">Actividades<\/span>"]},"tags":{"linked":["<a href=\"https:\/\/www.ucatolica.edu.co\/portal\/category\/actividades\/\" class=\"advgb-post-tax-term\">Bienestar Universitario<\/a>","<a href=\"https:\/\/www.ucatolica.edu.co\/portal\/category\/actividades\/\" class=\"advgb-post-tax-term\">Caminata Ecol\u00f3gica<\/a>","<a href=\"https:\/\/www.ucatolica.edu.co\/portal\/category\/actividades\/\" class=\"advgb-post-tax-term\">Quebrada La Vieja<\/a>"],"unlinked":["<span class=\"advgb-post-tax-term\">Bienestar Universitario<\/span>","<span class=\"advgb-post-tax-term\">Caminata Ecol\u00f3gica<\/span>","<span class=\"advgb-post-tax-term\">Quebrada La Vieja<\/span>"]}},"comment_count":"0","relative_dates":{"created":"Posted 2 meses ago","modified":"Updated 2 meses ago"},"absolute_dates":{"created":"Posted on 10 marzo, 2026","modified":"Updated on 10 marzo, 2026"},"absolute_dates_time":{"created":"Posted on 10 marzo, 2026 10:42 am","modified":"Updated on 10 marzo, 2026 10:42 am"},"featured_img_caption":"","series_order":"","_links":{"self":[{"href":"https:\/\/www.ucatolica.edu.co\/portal\/wp-json\/wp\/v2\/posts\/130625","targetHints":{"allow":["GET"]}}],"collection":[{"href":"https:\/\/www.ucatolica.edu.co\/portal\/wp-json\/wp\/v2\/posts"}],"about":[{"href":"https:\/\/www.ucatolica.edu.co\/portal\/wp-json\/wp\/v2\/types\/post"}],"author":[{"embeddable":true,"href":"https:\/\/www.ucatolica.edu.co\/portal\/wp-json\/wp\/v2\/users\/61"}],"replies":[{"embeddable":true,"href":"https:\/\/www.ucatolica.edu.co\/portal\/wp-json\/wp\/v2\/comments?post=130625"}],"version-history":[{"count":2,"href":"https:\/\/www.ucatolica.edu.co\/portal\/wp-json\/wp\/v2\/posts\/130625\/revisions"}],"predecessor-version":[{"id":130627,"href":"https:\/\/www.ucatolica.edu.co\/portal\/wp-json\/wp\/v2\/posts\/130625\/revisions\/130627"}],"wp:attachment":[{"href":"https:\/\/www.ucatolica.edu.co\/portal\/wp-json\/wp\/v2\/media?parent=130625"}],"wp:term":[{"taxonomy":"category","embeddable":true,"href":"https:\/\/www.ucatolica.edu.co\/portal\/wp-json\/wp\/v2\/categories?post=130625"},{"taxonomy":"post_tag","embeddable":true,"href":"https:\/\/www.ucatolica.edu.co\/portal\/wp-json\/wp\/v2\/tags?post=130625"}],"curies":[{"name":"wp","href":"https:\/\/api.w.org\/{rel}","templated":true}]}}