{"id":130628,"date":"2026-03-10T11:21:37","date_gmt":"2026-03-10T16:21:37","guid":{"rendered":"https:\/\/www.ucatolica.edu.co\/portal\/?p=130628"},"modified":"2026-03-10T11:21:37","modified_gmt":"2026-03-10T16:21:37","slug":"profesores-tutores-capacitados-en-la-politica-institucional-de-permanencia-estudiantil-y-graduacion-oportuna","status":"publish","type":"post","link":"https:\/\/www.ucatolica.edu.co\/portal\/profesores-tutores-capacitados-en-la-politica-institucional-de-permanencia-estudiantil-y-graduacion-oportuna\/","title":{"rendered":"Profesores tutores capacitados en la Pol\u00edtica Institucional de Permanencia Estudiantil y Graduaci\u00f3n Oportuna"},"content":{"rendered":"\n<p>Desde la <strong>Coordinaci\u00f3n de Permanencia Estudiantil<\/strong> se realiz\u00f3 el <strong>\u201cTaller de Pol\u00edtica Institucional de Permanencia y Graduaci\u00f3n Oportuna\u201d<\/strong>, una iniciativa dise\u00f1ada para fortalecer el rol de los tutores en el acompa\u00f1amiento acad\u00e9mico y humano de los estudiantes. Este espacio formativo representa el primer paso de una ruta de cinco etapas, orientada a consolidar estrategias que contribuyan al \u00e9xito acad\u00e9mico y a la culminaci\u00f3n oportuna de los procesos formativos.<\/p>\n\n\n\n<h3 class=\"wp-block-heading\">Un taller para comprender, apropiar y actuar<\/h3>\n\n\n\n<p>El objetivo central del taller fue profundizar en la comprensi\u00f3n y el compromiso de los tutores frente a la Pol\u00edtica de Permanencia y Graduaci\u00f3n Oportuna, reconociendo su alcance, su naturaleza y el papel fundamental que desempe\u00f1an los distintos actores institucionales.<\/p>\n\n\n\n<p><strong>La formaci\u00f3n se desarroll\u00f3 en torno a tres dimensiones clave:<\/strong><\/p>\n\n\n\n<ul class=\"wp-block-list\">\n<li>Alcance y naturaleza: comprender el impacto de la pol\u00edtica en la trayectoria estudiantil.<\/li>\n\n\n\n<li>Construcci\u00f3n colectiva: reconocerla como una apuesta institucional que se nutre de la experiencia de los equipos acad\u00e9micos.<\/li>\n\n\n\n<li>Articulaci\u00f3n tutorial: fortalecer las pr\u00e1cticas de acompa\u00f1amiento desde herramientas concretas y actualizadas.<\/li>\n<\/ul>\n\n\n\n<p>El taller tambi\u00e9n se consolid\u00f3 como un espacio de di\u00e1logo e intercambio de experiencias entre tutores de diferentes unidades acad\u00e9micas, favoreciendo un aprendizaje colaborativo.<\/p>\n\n\n\n<h3 class=\"wp-block-heading\">Una mirada integral a la permanencia<\/h3>\n\n\n\n<p>Para el profesor <strong>Andr\u00e9s Santacoloma<\/strong>, coordinador de permanencia estudiantil de la Facultad de Psicolog\u00eda, estos espacios son altamente valorados y eficaces:<\/p>\n\n\n\n<p>\u201c<em>Entender el modelo y la pol\u00edtica de permanencia estudiantil implica reconocer que es un fen\u00f3meno mundial, no solo institucional. As\u00ed como los estudiantes han cambiado su forma de aprender, nosotros tambi\u00e9n debemos transformar nuestras estrategias, din\u00e1micas y did\u00e1cticas de ense\u00f1anza. La misi\u00f3n de la Universidad est\u00e1 centrada en la persona, y la educaci\u00f3n debe responder a esa misma visi\u00f3n<\/em>\u201d.<\/p>\n\n\n\n<p>Su reflexi\u00f3n destaca la necesidad de actualizar permanentemente las pr\u00e1cticas pedag\u00f3gicas para responder a los nuevos contextos del proceso de ense\u00f1anza\u2013aprendizaje, manteniendo siempre el enfoque humanista que caracteriza a la Instituci\u00f3n.<\/p>\n\n\n\n<figure class=\"wp-block-gallery has-nested-images columns-default is-cropped wp-block-gallery-1 is-layout-flex wp-block-gallery-is-layout-flex\">\n<figure class=\"wp-block-image size-large\"><img fetchpriority=\"high\" decoding=\"async\" width=\"870\" height=\"522\" data-id=\"130630\" src=\"https:\/\/www.ucatolica.edu.co\/portal\/wp-content\/uploads\/2026\/03\/Profesores-tutores-refuerzan-su-rol-en-la-permanencia-y-exito-estudiantil-2.jpg\" alt=\"\" class=\"wp-image-130630\" srcset=\"https:\/\/www.ucatolica.edu.co\/portal\/wp-content\/uploads\/2026\/03\/Profesores-tutores-refuerzan-su-rol-en-la-permanencia-y-exito-estudiantil-2.jpg 870w, https:\/\/www.ucatolica.edu.co\/portal\/wp-content\/uploads\/2026\/03\/Profesores-tutores-refuerzan-su-rol-en-la-permanencia-y-exito-estudiantil-2-768x461.jpg 768w\" sizes=\"(max-width: 870px) 100vw, 870px\" \/><\/figure>\n\n\n\n<figure class=\"wp-block-image size-large\"><img decoding=\"async\" width=\"870\" height=\"522\" data-id=\"130631\" src=\"https:\/\/www.ucatolica.edu.co\/portal\/wp-content\/uploads\/2026\/03\/Profesores-tutores-refuerzan-su-rol-en-la-permanencia-y-exito-estudiantil.jpg\" alt=\"\" class=\"wp-image-130631\" srcset=\"https:\/\/www.ucatolica.edu.co\/portal\/wp-content\/uploads\/2026\/03\/Profesores-tutores-refuerzan-su-rol-en-la-permanencia-y-exito-estudiantil.jpg 870w, https:\/\/www.ucatolica.edu.co\/portal\/wp-content\/uploads\/2026\/03\/Profesores-tutores-refuerzan-su-rol-en-la-permanencia-y-exito-estudiantil-768x461.jpg 768w\" sizes=\"(max-width: 870px) 100vw, 870px\" \/><\/figure>\n<\/figure>\n\n\n\n<p><strong>Voces que respaldan la iniciativa<\/strong><\/p>\n\n\n\n<p>Otros docentes participantes resaltaron la pertinencia y el impacto del taller:<\/p>\n\n\n\n<ul class=\"wp-block-list\">\n<li>Luis Narv\u00e1ez, del Departamento de Ciencias B\u00e1sicas, subray\u00f3 que la capacitaci\u00f3n facilita la comprensi\u00f3n de los procesos estudiantiles y fortalece el acompa\u00f1amiento en temas de permanencia y consejer\u00eda.<\/li>\n\n\n\n<li>Bertha Luc\u00eda Avenda\u00f1o, de la Facultad de Psicolog\u00eda, destac\u00f3 el car\u00e1cter din\u00e1mico del espacio y su valor para comprender las dificultades que enfrentan los estudiantes m\u00e1s all\u00e1 del contenido acad\u00e9mico, reconociendo el esfuerzo institucional en favor de su permanencia.<\/li>\n\n\n\n<li>Edwin Alexander Romero Torres, docente del pregrado de Arquitectura de la Facultad de Dise\u00f1o, se\u00f1al\u00f3 que estos talleres brindan herramientas para actuar frente a situaciones complejas y fortalecer estrategias que eviten la deserci\u00f3n y promuevan la continuidad del proceso formativo.<\/li>\n<\/ul>\n\n\n\n<p>Con este tipo de iniciativas, la Universidad reafirma su compromiso con una formaci\u00f3n centrada en la persona, fortaleciendo el rol del tutor como gu\u00eda fundamental en la trayectoria acad\u00e9mica y en la construcci\u00f3n de proyectos de vida que culminen con una graduaci\u00f3n oportuna.<\/p>\n","protected":false},"excerpt":{"rendered":"<p>Desde la Coordinaci\u00f3n de Permanencia Estudiantil se realiz\u00f3 el \u201cTaller de Pol\u00edtica Institucional de Permanencia y Graduaci\u00f3n Oportuna\u201d, una iniciativa dise\u00f1ada para fortalecer el rol de los tutores en el acompa\u00f1amiento acad\u00e9mico y humano de los estudiantes. Este espacio formativo representa el primer paso de una ruta de cinco etapas, orientada a consolidar estrategias que [&hellip;]<\/p>\n","protected":false},"author":65,"featured_media":130629,"comment_status":"closed","ping_status":"closed","sticky":false,"template":"","format":"standard","meta":{"_acf_changed":false,"advgb_blocks_editor_width":"","advgb_blocks_columns_visual_guide":"","footnotes":""},"categories":[93,1],"tags":[2752,2580,2812],"class_list":["post-130628","post","type-post","status-publish","format-standard","has-post-thumbnail","hentry","category-noticias-principales","category-sin-categoria","tag-coordinacion-de-permanencia-estudiantil","tag-profesores-tutores","tag-tutores-academicos"],"acf":[],"yoast_head":"<!-- This site is optimized with the Yoast SEO plugin v26.7 - https:\/\/yoast.com\/wordpress\/plugins\/seo\/ -->\n<title>Profesores tutores capacitados en la Pol\u00edtica Institucional de Permanencia Estudiantil y Graduaci\u00f3n Oportuna - Universidad Cat\u00f3lica De Colombia<\/title>\n<meta name=\"robots\" content=\"index, follow, max-snippet:-1, max-image-preview:large, max-video-preview:-1\" \/>\n<link rel=\"canonical\" href=\"https:\/\/www.ucatolica.edu.co\/portal\/profesores-tutores-capacitados-en-la-politica-institucional-de-permanencia-estudiantil-y-graduacion-oportuna\/\" \/>\n<meta property=\"og:locale\" content=\"es_ES\" \/>\n<meta property=\"og:type\" content=\"article\" \/>\n<meta property=\"og:title\" content=\"Profesores tutores capacitados en la Pol\u00edtica Institucional de Permanencia Estudiantil y Graduaci\u00f3n Oportuna - Universidad Cat\u00f3lica De Colombia\" \/>\n<meta property=\"og:description\" content=\"Desde la Coordinaci\u00f3n de Permanencia Estudiantil se realiz\u00f3 el \u201cTaller de Pol\u00edtica Institucional de Permanencia y Graduaci\u00f3n Oportuna\u201d, una iniciativa dise\u00f1ada para fortalecer el rol de los tutores en el acompa\u00f1amiento acad\u00e9mico y humano de los estudiantes. Este espacio formativo representa el primer paso de una ruta de cinco etapas, orientada a consolidar estrategias que [&hellip;]\" \/>\n<meta property=\"og:url\" content=\"https:\/\/www.ucatolica.edu.co\/portal\/profesores-tutores-capacitados-en-la-politica-institucional-de-permanencia-estudiantil-y-graduacion-oportuna\/\" \/>\n<meta property=\"og:site_name\" content=\"Universidad Cat\u00f3lica De Colombia\" \/>\n<meta property=\"article:publisher\" content=\"https:\/\/www.facebook.com\/ucatolicacolombia\" \/>\n<meta property=\"article:published_time\" content=\"2026-03-10T16:21:37+00:00\" \/>\n<meta property=\"og:image\" content=\"https:\/\/www.ucatolica.edu.co\/portal\/wp-content\/uploads\/2026\/03\/Profesores-tutores-refuerzan-su-rol-en-la-permanencia-y-exito-estudiantil-1.jpg\" \/>\n\t<meta property=\"og:image:width\" content=\"870\" \/>\n\t<meta property=\"og:image:height\" content=\"522\" \/>\n\t<meta property=\"og:image:type\" content=\"image\/jpeg\" \/>\n<meta name=\"author\" content=\"Juan Jos\u00e9 Franco\" \/>\n<meta name=\"twitter:card\" content=\"summary_large_image\" \/>\n<meta name=\"twitter:creator\" content=\"@UCatolicaCol\" \/>\n<meta name=\"twitter:site\" content=\"@UCatolicaCol\" \/>\n<meta name=\"twitter:label1\" content=\"Escrito por\" \/>\n\t<meta name=\"twitter:data1\" content=\"Juan Jos\u00e9 Franco\" \/>\n\t<meta name=\"twitter:label2\" content=\"Tiempo de lectura\" \/>\n\t<meta name=\"twitter:data2\" content=\"3 minutos\" \/>\n<script type=\"application\/ld+json\" class=\"yoast-schema-graph\">{\"@context\":\"https:\/\/schema.org\",\"@graph\":[{\"@type\":\"Article\",\"@id\":\"https:\/\/www.ucatolica.edu.co\/portal\/profesores-tutores-capacitados-en-la-politica-institucional-de-permanencia-estudiantil-y-graduacion-oportuna\/#article\",\"isPartOf\":{\"@id\":\"https:\/\/www.ucatolica.edu.co\/portal\/profesores-tutores-capacitados-en-la-politica-institucional-de-permanencia-estudiantil-y-graduacion-oportuna\/\"},\"author\":{\"name\":\"Juan Jos\u00e9 Franco\",\"@id\":\"https:\/\/www.ucatolica.edu.co\/portal\/#\/schema\/person\/2fe10d3836c8b18a520cbf458d96a728\"},\"headline\":\"Profesores tutores capacitados en la Pol\u00edtica Institucional de Permanencia Estudiantil y Graduaci\u00f3n Oportuna\",\"datePublished\":\"2026-03-10T16:21:37+00:00\",\"mainEntityOfPage\":{\"@id\":\"https:\/\/www.ucatolica.edu.co\/portal\/profesores-tutores-capacitados-en-la-politica-institucional-de-permanencia-estudiantil-y-graduacion-oportuna\/\"},\"wordCount\":549,\"publisher\":{\"@id\":\"https:\/\/www.ucatolica.edu.co\/portal\/#organization\"},\"image\":{\"@id\":\"https:\/\/www.ucatolica.edu.co\/portal\/profesores-tutores-capacitados-en-la-politica-institucional-de-permanencia-estudiantil-y-graduacion-oportuna\/#primaryimage\"},\"thumbnailUrl\":\"https:\/\/www.ucatolica.edu.co\/portal\/wp-content\/uploads\/2026\/03\/Profesores-tutores-refuerzan-su-rol-en-la-permanencia-y-exito-estudiantil-1.jpg\",\"keywords\":[\"Coordinaci\u00f3n de Permanencia Estudiantil\",\"Profesores tutores\",\"Tutores Acad\u00e9micos\"],\"articleSection\":[\"Noticias Principales\"],\"inLanguage\":\"es-CO\"},{\"@type\":\"WebPage\",\"@id\":\"https:\/\/www.ucatolica.edu.co\/portal\/profesores-tutores-capacitados-en-la-politica-institucional-de-permanencia-estudiantil-y-graduacion-oportuna\/\",\"url\":\"https:\/\/www.ucatolica.edu.co\/portal\/profesores-tutores-capacitados-en-la-politica-institucional-de-permanencia-estudiantil-y-graduacion-oportuna\/\",\"name\":\"Profesores tutores capacitados en la Pol\u00edtica Institucional de Permanencia Estudiantil y Graduaci\u00f3n Oportuna - Universidad Cat\u00f3lica De Colombia\",\"isPartOf\":{\"@id\":\"https:\/\/www.ucatolica.edu.co\/portal\/#website\"},\"primaryImageOfPage\":{\"@id\":\"https:\/\/www.ucatolica.edu.co\/portal\/profesores-tutores-capacitados-en-la-politica-institucional-de-permanencia-estudiantil-y-graduacion-oportuna\/#primaryimage\"},\"image\":{\"@id\":\"https:\/\/www.ucatolica.edu.co\/portal\/profesores-tutores-capacitados-en-la-politica-institucional-de-permanencia-estudiantil-y-graduacion-oportuna\/#primaryimage\"},\"thumbnailUrl\":\"https:\/\/www.ucatolica.edu.co\/portal\/wp-content\/uploads\/2026\/03\/Profesores-tutores-refuerzan-su-rol-en-la-permanencia-y-exito-estudiantil-1.jpg\",\"datePublished\":\"2026-03-10T16:21:37+00:00\",\"breadcrumb\":{\"@id\":\"https:\/\/www.ucatolica.edu.co\/portal\/profesores-tutores-capacitados-en-la-politica-institucional-de-permanencia-estudiantil-y-graduacion-oportuna\/#breadcrumb\"},\"inLanguage\":\"es-CO\",\"potentialAction\":[{\"@type\":\"ReadAction\",\"target\":[\"https:\/\/www.ucatolica.edu.co\/portal\/profesores-tutores-capacitados-en-la-politica-institucional-de-permanencia-estudiantil-y-graduacion-oportuna\/\"]}]},{\"@type\":\"ImageObject\",\"inLanguage\":\"es-CO\",\"@id\":\"https:\/\/www.ucatolica.edu.co\/portal\/profesores-tutores-capacitados-en-la-politica-institucional-de-permanencia-estudiantil-y-graduacion-oportuna\/#primaryimage\",\"url\":\"https:\/\/www.ucatolica.edu.co\/portal\/wp-content\/uploads\/2026\/03\/Profesores-tutores-refuerzan-su-rol-en-la-permanencia-y-exito-estudiantil-1.jpg\",\"contentUrl\":\"https:\/\/www.ucatolica.edu.co\/portal\/wp-content\/uploads\/2026\/03\/Profesores-tutores-refuerzan-su-rol-en-la-permanencia-y-exito-estudiantil-1.jpg\",\"width\":870,\"height\":522},{\"@type\":\"BreadcrumbList\",\"@id\":\"https:\/\/www.ucatolica.edu.co\/portal\/profesores-tutores-capacitados-en-la-politica-institucional-de-permanencia-estudiantil-y-graduacion-oportuna\/#breadcrumb\",\"itemListElement\":[{\"@type\":\"ListItem\",\"position\":1,\"name\":\"Inicio\",\"item\":\"https:\/\/www.ucatolica.edu.co\/portal\/\"},{\"@type\":\"ListItem\",\"position\":2,\"name\":\"Profesores tutores capacitados en la Pol\u00edtica Institucional de Permanencia Estudiantil y Graduaci\u00f3n Oportuna\"}]},{\"@type\":\"WebSite\",\"@id\":\"https:\/\/www.ucatolica.edu.co\/portal\/#website\",\"url\":\"https:\/\/www.ucatolica.edu.co\/portal\/\",\"name\":\"Universidad Cat\u00f3lica De Colombia\",\"description\":\"Universidad Cat\u00f3lica De Colombia\",\"publisher\":{\"@id\":\"https:\/\/www.ucatolica.edu.co\/portal\/#organization\"},\"potentialAction\":[{\"@type\":\"SearchAction\",\"target\":{\"@type\":\"EntryPoint\",\"urlTemplate\":\"https:\/\/www.ucatolica.edu.co\/portal\/?s={search_term_string}\"},\"query-input\":{\"@type\":\"PropertyValueSpecification\",\"valueRequired\":true,\"valueName\":\"search_term_string\"}}],\"inLanguage\":\"es-CO\"},{\"@type\":\"Organization\",\"@id\":\"https:\/\/www.ucatolica.edu.co\/portal\/#organization\",\"name\":\"Universidad Cat\u00f3lica de Colombia\",\"url\":\"https:\/\/www.ucatolica.edu.co\/portal\/\",\"logo\":{\"@type\":\"ImageObject\",\"inLanguage\":\"es-CO\",\"@id\":\"https:\/\/www.ucatolica.edu.co\/portal\/#\/schema\/logo\/image\/\",\"url\":\"https:\/\/www.ucatolica.edu.co\/portal\/wp-content\/uploads\/2021\/06\/logo-header-ho-1.svg\",\"contentUrl\":\"https:\/\/www.ucatolica.edu.co\/portal\/wp-content\/uploads\/2021\/06\/logo-header-ho-1.svg\",\"width\":1,\"height\":1,\"caption\":\"Universidad Cat\u00f3lica de Colombia\"},\"image\":{\"@id\":\"https:\/\/www.ucatolica.edu.co\/portal\/#\/schema\/logo\/image\/\"},\"sameAs\":[\"https:\/\/www.facebook.com\/ucatolicacolombia\",\"https:\/\/x.com\/UCatolicaCol\",\"https:\/\/www.instagram.com\/universidadcatolicadecolombia\/\",\"https:\/\/www.linkedin.com\/company\/universidadcatolicadecolombia\/\",\"https:\/\/www.youtube.com\/user\/UCatolicaCo\"]},{\"@type\":\"Person\",\"@id\":\"https:\/\/www.ucatolica.edu.co\/portal\/#\/schema\/person\/2fe10d3836c8b18a520cbf458d96a728\",\"name\":\"Juan Jos\u00e9 Franco\",\"url\":\"https:\/\/www.ucatolica.edu.co\/portal\/author\/juan\/\"}]}<\/script>\n<!-- \/ Yoast SEO plugin. -->","yoast_head_json":{"title":"Profesores tutores capacitados en la Pol\u00edtica Institucional de Permanencia Estudiantil y Graduaci\u00f3n Oportuna - Universidad Cat\u00f3lica De Colombia","robots":{"index":"index","follow":"follow","max-snippet":"max-snippet:-1","max-image-preview":"max-image-preview:large","max-video-preview":"max-video-preview:-1"},"canonical":"https:\/\/www.ucatolica.edu.co\/portal\/profesores-tutores-capacitados-en-la-politica-institucional-de-permanencia-estudiantil-y-graduacion-oportuna\/","og_locale":"es_ES","og_type":"article","og_title":"Profesores tutores capacitados en la Pol\u00edtica Institucional de Permanencia Estudiantil y Graduaci\u00f3n Oportuna - Universidad Cat\u00f3lica De Colombia","og_description":"Desde la Coordinaci\u00f3n de Permanencia Estudiantil se realiz\u00f3 el \u201cTaller de Pol\u00edtica Institucional de Permanencia y Graduaci\u00f3n Oportuna\u201d, una iniciativa dise\u00f1ada para fortalecer el rol de los tutores en el acompa\u00f1amiento acad\u00e9mico y humano de los estudiantes. Este espacio formativo representa el primer paso de una ruta de cinco etapas, orientada a consolidar estrategias que [&hellip;]","og_url":"https:\/\/www.ucatolica.edu.co\/portal\/profesores-tutores-capacitados-en-la-politica-institucional-de-permanencia-estudiantil-y-graduacion-oportuna\/","og_site_name":"Universidad Cat\u00f3lica De Colombia","article_publisher":"https:\/\/www.facebook.com\/ucatolicacolombia","article_published_time":"2026-03-10T16:21:37+00:00","og_image":[{"width":870,"height":522,"url":"https:\/\/www.ucatolica.edu.co\/portal\/wp-content\/uploads\/2026\/03\/Profesores-tutores-refuerzan-su-rol-en-la-permanencia-y-exito-estudiantil-1.jpg","type":"image\/jpeg"}],"author":"Juan Jos\u00e9 Franco","twitter_card":"summary_large_image","twitter_creator":"@UCatolicaCol","twitter_site":"@UCatolicaCol","twitter_misc":{"Escrito por":"Juan Jos\u00e9 Franco","Tiempo de lectura":"3 minutos"},"schema":{"@context":"https:\/\/schema.org","@graph":[{"@type":"Article","@id":"https:\/\/www.ucatolica.edu.co\/portal\/profesores-tutores-capacitados-en-la-politica-institucional-de-permanencia-estudiantil-y-graduacion-oportuna\/#article","isPartOf":{"@id":"https:\/\/www.ucatolica.edu.co\/portal\/profesores-tutores-capacitados-en-la-politica-institucional-de-permanencia-estudiantil-y-graduacion-oportuna\/"},"author":{"name":"Juan Jos\u00e9 Franco","@id":"https:\/\/www.ucatolica.edu.co\/portal\/#\/schema\/person\/2fe10d3836c8b18a520cbf458d96a728"},"headline":"Profesores tutores capacitados en la Pol\u00edtica Institucional de Permanencia Estudiantil y Graduaci\u00f3n Oportuna","datePublished":"2026-03-10T16:21:37+00:00","mainEntityOfPage":{"@id":"https:\/\/www.ucatolica.edu.co\/portal\/profesores-tutores-capacitados-en-la-politica-institucional-de-permanencia-estudiantil-y-graduacion-oportuna\/"},"wordCount":549,"publisher":{"@id":"https:\/\/www.ucatolica.edu.co\/portal\/#organization"},"image":{"@id":"https:\/\/www.ucatolica.edu.co\/portal\/profesores-tutores-capacitados-en-la-politica-institucional-de-permanencia-estudiantil-y-graduacion-oportuna\/#primaryimage"},"thumbnailUrl":"https:\/\/www.ucatolica.edu.co\/portal\/wp-content\/uploads\/2026\/03\/Profesores-tutores-refuerzan-su-rol-en-la-permanencia-y-exito-estudiantil-1.jpg","keywords":["Coordinaci\u00f3n de Permanencia Estudiantil","Profesores tutores","Tutores Acad\u00e9micos"],"articleSection":["Noticias Principales"],"inLanguage":"es-CO"},{"@type":"WebPage","@id":"https:\/\/www.ucatolica.edu.co\/portal\/profesores-tutores-capacitados-en-la-politica-institucional-de-permanencia-estudiantil-y-graduacion-oportuna\/","url":"https:\/\/www.ucatolica.edu.co\/portal\/profesores-tutores-capacitados-en-la-politica-institucional-de-permanencia-estudiantil-y-graduacion-oportuna\/","name":"Profesores tutores capacitados en la Pol\u00edtica Institucional de Permanencia Estudiantil y Graduaci\u00f3n Oportuna - Universidad Cat\u00f3lica De Colombia","isPartOf":{"@id":"https:\/\/www.ucatolica.edu.co\/portal\/#website"},"primaryImageOfPage":{"@id":"https:\/\/www.ucatolica.edu.co\/portal\/profesores-tutores-capacitados-en-la-politica-institucional-de-permanencia-estudiantil-y-graduacion-oportuna\/#primaryimage"},"image":{"@id":"https:\/\/www.ucatolica.edu.co\/portal\/profesores-tutores-capacitados-en-la-politica-institucional-de-permanencia-estudiantil-y-graduacion-oportuna\/#primaryimage"},"thumbnailUrl":"https:\/\/www.ucatolica.edu.co\/portal\/wp-content\/uploads\/2026\/03\/Profesores-tutores-refuerzan-su-rol-en-la-permanencia-y-exito-estudiantil-1.jpg","datePublished":"2026-03-10T16:21:37+00:00","breadcrumb":{"@id":"https:\/\/www.ucatolica.edu.co\/portal\/profesores-tutores-capacitados-en-la-politica-institucional-de-permanencia-estudiantil-y-graduacion-oportuna\/#breadcrumb"},"inLanguage":"es-CO","potentialAction":[{"@type":"ReadAction","target":["https:\/\/www.ucatolica.edu.co\/portal\/profesores-tutores-capacitados-en-la-politica-institucional-de-permanencia-estudiantil-y-graduacion-oportuna\/"]}]},{"@type":"ImageObject","inLanguage":"es-CO","@id":"https:\/\/www.ucatolica.edu.co\/portal\/profesores-tutores-capacitados-en-la-politica-institucional-de-permanencia-estudiantil-y-graduacion-oportuna\/#primaryimage","url":"https:\/\/www.ucatolica.edu.co\/portal\/wp-content\/uploads\/2026\/03\/Profesores-tutores-refuerzan-su-rol-en-la-permanencia-y-exito-estudiantil-1.jpg","contentUrl":"https:\/\/www.ucatolica.edu.co\/portal\/wp-content\/uploads\/2026\/03\/Profesores-tutores-refuerzan-su-rol-en-la-permanencia-y-exito-estudiantil-1.jpg","width":870,"height":522},{"@type":"BreadcrumbList","@id":"https:\/\/www.ucatolica.edu.co\/portal\/profesores-tutores-capacitados-en-la-politica-institucional-de-permanencia-estudiantil-y-graduacion-oportuna\/#breadcrumb","itemListElement":[{"@type":"ListItem","position":1,"name":"Inicio","item":"https:\/\/www.ucatolica.edu.co\/portal\/"},{"@type":"ListItem","position":2,"name":"Profesores tutores capacitados en la Pol\u00edtica Institucional de Permanencia Estudiantil y Graduaci\u00f3n Oportuna"}]},{"@type":"WebSite","@id":"https:\/\/www.ucatolica.edu.co\/portal\/#website","url":"https:\/\/www.ucatolica.edu.co\/portal\/","name":"Universidad Cat\u00f3lica De Colombia","description":"Universidad Cat\u00f3lica De Colombia","publisher":{"@id":"https:\/\/www.ucatolica.edu.co\/portal\/#organization"},"potentialAction":[{"@type":"SearchAction","target":{"@type":"EntryPoint","urlTemplate":"https:\/\/www.ucatolica.edu.co\/portal\/?s={search_term_string}"},"query-input":{"@type":"PropertyValueSpecification","valueRequired":true,"valueName":"search_term_string"}}],"inLanguage":"es-CO"},{"@type":"Organization","@id":"https:\/\/www.ucatolica.edu.co\/portal\/#organization","name":"Universidad Cat\u00f3lica de Colombia","url":"https:\/\/www.ucatolica.edu.co\/portal\/","logo":{"@type":"ImageObject","inLanguage":"es-CO","@id":"https:\/\/www.ucatolica.edu.co\/portal\/#\/schema\/logo\/image\/","url":"https:\/\/www.ucatolica.edu.co\/portal\/wp-content\/uploads\/2021\/06\/logo-header-ho-1.svg","contentUrl":"https:\/\/www.ucatolica.edu.co\/portal\/wp-content\/uploads\/2021\/06\/logo-header-ho-1.svg","width":1,"height":1,"caption":"Universidad Cat\u00f3lica de Colombia"},"image":{"@id":"https:\/\/www.ucatolica.edu.co\/portal\/#\/schema\/logo\/image\/"},"sameAs":["https:\/\/www.facebook.com\/ucatolicacolombia","https:\/\/x.com\/UCatolicaCol","https:\/\/www.instagram.com\/universidadcatolicadecolombia\/","https:\/\/www.linkedin.com\/company\/universidadcatolicadecolombia\/","https:\/\/www.youtube.com\/user\/UCatolicaCo"]},{"@type":"Person","@id":"https:\/\/www.ucatolica.edu.co\/portal\/#\/schema\/person\/2fe10d3836c8b18a520cbf458d96a728","name":"Juan Jos\u00e9 Franco","url":"https:\/\/www.ucatolica.edu.co\/portal\/author\/juan\/"}]}},"author_meta":{"display_name":"Juan Jos\u00e9 Franco","author_link":"https:\/\/www.ucatolica.edu.co\/portal\/author\/juan\/"},"featured_img":"https:\/\/www.ucatolica.edu.co\/portal\/wp-content\/uploads\/2026\/03\/Profesores-tutores-refuerzan-su-rol-en-la-permanencia-y-exito-estudiantil-1.jpg","coauthors":[],"tax_additional":{"categories":{"linked":["<a href=\"https:\/\/www.ucatolica.edu.co\/portal\/category\/noticias-principales\/\" class=\"advgb-post-tax-term\">Noticias Principales<\/a>","<a href=\"https:\/\/www.ucatolica.edu.co\/portal\/category\/sin-categoria\/\" class=\"advgb-post-tax-term\">Sin categor\u00eda<\/a>"],"unlinked":["<span class=\"advgb-post-tax-term\">Noticias Principales<\/span>","<span class=\"advgb-post-tax-term\">Sin categor\u00eda<\/span>"]},"tags":{"linked":["<a href=\"https:\/\/www.ucatolica.edu.co\/portal\/category\/sin-categoria\/\" class=\"advgb-post-tax-term\">Coordinaci\u00f3n de Permanencia Estudiantil<\/a>","<a href=\"https:\/\/www.ucatolica.edu.co\/portal\/category\/sin-categoria\/\" class=\"advgb-post-tax-term\">Profesores tutores<\/a>","<a href=\"https:\/\/www.ucatolica.edu.co\/portal\/category\/sin-categoria\/\" class=\"advgb-post-tax-term\">Tutores Acad\u00e9micos<\/a>"],"unlinked":["<span class=\"advgb-post-tax-term\">Coordinaci\u00f3n de Permanencia Estudiantil<\/span>","<span class=\"advgb-post-tax-term\">Profesores tutores<\/span>","<span class=\"advgb-post-tax-term\">Tutores Acad\u00e9micos<\/span>"]}},"comment_count":"0","relative_dates":{"created":"Posted 2 meses ago","modified":"Updated 2 meses ago"},"absolute_dates":{"created":"Posted on 10 marzo, 2026","modified":"Updated on 10 marzo, 2026"},"absolute_dates_time":{"created":"Posted on 10 marzo, 2026 11:21 am","modified":"Updated on 10 marzo, 2026 11:21 am"},"featured_img_caption":"","series_order":"","_links":{"self":[{"href":"https:\/\/www.ucatolica.edu.co\/portal\/wp-json\/wp\/v2\/posts\/130628","targetHints":{"allow":["GET"]}}],"collection":[{"href":"https:\/\/www.ucatolica.edu.co\/portal\/wp-json\/wp\/v2\/posts"}],"about":[{"href":"https:\/\/www.ucatolica.edu.co\/portal\/wp-json\/wp\/v2\/types\/post"}],"author":[{"embeddable":true,"href":"https:\/\/www.ucatolica.edu.co\/portal\/wp-json\/wp\/v2\/users\/65"}],"replies":[{"embeddable":true,"href":"https:\/\/www.ucatolica.edu.co\/portal\/wp-json\/wp\/v2\/comments?post=130628"}],"version-history":[{"count":1,"href":"https:\/\/www.ucatolica.edu.co\/portal\/wp-json\/wp\/v2\/posts\/130628\/revisions"}],"predecessor-version":[{"id":130632,"href":"https:\/\/www.ucatolica.edu.co\/portal\/wp-json\/wp\/v2\/posts\/130628\/revisions\/130632"}],"wp:featuredmedia":[{"embeddable":true,"href":"https:\/\/www.ucatolica.edu.co\/portal\/wp-json\/wp\/v2\/media\/130629"}],"wp:attachment":[{"href":"https:\/\/www.ucatolica.edu.co\/portal\/wp-json\/wp\/v2\/media?parent=130628"}],"wp:term":[{"taxonomy":"category","embeddable":true,"href":"https:\/\/www.ucatolica.edu.co\/portal\/wp-json\/wp\/v2\/categories?post=130628"},{"taxonomy":"post_tag","embeddable":true,"href":"https:\/\/www.ucatolica.edu.co\/portal\/wp-json\/wp\/v2\/tags?post=130628"}],"curies":[{"name":"wp","href":"https:\/\/api.w.org\/{rel}","templated":true}]}}