{"id":130633,"date":"2026-03-10T11:24:32","date_gmt":"2026-03-10T16:24:32","guid":{"rendered":"https:\/\/www.ucatolica.edu.co\/portal\/?p=130633"},"modified":"2026-03-10T11:24:32","modified_gmt":"2026-03-10T16:24:32","slug":"jornada-de-confesiones","status":"publish","type":"post","link":"https:\/\/www.ucatolica.edu.co\/portal\/jornada-de-confesiones\/","title":{"rendered":"Jornada de confesiones"},"content":{"rendered":"\n<p>En el marco del tiempo de Cuaresma, la Universidad Cat\u00f3lica de Colombia invita a toda su comunidad universitaria a participar en la Jornada de Confesiones, un espacio espiritual para la reflexi\u00f3n, el perd\u00f3n y la reconciliaci\u00f3n con Dios, con los dem\u00e1s y consigo mismo.<\/p>\n\n\n\n<p><strong>Fecha: <\/strong>25, 26 y 27 de marzo.<\/p>\n\n\n\n<p><strong>Capilla Sagrada Familia \u2013 Sede 4, piso 8<\/strong><br>\ud83d\udd59 10:00 a. m. a 12:00 m.<br><strong>Sacerdote:<\/strong> Padre Edwin Germ\u00e1n Chaves Quintero<br><a href=\"mailto:egchaves@ucatolica.edu.co\">egchaves@ucatolica.edu.co<\/a><\/p>\n\n\n\n<p><strong>Sal\u00f3n Azul \u2013 Sede Claustro<\/strong><br>\ud83d\udd5b 12:00 m. a 1:00 p. m.<br><strong>Sacerdote:<\/strong> Padre Eduar Hern\u00e1n Bonilla Arango<br><a href=\"mailto:ehbonilla@ucatolica.edu.co\">ehbonilla@ucatolica.edu.co<\/a><\/p>\n\n\n\n<p>\u00a1Este es un tiempo propicio para el encuentro con Dios y la reconciliaci\u00f3n personal!<\/p>\n\n\n\n<p><strong>Mayor informaci\u00f3n:<\/strong><br>\u00c1rea de Pastoral y Capellan\u00eda \u2013 Bienestar Universitario<br><strong>Correo: <\/strong><a href=\"mailto:pastoral@ucatolica.edu.co\">pastoral@ucatolica.edu.co<\/a><br><strong>Tel\u00e9fono:<\/strong> 4433700 ext. 3090<br><strong>WhatsApp:<\/strong> 320 820 9658<\/p>\n","protected":false},"excerpt":{"rendered":"<p>En el marco del tiempo de Cuaresma, la Universidad Cat\u00f3lica de Colombia invita a toda su comunidad universitaria a participar en la Jornada de Confesiones, un espacio espiritual para la reflexi\u00f3n, el perd\u00f3n y la reconciliaci\u00f3n con Dios, con los dem\u00e1s y consigo mismo. Fecha: 25, 26 y 27 de marzo. Capilla Sagrada Familia \u2013 [&hellip;]<\/p>\n","protected":false},"author":61,"featured_media":0,"comment_status":"closed","ping_status":"closed","sticky":false,"template":"","format":"standard","meta":{"_acf_changed":false,"advgb_blocks_editor_width":"","advgb_blocks_columns_visual_guide":"","footnotes":""},"categories":[738],"tags":[148,1129],"class_list":["post-130633","post","type-post","status-publish","format-standard","hentry","category-actividades","tag-bienestar-universitario","tag-pastoral-y-capellania"],"acf":[],"yoast_head":"<!-- This site is optimized with the Yoast SEO plugin v26.7 - https:\/\/yoast.com\/wordpress\/plugins\/seo\/ -->\n<title>Jornada de confesiones - Universidad Cat\u00f3lica De Colombia<\/title>\n<meta name=\"robots\" content=\"index, follow, max-snippet:-1, max-image-preview:large, max-video-preview:-1\" \/>\n<link rel=\"canonical\" href=\"https:\/\/www.ucatolica.edu.co\/portal\/jornada-de-confesiones\/\" \/>\n<meta property=\"og:locale\" content=\"es_ES\" \/>\n<meta property=\"og:type\" content=\"article\" \/>\n<meta property=\"og:title\" content=\"Jornada de confesiones - Universidad Cat\u00f3lica De Colombia\" \/>\n<meta property=\"og:description\" content=\"En el marco del tiempo de Cuaresma, la Universidad Cat\u00f3lica de Colombia invita a toda su comunidad universitaria a participar en la Jornada de Confesiones, un espacio espiritual para la reflexi\u00f3n, el perd\u00f3n y la reconciliaci\u00f3n con Dios, con los dem\u00e1s y consigo mismo. Fecha: 25, 26 y 27 de marzo. Capilla Sagrada Familia \u2013 [&hellip;]\" \/>\n<meta property=\"og:url\" content=\"https:\/\/www.ucatolica.edu.co\/portal\/jornada-de-confesiones\/\" \/>\n<meta property=\"og:site_name\" content=\"Universidad Cat\u00f3lica De Colombia\" \/>\n<meta property=\"article:publisher\" content=\"https:\/\/www.facebook.com\/ucatolicacolombia\" \/>\n<meta property=\"article:published_time\" content=\"2026-03-10T16:24:32+00:00\" \/>\n<meta name=\"author\" content=\"Leidy Dayanna Jaramillo Tavera\" \/>\n<meta name=\"twitter:card\" content=\"summary_large_image\" \/>\n<meta name=\"twitter:creator\" content=\"@UCatolicaCol\" \/>\n<meta name=\"twitter:site\" content=\"@UCatolicaCol\" \/>\n<meta name=\"twitter:label1\" content=\"Escrito por\" \/>\n\t<meta name=\"twitter:data1\" content=\"Leidy Dayanna Jaramillo Tavera\" \/>\n\t<meta name=\"twitter:label2\" content=\"Tiempo de lectura\" \/>\n\t<meta name=\"twitter:data2\" content=\"1 minuto\" \/>\n<script type=\"application\/ld+json\" class=\"yoast-schema-graph\">{\"@context\":\"https:\/\/schema.org\",\"@graph\":[{\"@type\":\"Article\",\"@id\":\"https:\/\/www.ucatolica.edu.co\/portal\/jornada-de-confesiones\/#article\",\"isPartOf\":{\"@id\":\"https:\/\/www.ucatolica.edu.co\/portal\/jornada-de-confesiones\/\"},\"author\":{\"name\":\"Leidy Dayanna Jaramillo Tavera\",\"@id\":\"https:\/\/www.ucatolica.edu.co\/portal\/#\/schema\/person\/c03ebc5b4f80ce7b8947aa9ddece408a\"},\"headline\":\"Jornada de confesiones\",\"datePublished\":\"2026-03-10T16:24:32+00:00\",\"mainEntityOfPage\":{\"@id\":\"https:\/\/www.ucatolica.edu.co\/portal\/jornada-de-confesiones\/\"},\"wordCount\":131,\"publisher\":{\"@id\":\"https:\/\/www.ucatolica.edu.co\/portal\/#organization\"},\"keywords\":[\"Bienestar Universitario\",\"Pastoral y Capellan\u00eda\"],\"articleSection\":[\"Actividades\"],\"inLanguage\":\"es-CO\"},{\"@type\":\"WebPage\",\"@id\":\"https:\/\/www.ucatolica.edu.co\/portal\/jornada-de-confesiones\/\",\"url\":\"https:\/\/www.ucatolica.edu.co\/portal\/jornada-de-confesiones\/\",\"name\":\"Jornada de confesiones - Universidad Cat\u00f3lica De Colombia\",\"isPartOf\":{\"@id\":\"https:\/\/www.ucatolica.edu.co\/portal\/#website\"},\"datePublished\":\"2026-03-10T16:24:32+00:00\",\"breadcrumb\":{\"@id\":\"https:\/\/www.ucatolica.edu.co\/portal\/jornada-de-confesiones\/#breadcrumb\"},\"inLanguage\":\"es-CO\",\"potentialAction\":[{\"@type\":\"ReadAction\",\"target\":[\"https:\/\/www.ucatolica.edu.co\/portal\/jornada-de-confesiones\/\"]}]},{\"@type\":\"BreadcrumbList\",\"@id\":\"https:\/\/www.ucatolica.edu.co\/portal\/jornada-de-confesiones\/#breadcrumb\",\"itemListElement\":[{\"@type\":\"ListItem\",\"position\":1,\"name\":\"Inicio\",\"item\":\"https:\/\/www.ucatolica.edu.co\/portal\/\"},{\"@type\":\"ListItem\",\"position\":2,\"name\":\"Jornada de confesiones\"}]},{\"@type\":\"WebSite\",\"@id\":\"https:\/\/www.ucatolica.edu.co\/portal\/#website\",\"url\":\"https:\/\/www.ucatolica.edu.co\/portal\/\",\"name\":\"Universidad Cat\u00f3lica De Colombia\",\"description\":\"Universidad Cat\u00f3lica De Colombia\",\"publisher\":{\"@id\":\"https:\/\/www.ucatolica.edu.co\/portal\/#organization\"},\"potentialAction\":[{\"@type\":\"SearchAction\",\"target\":{\"@type\":\"EntryPoint\",\"urlTemplate\":\"https:\/\/www.ucatolica.edu.co\/portal\/?s={search_term_string}\"},\"query-input\":{\"@type\":\"PropertyValueSpecification\",\"valueRequired\":true,\"valueName\":\"search_term_string\"}}],\"inLanguage\":\"es-CO\"},{\"@type\":\"Organization\",\"@id\":\"https:\/\/www.ucatolica.edu.co\/portal\/#organization\",\"name\":\"Universidad Cat\u00f3lica de Colombia\",\"url\":\"https:\/\/www.ucatolica.edu.co\/portal\/\",\"logo\":{\"@type\":\"ImageObject\",\"inLanguage\":\"es-CO\",\"@id\":\"https:\/\/www.ucatolica.edu.co\/portal\/#\/schema\/logo\/image\/\",\"url\":\"https:\/\/www.ucatolica.edu.co\/portal\/wp-content\/uploads\/2021\/06\/logo-header-ho-1.svg\",\"contentUrl\":\"https:\/\/www.ucatolica.edu.co\/portal\/wp-content\/uploads\/2021\/06\/logo-header-ho-1.svg\",\"width\":1,\"height\":1,\"caption\":\"Universidad Cat\u00f3lica de Colombia\"},\"image\":{\"@id\":\"https:\/\/www.ucatolica.edu.co\/portal\/#\/schema\/logo\/image\/\"},\"sameAs\":[\"https:\/\/www.facebook.com\/ucatolicacolombia\",\"https:\/\/x.com\/UCatolicaCol\",\"https:\/\/www.instagram.com\/universidadcatolicadecolombia\/\",\"https:\/\/www.linkedin.com\/company\/universidadcatolicadecolombia\/\",\"https:\/\/www.youtube.com\/user\/UCatolicaCo\"]},{\"@type\":\"Person\",\"@id\":\"https:\/\/www.ucatolica.edu.co\/portal\/#\/schema\/person\/c03ebc5b4f80ce7b8947aa9ddece408a\",\"name\":\"Leidy Dayanna Jaramillo Tavera\",\"url\":\"https:\/\/www.ucatolica.edu.co\/portal\/author\/dayana\/\"}]}<\/script>\n<!-- \/ Yoast SEO plugin. -->","yoast_head_json":{"title":"Jornada de confesiones - Universidad Cat\u00f3lica De Colombia","robots":{"index":"index","follow":"follow","max-snippet":"max-snippet:-1","max-image-preview":"max-image-preview:large","max-video-preview":"max-video-preview:-1"},"canonical":"https:\/\/www.ucatolica.edu.co\/portal\/jornada-de-confesiones\/","og_locale":"es_ES","og_type":"article","og_title":"Jornada de confesiones - Universidad Cat\u00f3lica De Colombia","og_description":"En el marco del tiempo de Cuaresma, la Universidad Cat\u00f3lica de Colombia invita a toda su comunidad universitaria a participar en la Jornada de Confesiones, un espacio espiritual para la reflexi\u00f3n, el perd\u00f3n y la reconciliaci\u00f3n con Dios, con los dem\u00e1s y consigo mismo. Fecha: 25, 26 y 27 de marzo. Capilla Sagrada Familia \u2013 [&hellip;]","og_url":"https:\/\/www.ucatolica.edu.co\/portal\/jornada-de-confesiones\/","og_site_name":"Universidad Cat\u00f3lica De Colombia","article_publisher":"https:\/\/www.facebook.com\/ucatolicacolombia","article_published_time":"2026-03-10T16:24:32+00:00","author":"Leidy Dayanna Jaramillo Tavera","twitter_card":"summary_large_image","twitter_creator":"@UCatolicaCol","twitter_site":"@UCatolicaCol","twitter_misc":{"Escrito por":"Leidy Dayanna Jaramillo Tavera","Tiempo de lectura":"1 minuto"},"schema":{"@context":"https:\/\/schema.org","@graph":[{"@type":"Article","@id":"https:\/\/www.ucatolica.edu.co\/portal\/jornada-de-confesiones\/#article","isPartOf":{"@id":"https:\/\/www.ucatolica.edu.co\/portal\/jornada-de-confesiones\/"},"author":{"name":"Leidy Dayanna Jaramillo Tavera","@id":"https:\/\/www.ucatolica.edu.co\/portal\/#\/schema\/person\/c03ebc5b4f80ce7b8947aa9ddece408a"},"headline":"Jornada de confesiones","datePublished":"2026-03-10T16:24:32+00:00","mainEntityOfPage":{"@id":"https:\/\/www.ucatolica.edu.co\/portal\/jornada-de-confesiones\/"},"wordCount":131,"publisher":{"@id":"https:\/\/www.ucatolica.edu.co\/portal\/#organization"},"keywords":["Bienestar Universitario","Pastoral y Capellan\u00eda"],"articleSection":["Actividades"],"inLanguage":"es-CO"},{"@type":"WebPage","@id":"https:\/\/www.ucatolica.edu.co\/portal\/jornada-de-confesiones\/","url":"https:\/\/www.ucatolica.edu.co\/portal\/jornada-de-confesiones\/","name":"Jornada de confesiones - Universidad Cat\u00f3lica De Colombia","isPartOf":{"@id":"https:\/\/www.ucatolica.edu.co\/portal\/#website"},"datePublished":"2026-03-10T16:24:32+00:00","breadcrumb":{"@id":"https:\/\/www.ucatolica.edu.co\/portal\/jornada-de-confesiones\/#breadcrumb"},"inLanguage":"es-CO","potentialAction":[{"@type":"ReadAction","target":["https:\/\/www.ucatolica.edu.co\/portal\/jornada-de-confesiones\/"]}]},{"@type":"BreadcrumbList","@id":"https:\/\/www.ucatolica.edu.co\/portal\/jornada-de-confesiones\/#breadcrumb","itemListElement":[{"@type":"ListItem","position":1,"name":"Inicio","item":"https:\/\/www.ucatolica.edu.co\/portal\/"},{"@type":"ListItem","position":2,"name":"Jornada de confesiones"}]},{"@type":"WebSite","@id":"https:\/\/www.ucatolica.edu.co\/portal\/#website","url":"https:\/\/www.ucatolica.edu.co\/portal\/","name":"Universidad Cat\u00f3lica De Colombia","description":"Universidad Cat\u00f3lica De Colombia","publisher":{"@id":"https:\/\/www.ucatolica.edu.co\/portal\/#organization"},"potentialAction":[{"@type":"SearchAction","target":{"@type":"EntryPoint","urlTemplate":"https:\/\/www.ucatolica.edu.co\/portal\/?s={search_term_string}"},"query-input":{"@type":"PropertyValueSpecification","valueRequired":true,"valueName":"search_term_string"}}],"inLanguage":"es-CO"},{"@type":"Organization","@id":"https:\/\/www.ucatolica.edu.co\/portal\/#organization","name":"Universidad Cat\u00f3lica de Colombia","url":"https:\/\/www.ucatolica.edu.co\/portal\/","logo":{"@type":"ImageObject","inLanguage":"es-CO","@id":"https:\/\/www.ucatolica.edu.co\/portal\/#\/schema\/logo\/image\/","url":"https:\/\/www.ucatolica.edu.co\/portal\/wp-content\/uploads\/2021\/06\/logo-header-ho-1.svg","contentUrl":"https:\/\/www.ucatolica.edu.co\/portal\/wp-content\/uploads\/2021\/06\/logo-header-ho-1.svg","width":1,"height":1,"caption":"Universidad Cat\u00f3lica de Colombia"},"image":{"@id":"https:\/\/www.ucatolica.edu.co\/portal\/#\/schema\/logo\/image\/"},"sameAs":["https:\/\/www.facebook.com\/ucatolicacolombia","https:\/\/x.com\/UCatolicaCol","https:\/\/www.instagram.com\/universidadcatolicadecolombia\/","https:\/\/www.linkedin.com\/company\/universidadcatolicadecolombia\/","https:\/\/www.youtube.com\/user\/UCatolicaCo"]},{"@type":"Person","@id":"https:\/\/www.ucatolica.edu.co\/portal\/#\/schema\/person\/c03ebc5b4f80ce7b8947aa9ddece408a","name":"Leidy Dayanna Jaramillo Tavera","url":"https:\/\/www.ucatolica.edu.co\/portal\/author\/dayana\/"}]}},"author_meta":{"display_name":"Leidy Dayanna Jaramillo Tavera","author_link":"https:\/\/www.ucatolica.edu.co\/portal\/author\/dayana\/"},"featured_img":null,"coauthors":[],"tax_additional":{"categories":{"linked":["<a href=\"https:\/\/www.ucatolica.edu.co\/portal\/category\/actividades\/\" class=\"advgb-post-tax-term\">Actividades<\/a>"],"unlinked":["<span class=\"advgb-post-tax-term\">Actividades<\/span>"]},"tags":{"linked":["<a href=\"https:\/\/www.ucatolica.edu.co\/portal\/category\/actividades\/\" class=\"advgb-post-tax-term\">Bienestar Universitario<\/a>","<a href=\"https:\/\/www.ucatolica.edu.co\/portal\/category\/actividades\/\" class=\"advgb-post-tax-term\">Pastoral y Capellan\u00eda<\/a>"],"unlinked":["<span class=\"advgb-post-tax-term\">Bienestar Universitario<\/span>","<span class=\"advgb-post-tax-term\">Pastoral y Capellan\u00eda<\/span>"]}},"comment_count":"0","relative_dates":{"created":"Posted 2 meses ago","modified":"Updated 2 meses ago"},"absolute_dates":{"created":"Posted on 10 marzo, 2026","modified":"Updated on 10 marzo, 2026"},"absolute_dates_time":{"created":"Posted on 10 marzo, 2026 11:24 am","modified":"Updated on 10 marzo, 2026 11:24 am"},"featured_img_caption":"","series_order":"","_links":{"self":[{"href":"https:\/\/www.ucatolica.edu.co\/portal\/wp-json\/wp\/v2\/posts\/130633","targetHints":{"allow":["GET"]}}],"collection":[{"href":"https:\/\/www.ucatolica.edu.co\/portal\/wp-json\/wp\/v2\/posts"}],"about":[{"href":"https:\/\/www.ucatolica.edu.co\/portal\/wp-json\/wp\/v2\/types\/post"}],"author":[{"embeddable":true,"href":"https:\/\/www.ucatolica.edu.co\/portal\/wp-json\/wp\/v2\/users\/61"}],"replies":[{"embeddable":true,"href":"https:\/\/www.ucatolica.edu.co\/portal\/wp-json\/wp\/v2\/comments?post=130633"}],"version-history":[{"count":1,"href":"https:\/\/www.ucatolica.edu.co\/portal\/wp-json\/wp\/v2\/posts\/130633\/revisions"}],"predecessor-version":[{"id":130634,"href":"https:\/\/www.ucatolica.edu.co\/portal\/wp-json\/wp\/v2\/posts\/130633\/revisions\/130634"}],"wp:attachment":[{"href":"https:\/\/www.ucatolica.edu.co\/portal\/wp-json\/wp\/v2\/media?parent=130633"}],"wp:term":[{"taxonomy":"category","embeddable":true,"href":"https:\/\/www.ucatolica.edu.co\/portal\/wp-json\/wp\/v2\/categories?post=130633"},{"taxonomy":"post_tag","embeddable":true,"href":"https:\/\/www.ucatolica.edu.co\/portal\/wp-json\/wp\/v2\/tags?post=130633"}],"curies":[{"name":"wp","href":"https:\/\/api.w.org\/{rel}","templated":true}]}}