{"id":130656,"date":"2026-03-11T10:29:00","date_gmt":"2026-03-11T15:29:00","guid":{"rendered":"https:\/\/www.ucatolica.edu.co\/portal\/?p=130656"},"modified":"2026-03-11T14:06:19","modified_gmt":"2026-03-11T19:06:19","slug":"la-facultad-de-ingenieria-rinde-homenaje-a-gabriel-garcia-marquez-y-abre-camino-hacia-su-centenario","status":"publish","type":"post","link":"https:\/\/www.ucatolica.edu.co\/portal\/la-facultad-de-ingenieria-rinde-homenaje-a-gabriel-garcia-marquez-y-abre-camino-hacia-su-centenario\/","title":{"rendered":"La Facultad de Ingenier\u00eda rinde homenaje a Gabriel Garc\u00eda M\u00e1rquez y abre camino hacia su centenario"},"content":{"rendered":"\n<p>El pasado viernes 6 de marzo de 2026, la Facultad de Ingenier\u00eda de la Universidad Cat\u00f3lica de Colombia se uni\u00f3 a la conmemoraci\u00f3n de los 99 a\u00f1os del natalicio de Gabriel Garc\u00eda M\u00e1rquez con un espacio acad\u00e9mico que reuni\u00f3 a 35 estudiantes de la c\u00e1tedra <strong>\u201cLa Ingenier\u00eda en Cien a\u00f1os de soledad\u201d<\/strong>, orientada por el ingeniero Jaime D\u00edaz Ortiz, decano de la Facultad.<\/p>\n\n\n\n<p>Durante la jornada, los estudiantes reflexionaron sobre los v\u00ednculos entre la ingenier\u00eda, las ciencias naturales y los avances tecnol\u00f3gicos presentes en el universo narrativo de Cien a\u00f1os de soledad. A partir de este ejercicio, se explor\u00f3 c\u00f3mo los procesos cient\u00edficos y las transformaciones propias de la revoluci\u00f3n industrial tambi\u00e9n pueden leerse en la historia de Macondo, permitiendo tender puentes entre la literatura y la formaci\u00f3n en ingenier\u00eda.<\/p>\n\n\n\n<p>Este enfoque interdisciplinario brinda a los estudiantes una mirada m\u00e1s amplia de su proceso formativo. Adem\u00e1s de fortalecer las bases cient\u00edficas propias de su carrera, les permite enriquecer su perspectiva cultural y comprender c\u00f3mo el conocimiento t\u00e9cnico puede dialogar con otras \u00e1reas del saber.<\/p>\n\n\n\n<p>La actividad tambi\u00e9n marc\u00f3 el inicio, desde la Facultad de Ingenier\u00eda, de la preparaci\u00f3n institucional para la conmemoraci\u00f3n del centenario del nacimiento de Garc\u00eda M\u00e1rquez en 2027. En este camino, el congreso CONIITI 2026 incorporar\u00e1 en su programaci\u00f3n nuevas propuestas acad\u00e9micas que integrar\u00e1n la formaci\u00f3n en ingenier\u00eda con la obra del Nobel colombiano.<\/p>\n\n\n\n<p>De esta manera, la Universidad Cat\u00f3lica de Colombia contin\u00faa impulsando iniciativas que conectan la ciencia, la tecnolog\u00eda y la cultura, abriendo escenarios de reflexi\u00f3n que enriquecen la formaci\u00f3n integral de sus estudiantes y proyectan el conocimiento hacia la sociedad.<\/p>\n","protected":false},"excerpt":{"rendered":"<p>El pasado viernes 6 de marzo de 2026, la Facultad de Ingenier\u00eda de la Universidad Cat\u00f3lica de Colombia se uni\u00f3 a la conmemoraci\u00f3n de los 99 a\u00f1os del natalicio de Gabriel Garc\u00eda M\u00e1rquez con un espacio acad\u00e9mico que reuni\u00f3 a 35 estudiantes de la c\u00e1tedra \u201cLa Ingenier\u00eda en Cien a\u00f1os de soledad\u201d, orientada por el [&hellip;]<\/p>\n","protected":false},"author":4,"featured_media":130657,"comment_status":"closed","ping_status":"closed","sticky":false,"template":"","format":"standard","meta":{"_acf_changed":false,"advgb_blocks_editor_width":"","advgb_blocks_columns_visual_guide":"","footnotes":""},"categories":[93],"tags":[2636,483,2635,268,3443],"class_list":["post-130656","post","type-post","status-publish","format-standard","has-post-thumbnail","hentry","category-noticias-principales","tag-cien-anos-de-soledad","tag-facultad-de-ingenieria","tag-gabriel-garcia-marquez","tag-ingenieria","tag-macondo"],"acf":[],"yoast_head":"<!-- This site is optimized with the Yoast SEO plugin v26.7 - https:\/\/yoast.com\/wordpress\/plugins\/seo\/ -->\n<title>La Facultad de Ingenier\u00eda rinde homenaje a Gabriel Garc\u00eda M\u00e1rquez y abre camino hacia su centenario - Universidad Cat\u00f3lica De Colombia<\/title>\n<meta name=\"robots\" content=\"index, follow, max-snippet:-1, max-image-preview:large, max-video-preview:-1\" \/>\n<link rel=\"canonical\" href=\"https:\/\/www.ucatolica.edu.co\/portal\/la-facultad-de-ingenieria-rinde-homenaje-a-gabriel-garcia-marquez-y-abre-camino-hacia-su-centenario\/\" \/>\n<meta property=\"og:locale\" content=\"es_ES\" \/>\n<meta property=\"og:type\" content=\"article\" \/>\n<meta property=\"og:title\" content=\"La Facultad de Ingenier\u00eda rinde homenaje a Gabriel Garc\u00eda M\u00e1rquez y abre camino hacia su centenario - Universidad Cat\u00f3lica De Colombia\" \/>\n<meta property=\"og:description\" content=\"El pasado viernes 6 de marzo de 2026, la Facultad de Ingenier\u00eda de la Universidad Cat\u00f3lica de Colombia se uni\u00f3 a la conmemoraci\u00f3n de los 99 a\u00f1os del natalicio de Gabriel Garc\u00eda M\u00e1rquez con un espacio acad\u00e9mico que reuni\u00f3 a 35 estudiantes de la c\u00e1tedra \u201cLa Ingenier\u00eda en Cien a\u00f1os de soledad\u201d, orientada por el [&hellip;]\" \/>\n<meta property=\"og:url\" content=\"https:\/\/www.ucatolica.edu.co\/portal\/la-facultad-de-ingenieria-rinde-homenaje-a-gabriel-garcia-marquez-y-abre-camino-hacia-su-centenario\/\" \/>\n<meta property=\"og:site_name\" content=\"Universidad Cat\u00f3lica De Colombia\" \/>\n<meta property=\"article:publisher\" content=\"https:\/\/www.facebook.com\/ucatolicacolombia\" \/>\n<meta property=\"article:published_time\" content=\"2026-03-11T15:29:00+00:00\" \/>\n<meta property=\"article:modified_time\" content=\"2026-03-11T19:06:19+00:00\" \/>\n<meta property=\"og:image\" content=\"https:\/\/www.ucatolica.edu.co\/portal\/wp-content\/uploads\/2026\/03\/Estudiantesdeingeneiria.jpg\" \/>\n\t<meta property=\"og:image:width\" content=\"870\" \/>\n\t<meta property=\"og:image:height\" content=\"522\" \/>\n\t<meta property=\"og:image:type\" content=\"image\/jpeg\" \/>\n<meta name=\"author\" content=\"Cindy Lugo\" \/>\n<meta name=\"twitter:card\" content=\"summary_large_image\" \/>\n<meta name=\"twitter:creator\" content=\"@UCatolicaCol\" \/>\n<meta name=\"twitter:site\" content=\"@UCatolicaCol\" \/>\n<meta name=\"twitter:label1\" content=\"Escrito por\" \/>\n\t<meta name=\"twitter:data1\" content=\"Cindy Lugo\" \/>\n\t<meta name=\"twitter:label2\" content=\"Tiempo de lectura\" \/>\n\t<meta name=\"twitter:data2\" content=\"2 minutos\" \/>\n<script type=\"application\/ld+json\" class=\"yoast-schema-graph\">{\"@context\":\"https:\/\/schema.org\",\"@graph\":[{\"@type\":\"Article\",\"@id\":\"https:\/\/www.ucatolica.edu.co\/portal\/la-facultad-de-ingenieria-rinde-homenaje-a-gabriel-garcia-marquez-y-abre-camino-hacia-su-centenario\/#article\",\"isPartOf\":{\"@id\":\"https:\/\/www.ucatolica.edu.co\/portal\/la-facultad-de-ingenieria-rinde-homenaje-a-gabriel-garcia-marquez-y-abre-camino-hacia-su-centenario\/\"},\"author\":{\"name\":\"Cindy Lugo\",\"@id\":\"https:\/\/www.ucatolica.edu.co\/portal\/#\/schema\/person\/a7469afff252fba81c6cdc40c80f00b6\"},\"headline\":\"La Facultad de Ingenier\u00eda rinde homenaje a Gabriel Garc\u00eda M\u00e1rquez y abre camino hacia su centenario\",\"datePublished\":\"2026-03-11T15:29:00+00:00\",\"dateModified\":\"2026-03-11T19:06:19+00:00\",\"mainEntityOfPage\":{\"@id\":\"https:\/\/www.ucatolica.edu.co\/portal\/la-facultad-de-ingenieria-rinde-homenaje-a-gabriel-garcia-marquez-y-abre-camino-hacia-su-centenario\/\"},\"wordCount\":321,\"publisher\":{\"@id\":\"https:\/\/www.ucatolica.edu.co\/portal\/#organization\"},\"image\":{\"@id\":\"https:\/\/www.ucatolica.edu.co\/portal\/la-facultad-de-ingenieria-rinde-homenaje-a-gabriel-garcia-marquez-y-abre-camino-hacia-su-centenario\/#primaryimage\"},\"thumbnailUrl\":\"https:\/\/www.ucatolica.edu.co\/portal\/wp-content\/uploads\/2026\/03\/Estudiantesdeingeneiria.jpg\",\"keywords\":[\"Cien a\u00f1os de soledad\",\"Facultad de Ingenier\u00eda\",\"Gabriel Garc\u00eda M\u00e1rquez\",\"Ingenier\u00eda\",\"Macondo\"],\"articleSection\":[\"Noticias Principales\"],\"inLanguage\":\"es-CO\"},{\"@type\":\"WebPage\",\"@id\":\"https:\/\/www.ucatolica.edu.co\/portal\/la-facultad-de-ingenieria-rinde-homenaje-a-gabriel-garcia-marquez-y-abre-camino-hacia-su-centenario\/\",\"url\":\"https:\/\/www.ucatolica.edu.co\/portal\/la-facultad-de-ingenieria-rinde-homenaje-a-gabriel-garcia-marquez-y-abre-camino-hacia-su-centenario\/\",\"name\":\"La Facultad de Ingenier\u00eda rinde homenaje a Gabriel Garc\u00eda M\u00e1rquez y abre camino hacia su centenario - Universidad Cat\u00f3lica De Colombia\",\"isPartOf\":{\"@id\":\"https:\/\/www.ucatolica.edu.co\/portal\/#website\"},\"primaryImageOfPage\":{\"@id\":\"https:\/\/www.ucatolica.edu.co\/portal\/la-facultad-de-ingenieria-rinde-homenaje-a-gabriel-garcia-marquez-y-abre-camino-hacia-su-centenario\/#primaryimage\"},\"image\":{\"@id\":\"https:\/\/www.ucatolica.edu.co\/portal\/la-facultad-de-ingenieria-rinde-homenaje-a-gabriel-garcia-marquez-y-abre-camino-hacia-su-centenario\/#primaryimage\"},\"thumbnailUrl\":\"https:\/\/www.ucatolica.edu.co\/portal\/wp-content\/uploads\/2026\/03\/Estudiantesdeingeneiria.jpg\",\"datePublished\":\"2026-03-11T15:29:00+00:00\",\"dateModified\":\"2026-03-11T19:06:19+00:00\",\"breadcrumb\":{\"@id\":\"https:\/\/www.ucatolica.edu.co\/portal\/la-facultad-de-ingenieria-rinde-homenaje-a-gabriel-garcia-marquez-y-abre-camino-hacia-su-centenario\/#breadcrumb\"},\"inLanguage\":\"es-CO\",\"potentialAction\":[{\"@type\":\"ReadAction\",\"target\":[\"https:\/\/www.ucatolica.edu.co\/portal\/la-facultad-de-ingenieria-rinde-homenaje-a-gabriel-garcia-marquez-y-abre-camino-hacia-su-centenario\/\"]}]},{\"@type\":\"ImageObject\",\"inLanguage\":\"es-CO\",\"@id\":\"https:\/\/www.ucatolica.edu.co\/portal\/la-facultad-de-ingenieria-rinde-homenaje-a-gabriel-garcia-marquez-y-abre-camino-hacia-su-centenario\/#primaryimage\",\"url\":\"https:\/\/www.ucatolica.edu.co\/portal\/wp-content\/uploads\/2026\/03\/Estudiantesdeingeneiria.jpg\",\"contentUrl\":\"https:\/\/www.ucatolica.edu.co\/portal\/wp-content\/uploads\/2026\/03\/Estudiantesdeingeneiria.jpg\",\"width\":870,\"height\":522},{\"@type\":\"BreadcrumbList\",\"@id\":\"https:\/\/www.ucatolica.edu.co\/portal\/la-facultad-de-ingenieria-rinde-homenaje-a-gabriel-garcia-marquez-y-abre-camino-hacia-su-centenario\/#breadcrumb\",\"itemListElement\":[{\"@type\":\"ListItem\",\"position\":1,\"name\":\"Inicio\",\"item\":\"https:\/\/www.ucatolica.edu.co\/portal\/\"},{\"@type\":\"ListItem\",\"position\":2,\"name\":\"La Facultad de Ingenier\u00eda rinde homenaje a Gabriel Garc\u00eda M\u00e1rquez y abre camino hacia su centenario\"}]},{\"@type\":\"WebSite\",\"@id\":\"https:\/\/www.ucatolica.edu.co\/portal\/#website\",\"url\":\"https:\/\/www.ucatolica.edu.co\/portal\/\",\"name\":\"Universidad Cat\u00f3lica De Colombia\",\"description\":\"Universidad Cat\u00f3lica De Colombia\",\"publisher\":{\"@id\":\"https:\/\/www.ucatolica.edu.co\/portal\/#organization\"},\"potentialAction\":[{\"@type\":\"SearchAction\",\"target\":{\"@type\":\"EntryPoint\",\"urlTemplate\":\"https:\/\/www.ucatolica.edu.co\/portal\/?s={search_term_string}\"},\"query-input\":{\"@type\":\"PropertyValueSpecification\",\"valueRequired\":true,\"valueName\":\"search_term_string\"}}],\"inLanguage\":\"es-CO\"},{\"@type\":\"Organization\",\"@id\":\"https:\/\/www.ucatolica.edu.co\/portal\/#organization\",\"name\":\"Universidad Cat\u00f3lica de Colombia\",\"url\":\"https:\/\/www.ucatolica.edu.co\/portal\/\",\"logo\":{\"@type\":\"ImageObject\",\"inLanguage\":\"es-CO\",\"@id\":\"https:\/\/www.ucatolica.edu.co\/portal\/#\/schema\/logo\/image\/\",\"url\":\"https:\/\/www.ucatolica.edu.co\/portal\/wp-content\/uploads\/2021\/06\/logo-header-ho-1.svg\",\"contentUrl\":\"https:\/\/www.ucatolica.edu.co\/portal\/wp-content\/uploads\/2021\/06\/logo-header-ho-1.svg\",\"width\":1,\"height\":1,\"caption\":\"Universidad Cat\u00f3lica de Colombia\"},\"image\":{\"@id\":\"https:\/\/www.ucatolica.edu.co\/portal\/#\/schema\/logo\/image\/\"},\"sameAs\":[\"https:\/\/www.facebook.com\/ucatolicacolombia\",\"https:\/\/x.com\/UCatolicaCol\",\"https:\/\/www.instagram.com\/universidadcatolicadecolombia\/\",\"https:\/\/www.linkedin.com\/company\/universidadcatolicadecolombia\/\",\"https:\/\/www.youtube.com\/user\/UCatolicaCo\"]},{\"@type\":\"Person\",\"@id\":\"https:\/\/www.ucatolica.edu.co\/portal\/#\/schema\/person\/a7469afff252fba81c6cdc40c80f00b6\",\"name\":\"Cindy Lugo\",\"url\":\"https:\/\/www.ucatolica.edu.co\/portal\/author\/cindy\/\"}]}<\/script>\n<!-- \/ Yoast SEO plugin. -->","yoast_head_json":{"title":"La Facultad de Ingenier\u00eda rinde homenaje a Gabriel Garc\u00eda M\u00e1rquez y abre camino hacia su centenario - Universidad Cat\u00f3lica De Colombia","robots":{"index":"index","follow":"follow","max-snippet":"max-snippet:-1","max-image-preview":"max-image-preview:large","max-video-preview":"max-video-preview:-1"},"canonical":"https:\/\/www.ucatolica.edu.co\/portal\/la-facultad-de-ingenieria-rinde-homenaje-a-gabriel-garcia-marquez-y-abre-camino-hacia-su-centenario\/","og_locale":"es_ES","og_type":"article","og_title":"La Facultad de Ingenier\u00eda rinde homenaje a Gabriel Garc\u00eda M\u00e1rquez y abre camino hacia su centenario - Universidad Cat\u00f3lica De Colombia","og_description":"El pasado viernes 6 de marzo de 2026, la Facultad de Ingenier\u00eda de la Universidad Cat\u00f3lica de Colombia se uni\u00f3 a la conmemoraci\u00f3n de los 99 a\u00f1os del natalicio de Gabriel Garc\u00eda M\u00e1rquez con un espacio acad\u00e9mico que reuni\u00f3 a 35 estudiantes de la c\u00e1tedra \u201cLa Ingenier\u00eda en Cien a\u00f1os de soledad\u201d, orientada por el [&hellip;]","og_url":"https:\/\/www.ucatolica.edu.co\/portal\/la-facultad-de-ingenieria-rinde-homenaje-a-gabriel-garcia-marquez-y-abre-camino-hacia-su-centenario\/","og_site_name":"Universidad Cat\u00f3lica De Colombia","article_publisher":"https:\/\/www.facebook.com\/ucatolicacolombia","article_published_time":"2026-03-11T15:29:00+00:00","article_modified_time":"2026-03-11T19:06:19+00:00","og_image":[{"width":870,"height":522,"url":"https:\/\/www.ucatolica.edu.co\/portal\/wp-content\/uploads\/2026\/03\/Estudiantesdeingeneiria.jpg","type":"image\/jpeg"}],"author":"Cindy Lugo","twitter_card":"summary_large_image","twitter_creator":"@UCatolicaCol","twitter_site":"@UCatolicaCol","twitter_misc":{"Escrito por":"Cindy Lugo","Tiempo de lectura":"2 minutos"},"schema":{"@context":"https:\/\/schema.org","@graph":[{"@type":"Article","@id":"https:\/\/www.ucatolica.edu.co\/portal\/la-facultad-de-ingenieria-rinde-homenaje-a-gabriel-garcia-marquez-y-abre-camino-hacia-su-centenario\/#article","isPartOf":{"@id":"https:\/\/www.ucatolica.edu.co\/portal\/la-facultad-de-ingenieria-rinde-homenaje-a-gabriel-garcia-marquez-y-abre-camino-hacia-su-centenario\/"},"author":{"name":"Cindy Lugo","@id":"https:\/\/www.ucatolica.edu.co\/portal\/#\/schema\/person\/a7469afff252fba81c6cdc40c80f00b6"},"headline":"La Facultad de Ingenier\u00eda rinde homenaje a Gabriel Garc\u00eda M\u00e1rquez y abre camino hacia su centenario","datePublished":"2026-03-11T15:29:00+00:00","dateModified":"2026-03-11T19:06:19+00:00","mainEntityOfPage":{"@id":"https:\/\/www.ucatolica.edu.co\/portal\/la-facultad-de-ingenieria-rinde-homenaje-a-gabriel-garcia-marquez-y-abre-camino-hacia-su-centenario\/"},"wordCount":321,"publisher":{"@id":"https:\/\/www.ucatolica.edu.co\/portal\/#organization"},"image":{"@id":"https:\/\/www.ucatolica.edu.co\/portal\/la-facultad-de-ingenieria-rinde-homenaje-a-gabriel-garcia-marquez-y-abre-camino-hacia-su-centenario\/#primaryimage"},"thumbnailUrl":"https:\/\/www.ucatolica.edu.co\/portal\/wp-content\/uploads\/2026\/03\/Estudiantesdeingeneiria.jpg","keywords":["Cien a\u00f1os de soledad","Facultad de Ingenier\u00eda","Gabriel Garc\u00eda M\u00e1rquez","Ingenier\u00eda","Macondo"],"articleSection":["Noticias Principales"],"inLanguage":"es-CO"},{"@type":"WebPage","@id":"https:\/\/www.ucatolica.edu.co\/portal\/la-facultad-de-ingenieria-rinde-homenaje-a-gabriel-garcia-marquez-y-abre-camino-hacia-su-centenario\/","url":"https:\/\/www.ucatolica.edu.co\/portal\/la-facultad-de-ingenieria-rinde-homenaje-a-gabriel-garcia-marquez-y-abre-camino-hacia-su-centenario\/","name":"La Facultad de Ingenier\u00eda rinde homenaje a Gabriel Garc\u00eda M\u00e1rquez y abre camino hacia su centenario - Universidad Cat\u00f3lica De Colombia","isPartOf":{"@id":"https:\/\/www.ucatolica.edu.co\/portal\/#website"},"primaryImageOfPage":{"@id":"https:\/\/www.ucatolica.edu.co\/portal\/la-facultad-de-ingenieria-rinde-homenaje-a-gabriel-garcia-marquez-y-abre-camino-hacia-su-centenario\/#primaryimage"},"image":{"@id":"https:\/\/www.ucatolica.edu.co\/portal\/la-facultad-de-ingenieria-rinde-homenaje-a-gabriel-garcia-marquez-y-abre-camino-hacia-su-centenario\/#primaryimage"},"thumbnailUrl":"https:\/\/www.ucatolica.edu.co\/portal\/wp-content\/uploads\/2026\/03\/Estudiantesdeingeneiria.jpg","datePublished":"2026-03-11T15:29:00+00:00","dateModified":"2026-03-11T19:06:19+00:00","breadcrumb":{"@id":"https:\/\/www.ucatolica.edu.co\/portal\/la-facultad-de-ingenieria-rinde-homenaje-a-gabriel-garcia-marquez-y-abre-camino-hacia-su-centenario\/#breadcrumb"},"inLanguage":"es-CO","potentialAction":[{"@type":"ReadAction","target":["https:\/\/www.ucatolica.edu.co\/portal\/la-facultad-de-ingenieria-rinde-homenaje-a-gabriel-garcia-marquez-y-abre-camino-hacia-su-centenario\/"]}]},{"@type":"ImageObject","inLanguage":"es-CO","@id":"https:\/\/www.ucatolica.edu.co\/portal\/la-facultad-de-ingenieria-rinde-homenaje-a-gabriel-garcia-marquez-y-abre-camino-hacia-su-centenario\/#primaryimage","url":"https:\/\/www.ucatolica.edu.co\/portal\/wp-content\/uploads\/2026\/03\/Estudiantesdeingeneiria.jpg","contentUrl":"https:\/\/www.ucatolica.edu.co\/portal\/wp-content\/uploads\/2026\/03\/Estudiantesdeingeneiria.jpg","width":870,"height":522},{"@type":"BreadcrumbList","@id":"https:\/\/www.ucatolica.edu.co\/portal\/la-facultad-de-ingenieria-rinde-homenaje-a-gabriel-garcia-marquez-y-abre-camino-hacia-su-centenario\/#breadcrumb","itemListElement":[{"@type":"ListItem","position":1,"name":"Inicio","item":"https:\/\/www.ucatolica.edu.co\/portal\/"},{"@type":"ListItem","position":2,"name":"La Facultad de Ingenier\u00eda rinde homenaje a Gabriel Garc\u00eda M\u00e1rquez y abre camino hacia su centenario"}]},{"@type":"WebSite","@id":"https:\/\/www.ucatolica.edu.co\/portal\/#website","url":"https:\/\/www.ucatolica.edu.co\/portal\/","name":"Universidad Cat\u00f3lica De Colombia","description":"Universidad Cat\u00f3lica De Colombia","publisher":{"@id":"https:\/\/www.ucatolica.edu.co\/portal\/#organization"},"potentialAction":[{"@type":"SearchAction","target":{"@type":"EntryPoint","urlTemplate":"https:\/\/www.ucatolica.edu.co\/portal\/?s={search_term_string}"},"query-input":{"@type":"PropertyValueSpecification","valueRequired":true,"valueName":"search_term_string"}}],"inLanguage":"es-CO"},{"@type":"Organization","@id":"https:\/\/www.ucatolica.edu.co\/portal\/#organization","name":"Universidad Cat\u00f3lica de Colombia","url":"https:\/\/www.ucatolica.edu.co\/portal\/","logo":{"@type":"ImageObject","inLanguage":"es-CO","@id":"https:\/\/www.ucatolica.edu.co\/portal\/#\/schema\/logo\/image\/","url":"https:\/\/www.ucatolica.edu.co\/portal\/wp-content\/uploads\/2021\/06\/logo-header-ho-1.svg","contentUrl":"https:\/\/www.ucatolica.edu.co\/portal\/wp-content\/uploads\/2021\/06\/logo-header-ho-1.svg","width":1,"height":1,"caption":"Universidad Cat\u00f3lica de Colombia"},"image":{"@id":"https:\/\/www.ucatolica.edu.co\/portal\/#\/schema\/logo\/image\/"},"sameAs":["https:\/\/www.facebook.com\/ucatolicacolombia","https:\/\/x.com\/UCatolicaCol","https:\/\/www.instagram.com\/universidadcatolicadecolombia\/","https:\/\/www.linkedin.com\/company\/universidadcatolicadecolombia\/","https:\/\/www.youtube.com\/user\/UCatolicaCo"]},{"@type":"Person","@id":"https:\/\/www.ucatolica.edu.co\/portal\/#\/schema\/person\/a7469afff252fba81c6cdc40c80f00b6","name":"Cindy Lugo","url":"https:\/\/www.ucatolica.edu.co\/portal\/author\/cindy\/"}]}},"author_meta":{"display_name":"Cindy Lugo","author_link":"https:\/\/www.ucatolica.edu.co\/portal\/author\/cindy\/"},"featured_img":"https:\/\/www.ucatolica.edu.co\/portal\/wp-content\/uploads\/2026\/03\/Estudiantesdeingeneiria.jpg","coauthors":[],"tax_additional":{"categories":{"linked":["<a href=\"https:\/\/www.ucatolica.edu.co\/portal\/category\/noticias-principales\/\" class=\"advgb-post-tax-term\">Noticias Principales<\/a>"],"unlinked":["<span class=\"advgb-post-tax-term\">Noticias Principales<\/span>"]},"tags":{"linked":["<a href=\"https:\/\/www.ucatolica.edu.co\/portal\/category\/noticias-principales\/\" class=\"advgb-post-tax-term\">Cien a\u00f1os de soledad<\/a>","<a href=\"https:\/\/www.ucatolica.edu.co\/portal\/category\/noticias-principales\/\" class=\"advgb-post-tax-term\">Facultad de Ingenier\u00eda<\/a>","<a href=\"https:\/\/www.ucatolica.edu.co\/portal\/category\/noticias-principales\/\" class=\"advgb-post-tax-term\">Gabriel Garc\u00eda M\u00e1rquez<\/a>","<a href=\"https:\/\/www.ucatolica.edu.co\/portal\/category\/noticias-principales\/\" class=\"advgb-post-tax-term\">Ingenier\u00eda<\/a>","<a href=\"https:\/\/www.ucatolica.edu.co\/portal\/category\/noticias-principales\/\" class=\"advgb-post-tax-term\">Macondo<\/a>"],"unlinked":["<span class=\"advgb-post-tax-term\">Cien a\u00f1os de soledad<\/span>","<span class=\"advgb-post-tax-term\">Facultad de Ingenier\u00eda<\/span>","<span class=\"advgb-post-tax-term\">Gabriel Garc\u00eda M\u00e1rquez<\/span>","<span class=\"advgb-post-tax-term\">Ingenier\u00eda<\/span>","<span class=\"advgb-post-tax-term\">Macondo<\/span>"]}},"comment_count":"0","relative_dates":{"created":"Posted 2 meses ago","modified":"Updated 2 meses ago"},"absolute_dates":{"created":"Posted on 11 marzo, 2026","modified":"Updated on 11 marzo, 2026"},"absolute_dates_time":{"created":"Posted on 11 marzo, 2026 10:29 am","modified":"Updated on 11 marzo, 2026 2:06 pm"},"featured_img_caption":"","series_order":"","_links":{"self":[{"href":"https:\/\/www.ucatolica.edu.co\/portal\/wp-json\/wp\/v2\/posts\/130656","targetHints":{"allow":["GET"]}}],"collection":[{"href":"https:\/\/www.ucatolica.edu.co\/portal\/wp-json\/wp\/v2\/posts"}],"about":[{"href":"https:\/\/www.ucatolica.edu.co\/portal\/wp-json\/wp\/v2\/types\/post"}],"author":[{"embeddable":true,"href":"https:\/\/www.ucatolica.edu.co\/portal\/wp-json\/wp\/v2\/users\/4"}],"replies":[{"embeddable":true,"href":"https:\/\/www.ucatolica.edu.co\/portal\/wp-json\/wp\/v2\/comments?post=130656"}],"version-history":[{"count":1,"href":"https:\/\/www.ucatolica.edu.co\/portal\/wp-json\/wp\/v2\/posts\/130656\/revisions"}],"predecessor-version":[{"id":130658,"href":"https:\/\/www.ucatolica.edu.co\/portal\/wp-json\/wp\/v2\/posts\/130656\/revisions\/130658"}],"wp:featuredmedia":[{"embeddable":true,"href":"https:\/\/www.ucatolica.edu.co\/portal\/wp-json\/wp\/v2\/media\/130657"}],"wp:attachment":[{"href":"https:\/\/www.ucatolica.edu.co\/portal\/wp-json\/wp\/v2\/media?parent=130656"}],"wp:term":[{"taxonomy":"category","embeddable":true,"href":"https:\/\/www.ucatolica.edu.co\/portal\/wp-json\/wp\/v2\/categories?post=130656"},{"taxonomy":"post_tag","embeddable":true,"href":"https:\/\/www.ucatolica.edu.co\/portal\/wp-json\/wp\/v2\/tags?post=130656"}],"curies":[{"name":"wp","href":"https:\/\/api.w.org\/{rel}","templated":true}]}}