{"id":130664,"date":"2026-03-11T10:53:46","date_gmt":"2026-03-11T15:53:46","guid":{"rendered":"https:\/\/www.ucatolica.edu.co\/portal\/?p=130664"},"modified":"2026-03-11T10:53:46","modified_gmt":"2026-03-11T15:53:46","slug":"la-facultad-de-ingenieria-abrio-sus-puertas-a-la-investigacion-con-jornada-de-socializacion-de-semilleros","status":"publish","type":"post","link":"https:\/\/www.ucatolica.edu.co\/portal\/la-facultad-de-ingenieria-abrio-sus-puertas-a-la-investigacion-con-jornada-de-socializacion-de-semilleros\/","title":{"rendered":"La Facultad de Ingenier\u00eda abri\u00f3 sus puertas a la investigaci\u00f3n con jornada de socializaci\u00f3n de semilleros"},"content":{"rendered":"\n<p>Entre el 16 y el 20 de febrero de 2026, la Facultad de Ingenier\u00eda de la Universidad Cat\u00f3lica de Colombia realiz\u00f3 una jornada de socializaci\u00f3n de semilleros de investigaci\u00f3n, un espacio pensado para acercar a los estudiantes a los procesos investigativos y mostrar las iniciativas que actualmente se desarrollan desde estos grupos acad\u00e9micos.<\/p>\n\n\n\n<p>Durante la semana, los diferentes semilleros presentaron a la comunidad estudiantil sus l\u00edneas de trabajo, proyectos en curso y las posibilidades de vinculaci\u00f3n para quienes desean comenzar su camino en la investigaci\u00f3n. La actividad permiti\u00f3 que los estudiantes conocieran de primera mano c\u00f3mo funcionan estos espacios y qu\u00e9 tipo de experiencias pueden vivir al participar en ellos.<\/p>\n\n\n\n<p>Como parte de la programaci\u00f3n, tambi\u00e9n se llevaron a cabo talleres y actividades pr\u00e1cticas dentro de algunas asignaturas de la facultad. Estas experiencias permitieron evidenciar, de manera din\u00e1mica, c\u00f3mo la investigaci\u00f3n aplicada en ingenier\u00eda contribuye a analizar y resolver problem\u00e1ticas reales, al tiempo que fortalece la formaci\u00f3n acad\u00e9mica de los futuros profesionales.<\/p>\n\n\n\n<p>A lo largo de las jornadas, quienes ya hacen parte de los semilleros compartieron sus aprendizajes, retos y logros, generando un di\u00e1logo cercano con otros estudiantes interesados en sumarse a estas iniciativas. Adem\u00e1s, se resolvieron inquietudes relacionadas con los procesos de inscripci\u00f3n, los beneficios acad\u00e9micos y las oportunidades de participar en proyectos, eventos cient\u00edficos y convocatorias de investigaci\u00f3n.<\/p>\n\n\n\n<p>Este tipo de encuentros fortalece la cultura investigativa dentro de la Facultad de Ingenier\u00eda y motiva a los estudiantes a ver la investigaci\u00f3n como una oportunidad para complementar su proceso formativo, desarrollar pensamiento cr\u00edtico y aportar a la construcci\u00f3n de soluciones innovadoras.<\/p>\n\n\n\n<p>Con estas iniciativas, la Facultad reafirma su compromiso con la investigaci\u00f3n formativa y con la creaci\u00f3n de escenarios de aprendizaje colaborativo que impulsen la creatividad, la curiosidad y la innovaci\u00f3n entre los futuros ingenieros.<\/p>\n\n\n\n<p>Quienes deseen conocer m\u00e1s sobre los semilleros y sus l\u00edneas de trabajo pueden consultar la informaci\u00f3n disponible en los folletos informativos o acercarse al <strong>Centro de Investigaci\u00f3n de la Facultad de Ingenier\u00eda (CIFI)<\/strong>, ubicado en el cuarto piso de la sede El Claustro. Tambi\u00e9n pueden escribir al correo investigacionesing@ucatolica.edu.co para resolver inquietudes y conocer c\u00f3mo vincularse durante el a\u00f1o.<\/p>\n\n\n\n<p>Investigar tambi\u00e9n es una forma de transformar el entorno. Desde la ingenier\u00eda, cada idea puede convertirse en una oportunidad para generar conocimiento y aportar a la sociedad.<\/p>\n\n\n\n<p><\/p>\n","protected":false},"excerpt":{"rendered":"<p>Entre el 16 y el 20 de febrero de 2026, la Facultad de Ingenier\u00eda de la Universidad Cat\u00f3lica de Colombia realiz\u00f3 una jornada de socializaci\u00f3n de semilleros de investigaci\u00f3n, un espacio pensado para acercar a los estudiantes a los procesos investigativos y mostrar las iniciativas que actualmente se desarrollan desde estos grupos acad\u00e9micos. Durante la [&hellip;]<\/p>\n","protected":false},"author":4,"featured_media":130665,"comment_status":"closed","ping_status":"closed","sticky":false,"template":"","format":"standard","meta":{"_acf_changed":false,"advgb_blocks_editor_width":"","advgb_blocks_columns_visual_guide":"","footnotes":""},"categories":[93],"tags":[3444,2977,268,533],"class_list":["post-130664","post","type-post","status-publish","format-standard","has-post-thumbnail","hentry","category-noticias-principales","tag-centro-de-investigacion","tag-cifi","tag-ingenieria","tag-semilleros-de-investigacion"],"acf":[],"yoast_head":"<!-- This site is optimized with the Yoast SEO plugin v26.7 - https:\/\/yoast.com\/wordpress\/plugins\/seo\/ -->\n<title>La Facultad de Ingenier\u00eda abri\u00f3 sus puertas a la investigaci\u00f3n con jornada de socializaci\u00f3n de semilleros - Universidad Cat\u00f3lica De Colombia<\/title>\n<meta name=\"robots\" content=\"index, follow, max-snippet:-1, max-image-preview:large, max-video-preview:-1\" \/>\n<link rel=\"canonical\" href=\"https:\/\/www.ucatolica.edu.co\/portal\/la-facultad-de-ingenieria-abrio-sus-puertas-a-la-investigacion-con-jornada-de-socializacion-de-semilleros\/\" \/>\n<meta property=\"og:locale\" content=\"es_ES\" \/>\n<meta property=\"og:type\" content=\"article\" \/>\n<meta property=\"og:title\" content=\"La Facultad de Ingenier\u00eda abri\u00f3 sus puertas a la investigaci\u00f3n con jornada de socializaci\u00f3n de semilleros - Universidad Cat\u00f3lica De Colombia\" \/>\n<meta property=\"og:description\" content=\"Entre el 16 y el 20 de febrero de 2026, la Facultad de Ingenier\u00eda de la Universidad Cat\u00f3lica de Colombia realiz\u00f3 una jornada de socializaci\u00f3n de semilleros de investigaci\u00f3n, un espacio pensado para acercar a los estudiantes a los procesos investigativos y mostrar las iniciativas que actualmente se desarrollan desde estos grupos acad\u00e9micos. Durante la [&hellip;]\" \/>\n<meta property=\"og:url\" content=\"https:\/\/www.ucatolica.edu.co\/portal\/la-facultad-de-ingenieria-abrio-sus-puertas-a-la-investigacion-con-jornada-de-socializacion-de-semilleros\/\" \/>\n<meta property=\"og:site_name\" content=\"Universidad Cat\u00f3lica De Colombia\" \/>\n<meta property=\"article:publisher\" content=\"https:\/\/www.facebook.com\/ucatolicacolombia\" \/>\n<meta property=\"article:published_time\" content=\"2026-03-11T15:53:46+00:00\" \/>\n<meta property=\"og:image\" content=\"https:\/\/www.ucatolica.edu.co\/portal\/wp-content\/uploads\/2026\/03\/semillero-ingenieria.jpg\" \/>\n\t<meta property=\"og:image:width\" content=\"870\" \/>\n\t<meta property=\"og:image:height\" content=\"522\" \/>\n\t<meta property=\"og:image:type\" content=\"image\/jpeg\" \/>\n<meta name=\"author\" content=\"Cindy Lugo\" \/>\n<meta name=\"twitter:card\" content=\"summary_large_image\" \/>\n<meta name=\"twitter:creator\" content=\"@UCatolicaCol\" \/>\n<meta name=\"twitter:site\" content=\"@UCatolicaCol\" \/>\n<meta name=\"twitter:label1\" content=\"Escrito por\" \/>\n\t<meta name=\"twitter:data1\" content=\"Cindy Lugo\" \/>\n\t<meta name=\"twitter:label2\" content=\"Tiempo de lectura\" \/>\n\t<meta name=\"twitter:data2\" content=\"2 minutos\" \/>\n<script type=\"application\/ld+json\" class=\"yoast-schema-graph\">{\"@context\":\"https:\/\/schema.org\",\"@graph\":[{\"@type\":\"Article\",\"@id\":\"https:\/\/www.ucatolica.edu.co\/portal\/la-facultad-de-ingenieria-abrio-sus-puertas-a-la-investigacion-con-jornada-de-socializacion-de-semilleros\/#article\",\"isPartOf\":{\"@id\":\"https:\/\/www.ucatolica.edu.co\/portal\/la-facultad-de-ingenieria-abrio-sus-puertas-a-la-investigacion-con-jornada-de-socializacion-de-semilleros\/\"},\"author\":{\"name\":\"Cindy Lugo\",\"@id\":\"https:\/\/www.ucatolica.edu.co\/portal\/#\/schema\/person\/a7469afff252fba81c6cdc40c80f00b6\"},\"headline\":\"La Facultad de Ingenier\u00eda abri\u00f3 sus puertas a la investigaci\u00f3n con jornada de socializaci\u00f3n de semilleros\",\"datePublished\":\"2026-03-11T15:53:46+00:00\",\"mainEntityOfPage\":{\"@id\":\"https:\/\/www.ucatolica.edu.co\/portal\/la-facultad-de-ingenieria-abrio-sus-puertas-a-la-investigacion-con-jornada-de-socializacion-de-semilleros\/\"},\"wordCount\":443,\"publisher\":{\"@id\":\"https:\/\/www.ucatolica.edu.co\/portal\/#organization\"},\"image\":{\"@id\":\"https:\/\/www.ucatolica.edu.co\/portal\/la-facultad-de-ingenieria-abrio-sus-puertas-a-la-investigacion-con-jornada-de-socializacion-de-semilleros\/#primaryimage\"},\"thumbnailUrl\":\"https:\/\/www.ucatolica.edu.co\/portal\/wp-content\/uploads\/2026\/03\/semillero-ingenieria.jpg\",\"keywords\":[\"Centro de Investigaci\u00f3n\",\"CIFI\",\"Ingenier\u00eda\",\"Semilleros de Investigaci\u00f3n\"],\"articleSection\":[\"Noticias Principales\"],\"inLanguage\":\"es-CO\"},{\"@type\":\"WebPage\",\"@id\":\"https:\/\/www.ucatolica.edu.co\/portal\/la-facultad-de-ingenieria-abrio-sus-puertas-a-la-investigacion-con-jornada-de-socializacion-de-semilleros\/\",\"url\":\"https:\/\/www.ucatolica.edu.co\/portal\/la-facultad-de-ingenieria-abrio-sus-puertas-a-la-investigacion-con-jornada-de-socializacion-de-semilleros\/\",\"name\":\"La Facultad de Ingenier\u00eda abri\u00f3 sus puertas a la investigaci\u00f3n con jornada de socializaci\u00f3n de semilleros - Universidad Cat\u00f3lica De Colombia\",\"isPartOf\":{\"@id\":\"https:\/\/www.ucatolica.edu.co\/portal\/#website\"},\"primaryImageOfPage\":{\"@id\":\"https:\/\/www.ucatolica.edu.co\/portal\/la-facultad-de-ingenieria-abrio-sus-puertas-a-la-investigacion-con-jornada-de-socializacion-de-semilleros\/#primaryimage\"},\"image\":{\"@id\":\"https:\/\/www.ucatolica.edu.co\/portal\/la-facultad-de-ingenieria-abrio-sus-puertas-a-la-investigacion-con-jornada-de-socializacion-de-semilleros\/#primaryimage\"},\"thumbnailUrl\":\"https:\/\/www.ucatolica.edu.co\/portal\/wp-content\/uploads\/2026\/03\/semillero-ingenieria.jpg\",\"datePublished\":\"2026-03-11T15:53:46+00:00\",\"breadcrumb\":{\"@id\":\"https:\/\/www.ucatolica.edu.co\/portal\/la-facultad-de-ingenieria-abrio-sus-puertas-a-la-investigacion-con-jornada-de-socializacion-de-semilleros\/#breadcrumb\"},\"inLanguage\":\"es-CO\",\"potentialAction\":[{\"@type\":\"ReadAction\",\"target\":[\"https:\/\/www.ucatolica.edu.co\/portal\/la-facultad-de-ingenieria-abrio-sus-puertas-a-la-investigacion-con-jornada-de-socializacion-de-semilleros\/\"]}]},{\"@type\":\"ImageObject\",\"inLanguage\":\"es-CO\",\"@id\":\"https:\/\/www.ucatolica.edu.co\/portal\/la-facultad-de-ingenieria-abrio-sus-puertas-a-la-investigacion-con-jornada-de-socializacion-de-semilleros\/#primaryimage\",\"url\":\"https:\/\/www.ucatolica.edu.co\/portal\/wp-content\/uploads\/2026\/03\/semillero-ingenieria.jpg\",\"contentUrl\":\"https:\/\/www.ucatolica.edu.co\/portal\/wp-content\/uploads\/2026\/03\/semillero-ingenieria.jpg\",\"width\":870,\"height\":522},{\"@type\":\"BreadcrumbList\",\"@id\":\"https:\/\/www.ucatolica.edu.co\/portal\/la-facultad-de-ingenieria-abrio-sus-puertas-a-la-investigacion-con-jornada-de-socializacion-de-semilleros\/#breadcrumb\",\"itemListElement\":[{\"@type\":\"ListItem\",\"position\":1,\"name\":\"Inicio\",\"item\":\"https:\/\/www.ucatolica.edu.co\/portal\/\"},{\"@type\":\"ListItem\",\"position\":2,\"name\":\"La Facultad de Ingenier\u00eda abri\u00f3 sus puertas a la investigaci\u00f3n con jornada de socializaci\u00f3n de semilleros\"}]},{\"@type\":\"WebSite\",\"@id\":\"https:\/\/www.ucatolica.edu.co\/portal\/#website\",\"url\":\"https:\/\/www.ucatolica.edu.co\/portal\/\",\"name\":\"Universidad Cat\u00f3lica De Colombia\",\"description\":\"Universidad Cat\u00f3lica De Colombia\",\"publisher\":{\"@id\":\"https:\/\/www.ucatolica.edu.co\/portal\/#organization\"},\"potentialAction\":[{\"@type\":\"SearchAction\",\"target\":{\"@type\":\"EntryPoint\",\"urlTemplate\":\"https:\/\/www.ucatolica.edu.co\/portal\/?s={search_term_string}\"},\"query-input\":{\"@type\":\"PropertyValueSpecification\",\"valueRequired\":true,\"valueName\":\"search_term_string\"}}],\"inLanguage\":\"es-CO\"},{\"@type\":\"Organization\",\"@id\":\"https:\/\/www.ucatolica.edu.co\/portal\/#organization\",\"name\":\"Universidad Cat\u00f3lica de Colombia\",\"url\":\"https:\/\/www.ucatolica.edu.co\/portal\/\",\"logo\":{\"@type\":\"ImageObject\",\"inLanguage\":\"es-CO\",\"@id\":\"https:\/\/www.ucatolica.edu.co\/portal\/#\/schema\/logo\/image\/\",\"url\":\"https:\/\/www.ucatolica.edu.co\/portal\/wp-content\/uploads\/2021\/06\/logo-header-ho-1.svg\",\"contentUrl\":\"https:\/\/www.ucatolica.edu.co\/portal\/wp-content\/uploads\/2021\/06\/logo-header-ho-1.svg\",\"width\":1,\"height\":1,\"caption\":\"Universidad Cat\u00f3lica de Colombia\"},\"image\":{\"@id\":\"https:\/\/www.ucatolica.edu.co\/portal\/#\/schema\/logo\/image\/\"},\"sameAs\":[\"https:\/\/www.facebook.com\/ucatolicacolombia\",\"https:\/\/x.com\/UCatolicaCol\",\"https:\/\/www.instagram.com\/universidadcatolicadecolombia\/\",\"https:\/\/www.linkedin.com\/company\/universidadcatolicadecolombia\/\",\"https:\/\/www.youtube.com\/user\/UCatolicaCo\"]},{\"@type\":\"Person\",\"@id\":\"https:\/\/www.ucatolica.edu.co\/portal\/#\/schema\/person\/a7469afff252fba81c6cdc40c80f00b6\",\"name\":\"Cindy Lugo\",\"url\":\"https:\/\/www.ucatolica.edu.co\/portal\/author\/cindy\/\"}]}<\/script>\n<!-- \/ Yoast SEO plugin. -->","yoast_head_json":{"title":"La Facultad de Ingenier\u00eda abri\u00f3 sus puertas a la investigaci\u00f3n con jornada de socializaci\u00f3n de semilleros - Universidad Cat\u00f3lica De Colombia","robots":{"index":"index","follow":"follow","max-snippet":"max-snippet:-1","max-image-preview":"max-image-preview:large","max-video-preview":"max-video-preview:-1"},"canonical":"https:\/\/www.ucatolica.edu.co\/portal\/la-facultad-de-ingenieria-abrio-sus-puertas-a-la-investigacion-con-jornada-de-socializacion-de-semilleros\/","og_locale":"es_ES","og_type":"article","og_title":"La Facultad de Ingenier\u00eda abri\u00f3 sus puertas a la investigaci\u00f3n con jornada de socializaci\u00f3n de semilleros - Universidad Cat\u00f3lica De Colombia","og_description":"Entre el 16 y el 20 de febrero de 2026, la Facultad de Ingenier\u00eda de la Universidad Cat\u00f3lica de Colombia realiz\u00f3 una jornada de socializaci\u00f3n de semilleros de investigaci\u00f3n, un espacio pensado para acercar a los estudiantes a los procesos investigativos y mostrar las iniciativas que actualmente se desarrollan desde estos grupos acad\u00e9micos. Durante la [&hellip;]","og_url":"https:\/\/www.ucatolica.edu.co\/portal\/la-facultad-de-ingenieria-abrio-sus-puertas-a-la-investigacion-con-jornada-de-socializacion-de-semilleros\/","og_site_name":"Universidad Cat\u00f3lica De Colombia","article_publisher":"https:\/\/www.facebook.com\/ucatolicacolombia","article_published_time":"2026-03-11T15:53:46+00:00","og_image":[{"width":870,"height":522,"url":"https:\/\/www.ucatolica.edu.co\/portal\/wp-content\/uploads\/2026\/03\/semillero-ingenieria.jpg","type":"image\/jpeg"}],"author":"Cindy Lugo","twitter_card":"summary_large_image","twitter_creator":"@UCatolicaCol","twitter_site":"@UCatolicaCol","twitter_misc":{"Escrito por":"Cindy Lugo","Tiempo de lectura":"2 minutos"},"schema":{"@context":"https:\/\/schema.org","@graph":[{"@type":"Article","@id":"https:\/\/www.ucatolica.edu.co\/portal\/la-facultad-de-ingenieria-abrio-sus-puertas-a-la-investigacion-con-jornada-de-socializacion-de-semilleros\/#article","isPartOf":{"@id":"https:\/\/www.ucatolica.edu.co\/portal\/la-facultad-de-ingenieria-abrio-sus-puertas-a-la-investigacion-con-jornada-de-socializacion-de-semilleros\/"},"author":{"name":"Cindy Lugo","@id":"https:\/\/www.ucatolica.edu.co\/portal\/#\/schema\/person\/a7469afff252fba81c6cdc40c80f00b6"},"headline":"La Facultad de Ingenier\u00eda abri\u00f3 sus puertas a la investigaci\u00f3n con jornada de socializaci\u00f3n de semilleros","datePublished":"2026-03-11T15:53:46+00:00","mainEntityOfPage":{"@id":"https:\/\/www.ucatolica.edu.co\/portal\/la-facultad-de-ingenieria-abrio-sus-puertas-a-la-investigacion-con-jornada-de-socializacion-de-semilleros\/"},"wordCount":443,"publisher":{"@id":"https:\/\/www.ucatolica.edu.co\/portal\/#organization"},"image":{"@id":"https:\/\/www.ucatolica.edu.co\/portal\/la-facultad-de-ingenieria-abrio-sus-puertas-a-la-investigacion-con-jornada-de-socializacion-de-semilleros\/#primaryimage"},"thumbnailUrl":"https:\/\/www.ucatolica.edu.co\/portal\/wp-content\/uploads\/2026\/03\/semillero-ingenieria.jpg","keywords":["Centro de Investigaci\u00f3n","CIFI","Ingenier\u00eda","Semilleros de Investigaci\u00f3n"],"articleSection":["Noticias Principales"],"inLanguage":"es-CO"},{"@type":"WebPage","@id":"https:\/\/www.ucatolica.edu.co\/portal\/la-facultad-de-ingenieria-abrio-sus-puertas-a-la-investigacion-con-jornada-de-socializacion-de-semilleros\/","url":"https:\/\/www.ucatolica.edu.co\/portal\/la-facultad-de-ingenieria-abrio-sus-puertas-a-la-investigacion-con-jornada-de-socializacion-de-semilleros\/","name":"La Facultad de Ingenier\u00eda abri\u00f3 sus puertas a la investigaci\u00f3n con jornada de socializaci\u00f3n de semilleros - Universidad Cat\u00f3lica De Colombia","isPartOf":{"@id":"https:\/\/www.ucatolica.edu.co\/portal\/#website"},"primaryImageOfPage":{"@id":"https:\/\/www.ucatolica.edu.co\/portal\/la-facultad-de-ingenieria-abrio-sus-puertas-a-la-investigacion-con-jornada-de-socializacion-de-semilleros\/#primaryimage"},"image":{"@id":"https:\/\/www.ucatolica.edu.co\/portal\/la-facultad-de-ingenieria-abrio-sus-puertas-a-la-investigacion-con-jornada-de-socializacion-de-semilleros\/#primaryimage"},"thumbnailUrl":"https:\/\/www.ucatolica.edu.co\/portal\/wp-content\/uploads\/2026\/03\/semillero-ingenieria.jpg","datePublished":"2026-03-11T15:53:46+00:00","breadcrumb":{"@id":"https:\/\/www.ucatolica.edu.co\/portal\/la-facultad-de-ingenieria-abrio-sus-puertas-a-la-investigacion-con-jornada-de-socializacion-de-semilleros\/#breadcrumb"},"inLanguage":"es-CO","potentialAction":[{"@type":"ReadAction","target":["https:\/\/www.ucatolica.edu.co\/portal\/la-facultad-de-ingenieria-abrio-sus-puertas-a-la-investigacion-con-jornada-de-socializacion-de-semilleros\/"]}]},{"@type":"ImageObject","inLanguage":"es-CO","@id":"https:\/\/www.ucatolica.edu.co\/portal\/la-facultad-de-ingenieria-abrio-sus-puertas-a-la-investigacion-con-jornada-de-socializacion-de-semilleros\/#primaryimage","url":"https:\/\/www.ucatolica.edu.co\/portal\/wp-content\/uploads\/2026\/03\/semillero-ingenieria.jpg","contentUrl":"https:\/\/www.ucatolica.edu.co\/portal\/wp-content\/uploads\/2026\/03\/semillero-ingenieria.jpg","width":870,"height":522},{"@type":"BreadcrumbList","@id":"https:\/\/www.ucatolica.edu.co\/portal\/la-facultad-de-ingenieria-abrio-sus-puertas-a-la-investigacion-con-jornada-de-socializacion-de-semilleros\/#breadcrumb","itemListElement":[{"@type":"ListItem","position":1,"name":"Inicio","item":"https:\/\/www.ucatolica.edu.co\/portal\/"},{"@type":"ListItem","position":2,"name":"La Facultad de Ingenier\u00eda abri\u00f3 sus puertas a la investigaci\u00f3n con jornada de socializaci\u00f3n de semilleros"}]},{"@type":"WebSite","@id":"https:\/\/www.ucatolica.edu.co\/portal\/#website","url":"https:\/\/www.ucatolica.edu.co\/portal\/","name":"Universidad Cat\u00f3lica De Colombia","description":"Universidad Cat\u00f3lica De Colombia","publisher":{"@id":"https:\/\/www.ucatolica.edu.co\/portal\/#organization"},"potentialAction":[{"@type":"SearchAction","target":{"@type":"EntryPoint","urlTemplate":"https:\/\/www.ucatolica.edu.co\/portal\/?s={search_term_string}"},"query-input":{"@type":"PropertyValueSpecification","valueRequired":true,"valueName":"search_term_string"}}],"inLanguage":"es-CO"},{"@type":"Organization","@id":"https:\/\/www.ucatolica.edu.co\/portal\/#organization","name":"Universidad Cat\u00f3lica de Colombia","url":"https:\/\/www.ucatolica.edu.co\/portal\/","logo":{"@type":"ImageObject","inLanguage":"es-CO","@id":"https:\/\/www.ucatolica.edu.co\/portal\/#\/schema\/logo\/image\/","url":"https:\/\/www.ucatolica.edu.co\/portal\/wp-content\/uploads\/2021\/06\/logo-header-ho-1.svg","contentUrl":"https:\/\/www.ucatolica.edu.co\/portal\/wp-content\/uploads\/2021\/06\/logo-header-ho-1.svg","width":1,"height":1,"caption":"Universidad Cat\u00f3lica de Colombia"},"image":{"@id":"https:\/\/www.ucatolica.edu.co\/portal\/#\/schema\/logo\/image\/"},"sameAs":["https:\/\/www.facebook.com\/ucatolicacolombia","https:\/\/x.com\/UCatolicaCol","https:\/\/www.instagram.com\/universidadcatolicadecolombia\/","https:\/\/www.linkedin.com\/company\/universidadcatolicadecolombia\/","https:\/\/www.youtube.com\/user\/UCatolicaCo"]},{"@type":"Person","@id":"https:\/\/www.ucatolica.edu.co\/portal\/#\/schema\/person\/a7469afff252fba81c6cdc40c80f00b6","name":"Cindy Lugo","url":"https:\/\/www.ucatolica.edu.co\/portal\/author\/cindy\/"}]}},"author_meta":{"display_name":"Cindy Lugo","author_link":"https:\/\/www.ucatolica.edu.co\/portal\/author\/cindy\/"},"featured_img":"https:\/\/www.ucatolica.edu.co\/portal\/wp-content\/uploads\/2026\/03\/semillero-ingenieria.jpg","coauthors":[],"tax_additional":{"categories":{"linked":["<a href=\"https:\/\/www.ucatolica.edu.co\/portal\/category\/noticias-principales\/\" class=\"advgb-post-tax-term\">Noticias Principales<\/a>"],"unlinked":["<span class=\"advgb-post-tax-term\">Noticias Principales<\/span>"]},"tags":{"linked":["<a href=\"https:\/\/www.ucatolica.edu.co\/portal\/category\/noticias-principales\/\" class=\"advgb-post-tax-term\">Centro de Investigaci\u00f3n<\/a>","<a href=\"https:\/\/www.ucatolica.edu.co\/portal\/category\/noticias-principales\/\" class=\"advgb-post-tax-term\">CIFI<\/a>","<a href=\"https:\/\/www.ucatolica.edu.co\/portal\/category\/noticias-principales\/\" class=\"advgb-post-tax-term\">Ingenier\u00eda<\/a>","<a href=\"https:\/\/www.ucatolica.edu.co\/portal\/category\/noticias-principales\/\" class=\"advgb-post-tax-term\">Semilleros de Investigaci\u00f3n<\/a>"],"unlinked":["<span class=\"advgb-post-tax-term\">Centro de Investigaci\u00f3n<\/span>","<span class=\"advgb-post-tax-term\">CIFI<\/span>","<span class=\"advgb-post-tax-term\">Ingenier\u00eda<\/span>","<span class=\"advgb-post-tax-term\">Semilleros de Investigaci\u00f3n<\/span>"]}},"comment_count":"0","relative_dates":{"created":"Posted 2 meses ago","modified":"Updated 2 meses ago"},"absolute_dates":{"created":"Posted on 11 marzo, 2026","modified":"Updated on 11 marzo, 2026"},"absolute_dates_time":{"created":"Posted on 11 marzo, 2026 10:53 am","modified":"Updated on 11 marzo, 2026 10:53 am"},"featured_img_caption":"","series_order":"","_links":{"self":[{"href":"https:\/\/www.ucatolica.edu.co\/portal\/wp-json\/wp\/v2\/posts\/130664","targetHints":{"allow":["GET"]}}],"collection":[{"href":"https:\/\/www.ucatolica.edu.co\/portal\/wp-json\/wp\/v2\/posts"}],"about":[{"href":"https:\/\/www.ucatolica.edu.co\/portal\/wp-json\/wp\/v2\/types\/post"}],"author":[{"embeddable":true,"href":"https:\/\/www.ucatolica.edu.co\/portal\/wp-json\/wp\/v2\/users\/4"}],"replies":[{"embeddable":true,"href":"https:\/\/www.ucatolica.edu.co\/portal\/wp-json\/wp\/v2\/comments?post=130664"}],"version-history":[{"count":1,"href":"https:\/\/www.ucatolica.edu.co\/portal\/wp-json\/wp\/v2\/posts\/130664\/revisions"}],"predecessor-version":[{"id":130666,"href":"https:\/\/www.ucatolica.edu.co\/portal\/wp-json\/wp\/v2\/posts\/130664\/revisions\/130666"}],"wp:featuredmedia":[{"embeddable":true,"href":"https:\/\/www.ucatolica.edu.co\/portal\/wp-json\/wp\/v2\/media\/130665"}],"wp:attachment":[{"href":"https:\/\/www.ucatolica.edu.co\/portal\/wp-json\/wp\/v2\/media?parent=130664"}],"wp:term":[{"taxonomy":"category","embeddable":true,"href":"https:\/\/www.ucatolica.edu.co\/portal\/wp-json\/wp\/v2\/categories?post=130664"},{"taxonomy":"post_tag","embeddable":true,"href":"https:\/\/www.ucatolica.edu.co\/portal\/wp-json\/wp\/v2\/tags?post=130664"}],"curies":[{"name":"wp","href":"https:\/\/api.w.org\/{rel}","templated":true}]}}