{"id":130673,"date":"2026-03-12T11:56:18","date_gmt":"2026-03-12T16:56:18","guid":{"rendered":"https:\/\/www.ucatolica.edu.co\/portal\/?p=130673"},"modified":"2026-03-12T11:56:19","modified_gmt":"2026-03-12T16:56:19","slug":"participa-en-la-convocatoria-abierta-para-estancias-de-investigacion-saliente","status":"publish","type":"post","link":"https:\/\/www.ucatolica.edu.co\/portal\/participa-en-la-convocatoria-abierta-para-estancias-de-investigacion-saliente\/","title":{"rendered":"Participa en la convocatoria abierta para estancias de investigaci\u00f3n saliente"},"content":{"rendered":"\n<p>La Universidad Cat\u00f3lica de Colombia anunci\u00f3 la apertura de la convocatoria de Estancias de Investigaci\u00f3n Saliente 2026-II, una iniciativa que busca fortalecer la colaboraci\u00f3n acad\u00e9mica internacional, promover la generaci\u00f3n de nuevo conocimiento y consolidar relaciones interinstitucionales sostenibles.<\/p>\n\n\n\n<p>Esta convocatoria est\u00e1 dirigida a investigadores de la instituci\u00f3n que desarrollen proyectos con universidades aliadas, instituciones con convenios vigentes o membres\u00eda activa en redes acad\u00e9micas e institucionales, con el prop\u00f3sito de impulsar alianzas estrat\u00e9gicas y el trabajo conjunto en investigaci\u00f3n.<\/p>\n\n\n\n<p>Consulta <a href=\"https:\/\/www.ucatolica.edu.co\/portal\/wp-content\/uploads\/2026\/03\/CONVOCATORIA-DE-ESTANCIAS-DE-INVESTIGACION-SALIENTE.pdf\" data-type=\"link\" data-id=\"https:\/\/www.ucatolica.edu.co\/portal\/wp-content\/uploads\/2026\/03\/CONVOCATORIA-DE-ESTANCIAS-DE-INVESTIGACION-SALIENTE.pdf\">aqu\u00ed<\/a> la convocatoria completa<\/p>\n\n\n\n<h2 class=\"wp-block-heading\">Modalidades, duraci\u00f3n y cupos disponibles<\/h2>\n\n\n\n<p>La convocatoria contempla dos modalidades de participaci\u00f3n:<\/p>\n\n\n\n<p><strong>Modalidad presencial: <\/strong>1 cupo disponible<\/p>\n\n\n\n<p><strong>Modalidad remota: <\/strong>1 cupo disponible<\/p>\n\n\n\n<p>Las estancias tendr\u00e1n una duraci\u00f3n m\u00ednima de 15 d\u00edas y m\u00e1xima de 30 d\u00edas, y deber\u00e1n realizarse entre el 20 de junio y el 20 de julio de 2026.<\/p>\n\n\n\n<h2 class=\"wp-block-heading\">Beneficios para la modalidad presencial<\/h2>\n\n\n\n<p>El profesor seleccionado para la modalidad presencial contar\u00e1 con el respaldo institucional de la Universidad, que incluye:<\/p>\n\n\n\n<ul class=\"wp-block-list\">\n<li>Tiquetes a\u00e9reos ida y vuelta hasta por $7.500.000.<\/li>\n\n\n\n<li>Gastos de viaje por un valor de hasta\u00a0$5.000.000.<\/li>\n\n\n\n<li>Seguro m\u00e9dico internacional.<\/li>\n\n\n\n<li>Permiso remunerado durante la estancia.<\/li>\n<\/ul>\n\n\n\n<p>En la modalidad remota, el investigador seleccionado contar\u00e1 con permiso remunerado durante el tiempo de desarrollo de la estancia.<\/p>\n\n\n\n<h2 class=\"wp-block-heading\">Fechas y proceso de postulaci\u00f3n<\/h2>\n\n\n\n<p>La documentaci\u00f3n requerida deber\u00e1 ser enviada en archivos PDF separados a trav\u00e9s del correo <a href=\"mailto:coopinternacional@ucatolica.edu.co\">coopinternacional@ucatolica.edu.co<\/a>, \u00fanicamente por medio del coordinador de internacionalizaci\u00f3n de cada Unidad Acad\u00e9mica.<\/p>\n\n\n\n<p>\ud83d\udcc5 <strong>Fecha l\u00edmite de postulaci\u00f3n:<\/strong> 30 de abril de 2026<br><strong>\ud83d\udd55 Hora de cierre: <\/strong>6:00 p. m.<\/p>\n\n\n\n<p>El proceso de selecci\u00f3n estar\u00e1 a cargo del Comit\u00e9 de Asuntos Profesorales, que evaluar\u00e1 los perfiles y propuestas presentadas, priorizando aquellas que promuevan la generaci\u00f3n de productos de nuevo conocimiento, desarrollo tecnol\u00f3gico y alianzas con instituciones en pa\u00edses no hispanohablantes.<\/p>\n\n\n\n<h2 class=\"wp-block-heading\">Fortalecimiento de la investigaci\u00f3n y la cooperaci\u00f3n internacional<\/h2>\n\n\n\n<p>Con esta convocatoria, la Universidad reafirma su compromiso con la internacionalizaci\u00f3n de la investigaci\u00f3n, la movilidad acad\u00e9mica y el fortalecimiento de redes de conocimiento que contribuyan al desarrollo cient\u00edfico, tecnol\u00f3gico y social.<\/p>\n\n\n\n<p>Para m\u00e1s informaci\u00f3n, los interesados pueden comunicarse con la Coordinaci\u00f3n de Cooperaci\u00f3n Internacional a trav\u00e9s del correo <a href=\"mailto:coopinternacional@ucatolica.edu.co\">coopinternacional@ucatolica.edu.co<\/a>.<\/p>\n","protected":false},"excerpt":{"rendered":"<p>La Universidad Cat\u00f3lica de Colombia anunci\u00f3 la apertura de la convocatoria de Estancias de Investigaci\u00f3n Saliente 2026-II, una iniciativa que busca fortalecer la colaboraci\u00f3n acad\u00e9mica internacional, promover la generaci\u00f3n de nuevo conocimiento y consolidar relaciones interinstitucionales sostenibles. Esta convocatoria est\u00e1 dirigida a investigadores de la instituci\u00f3n que desarrollen proyectos con universidades aliadas, instituciones con convenios [&hellip;]<\/p>\n","protected":false},"author":61,"featured_media":130725,"comment_status":"closed","ping_status":"closed","sticky":false,"template":"","format":"standard","meta":{"_acf_changed":false,"advgb_blocks_editor_width":"","advgb_blocks_columns_visual_guide":"","footnotes":""},"categories":[93,531],"tags":[2717,479,265],"class_list":["post-130673","post","type-post","status-publish","format-standard","has-post-thumbnail","hentry","category-noticias-principales","category-orii","tag-estancia-de-investigacion","tag-orii","tag-universidad-catolica-de-colombia"],"acf":[],"yoast_head":"<!-- This site is optimized with the Yoast SEO plugin v26.7 - https:\/\/yoast.com\/wordpress\/plugins\/seo\/ -->\n<title>Participa en la convocatoria abierta para estancias de investigaci\u00f3n saliente - Universidad Cat\u00f3lica De Colombia<\/title>\n<meta name=\"robots\" content=\"index, follow, max-snippet:-1, max-image-preview:large, max-video-preview:-1\" \/>\n<link rel=\"canonical\" href=\"https:\/\/www.ucatolica.edu.co\/portal\/participa-en-la-convocatoria-abierta-para-estancias-de-investigacion-saliente\/\" \/>\n<meta property=\"og:locale\" content=\"es_ES\" \/>\n<meta property=\"og:type\" content=\"article\" \/>\n<meta property=\"og:title\" content=\"Participa en la convocatoria abierta para estancias de investigaci\u00f3n saliente - Universidad Cat\u00f3lica De Colombia\" \/>\n<meta property=\"og:description\" content=\"La Universidad Cat\u00f3lica de Colombia anunci\u00f3 la apertura de la convocatoria de Estancias de Investigaci\u00f3n Saliente 2026-II, una iniciativa que busca fortalecer la colaboraci\u00f3n acad\u00e9mica internacional, promover la generaci\u00f3n de nuevo conocimiento y consolidar relaciones interinstitucionales sostenibles. Esta convocatoria est\u00e1 dirigida a investigadores de la instituci\u00f3n que desarrollen proyectos con universidades aliadas, instituciones con convenios [&hellip;]\" \/>\n<meta property=\"og:url\" content=\"https:\/\/www.ucatolica.edu.co\/portal\/participa-en-la-convocatoria-abierta-para-estancias-de-investigacion-saliente\/\" \/>\n<meta property=\"og:site_name\" content=\"Universidad Cat\u00f3lica De Colombia\" \/>\n<meta property=\"article:publisher\" content=\"https:\/\/www.facebook.com\/ucatolicacolombia\" \/>\n<meta property=\"article:published_time\" content=\"2026-03-12T16:56:18+00:00\" \/>\n<meta property=\"article:modified_time\" content=\"2026-03-12T16:56:19+00:00\" \/>\n<meta property=\"og:image\" content=\"https:\/\/www.ucatolica.edu.co\/portal\/wp-content\/uploads\/2026\/03\/Profesor-de-pie-sonriendo-y-sosteniendo-unos-cuadernos.jpg\" \/>\n\t<meta property=\"og:image:width\" content=\"870\" \/>\n\t<meta property=\"og:image:height\" content=\"522\" \/>\n\t<meta property=\"og:image:type\" content=\"image\/jpeg\" \/>\n<meta name=\"author\" content=\"Leidy Dayanna Jaramillo Tavera\" \/>\n<meta name=\"twitter:card\" content=\"summary_large_image\" \/>\n<meta name=\"twitter:creator\" content=\"@UCatolicaCol\" \/>\n<meta name=\"twitter:site\" content=\"@UCatolicaCol\" \/>\n<meta name=\"twitter:label1\" content=\"Escrito por\" \/>\n\t<meta name=\"twitter:data1\" content=\"Leidy Dayanna Jaramillo Tavera\" \/>\n\t<meta name=\"twitter:label2\" content=\"Tiempo de lectura\" \/>\n\t<meta name=\"twitter:data2\" content=\"2 minutos\" \/>\n<script type=\"application\/ld+json\" class=\"yoast-schema-graph\">{\"@context\":\"https:\/\/schema.org\",\"@graph\":[{\"@type\":\"Article\",\"@id\":\"https:\/\/www.ucatolica.edu.co\/portal\/participa-en-la-convocatoria-abierta-para-estancias-de-investigacion-saliente\/#article\",\"isPartOf\":{\"@id\":\"https:\/\/www.ucatolica.edu.co\/portal\/participa-en-la-convocatoria-abierta-para-estancias-de-investigacion-saliente\/\"},\"author\":{\"name\":\"Leidy Dayanna Jaramillo Tavera\",\"@id\":\"https:\/\/www.ucatolica.edu.co\/portal\/#\/schema\/person\/c03ebc5b4f80ce7b8947aa9ddece408a\"},\"headline\":\"Participa en la convocatoria abierta para estancias de investigaci\u00f3n saliente\",\"datePublished\":\"2026-03-12T16:56:18+00:00\",\"dateModified\":\"2026-03-12T16:56:19+00:00\",\"mainEntityOfPage\":{\"@id\":\"https:\/\/www.ucatolica.edu.co\/portal\/participa-en-la-convocatoria-abierta-para-estancias-de-investigacion-saliente\/\"},\"wordCount\":393,\"publisher\":{\"@id\":\"https:\/\/www.ucatolica.edu.co\/portal\/#organization\"},\"image\":{\"@id\":\"https:\/\/www.ucatolica.edu.co\/portal\/participa-en-la-convocatoria-abierta-para-estancias-de-investigacion-saliente\/#primaryimage\"},\"thumbnailUrl\":\"https:\/\/www.ucatolica.edu.co\/portal\/wp-content\/uploads\/2026\/03\/Profesor-de-pie-sonriendo-y-sosteniendo-unos-cuadernos.jpg\",\"keywords\":[\"Estancia de investigaci\u00f3n\",\"ORII\",\"Universidad Cat\u00f3lica de Colombia\"],\"articleSection\":[\"Noticias Principales\",\"ORII\"],\"inLanguage\":\"es-CO\"},{\"@type\":\"WebPage\",\"@id\":\"https:\/\/www.ucatolica.edu.co\/portal\/participa-en-la-convocatoria-abierta-para-estancias-de-investigacion-saliente\/\",\"url\":\"https:\/\/www.ucatolica.edu.co\/portal\/participa-en-la-convocatoria-abierta-para-estancias-de-investigacion-saliente\/\",\"name\":\"Participa en la convocatoria abierta para estancias de investigaci\u00f3n saliente - Universidad Cat\u00f3lica De Colombia\",\"isPartOf\":{\"@id\":\"https:\/\/www.ucatolica.edu.co\/portal\/#website\"},\"primaryImageOfPage\":{\"@id\":\"https:\/\/www.ucatolica.edu.co\/portal\/participa-en-la-convocatoria-abierta-para-estancias-de-investigacion-saliente\/#primaryimage\"},\"image\":{\"@id\":\"https:\/\/www.ucatolica.edu.co\/portal\/participa-en-la-convocatoria-abierta-para-estancias-de-investigacion-saliente\/#primaryimage\"},\"thumbnailUrl\":\"https:\/\/www.ucatolica.edu.co\/portal\/wp-content\/uploads\/2026\/03\/Profesor-de-pie-sonriendo-y-sosteniendo-unos-cuadernos.jpg\",\"datePublished\":\"2026-03-12T16:56:18+00:00\",\"dateModified\":\"2026-03-12T16:56:19+00:00\",\"breadcrumb\":{\"@id\":\"https:\/\/www.ucatolica.edu.co\/portal\/participa-en-la-convocatoria-abierta-para-estancias-de-investigacion-saliente\/#breadcrumb\"},\"inLanguage\":\"es-CO\",\"potentialAction\":[{\"@type\":\"ReadAction\",\"target\":[\"https:\/\/www.ucatolica.edu.co\/portal\/participa-en-la-convocatoria-abierta-para-estancias-de-investigacion-saliente\/\"]}]},{\"@type\":\"ImageObject\",\"inLanguage\":\"es-CO\",\"@id\":\"https:\/\/www.ucatolica.edu.co\/portal\/participa-en-la-convocatoria-abierta-para-estancias-de-investigacion-saliente\/#primaryimage\",\"url\":\"https:\/\/www.ucatolica.edu.co\/portal\/wp-content\/uploads\/2026\/03\/Profesor-de-pie-sonriendo-y-sosteniendo-unos-cuadernos.jpg\",\"contentUrl\":\"https:\/\/www.ucatolica.edu.co\/portal\/wp-content\/uploads\/2026\/03\/Profesor-de-pie-sonriendo-y-sosteniendo-unos-cuadernos.jpg\",\"width\":870,\"height\":522,\"caption\":\"Profesor de pie sonriendo y sosteniendo unos cuadernos\"},{\"@type\":\"BreadcrumbList\",\"@id\":\"https:\/\/www.ucatolica.edu.co\/portal\/participa-en-la-convocatoria-abierta-para-estancias-de-investigacion-saliente\/#breadcrumb\",\"itemListElement\":[{\"@type\":\"ListItem\",\"position\":1,\"name\":\"Inicio\",\"item\":\"https:\/\/www.ucatolica.edu.co\/portal\/\"},{\"@type\":\"ListItem\",\"position\":2,\"name\":\"Participa en la convocatoria abierta para estancias de investigaci\u00f3n saliente\"}]},{\"@type\":\"WebSite\",\"@id\":\"https:\/\/www.ucatolica.edu.co\/portal\/#website\",\"url\":\"https:\/\/www.ucatolica.edu.co\/portal\/\",\"name\":\"Universidad Cat\u00f3lica De Colombia\",\"description\":\"Universidad Cat\u00f3lica De Colombia\",\"publisher\":{\"@id\":\"https:\/\/www.ucatolica.edu.co\/portal\/#organization\"},\"potentialAction\":[{\"@type\":\"SearchAction\",\"target\":{\"@type\":\"EntryPoint\",\"urlTemplate\":\"https:\/\/www.ucatolica.edu.co\/portal\/?s={search_term_string}\"},\"query-input\":{\"@type\":\"PropertyValueSpecification\",\"valueRequired\":true,\"valueName\":\"search_term_string\"}}],\"inLanguage\":\"es-CO\"},{\"@type\":\"Organization\",\"@id\":\"https:\/\/www.ucatolica.edu.co\/portal\/#organization\",\"name\":\"Universidad Cat\u00f3lica de Colombia\",\"url\":\"https:\/\/www.ucatolica.edu.co\/portal\/\",\"logo\":{\"@type\":\"ImageObject\",\"inLanguage\":\"es-CO\",\"@id\":\"https:\/\/www.ucatolica.edu.co\/portal\/#\/schema\/logo\/image\/\",\"url\":\"https:\/\/www.ucatolica.edu.co\/portal\/wp-content\/uploads\/2021\/06\/logo-header-ho-1.svg\",\"contentUrl\":\"https:\/\/www.ucatolica.edu.co\/portal\/wp-content\/uploads\/2021\/06\/logo-header-ho-1.svg\",\"width\":1,\"height\":1,\"caption\":\"Universidad Cat\u00f3lica de Colombia\"},\"image\":{\"@id\":\"https:\/\/www.ucatolica.edu.co\/portal\/#\/schema\/logo\/image\/\"},\"sameAs\":[\"https:\/\/www.facebook.com\/ucatolicacolombia\",\"https:\/\/x.com\/UCatolicaCol\",\"https:\/\/www.instagram.com\/universidadcatolicadecolombia\/\",\"https:\/\/www.linkedin.com\/company\/universidadcatolicadecolombia\/\",\"https:\/\/www.youtube.com\/user\/UCatolicaCo\"]},{\"@type\":\"Person\",\"@id\":\"https:\/\/www.ucatolica.edu.co\/portal\/#\/schema\/person\/c03ebc5b4f80ce7b8947aa9ddece408a\",\"name\":\"Leidy Dayanna Jaramillo Tavera\",\"url\":\"https:\/\/www.ucatolica.edu.co\/portal\/author\/dayana\/\"}]}<\/script>\n<!-- \/ Yoast SEO plugin. -->","yoast_head_json":{"title":"Participa en la convocatoria abierta para estancias de investigaci\u00f3n saliente - Universidad Cat\u00f3lica De Colombia","robots":{"index":"index","follow":"follow","max-snippet":"max-snippet:-1","max-image-preview":"max-image-preview:large","max-video-preview":"max-video-preview:-1"},"canonical":"https:\/\/www.ucatolica.edu.co\/portal\/participa-en-la-convocatoria-abierta-para-estancias-de-investigacion-saliente\/","og_locale":"es_ES","og_type":"article","og_title":"Participa en la convocatoria abierta para estancias de investigaci\u00f3n saliente - Universidad Cat\u00f3lica De Colombia","og_description":"La Universidad Cat\u00f3lica de Colombia anunci\u00f3 la apertura de la convocatoria de Estancias de Investigaci\u00f3n Saliente 2026-II, una iniciativa que busca fortalecer la colaboraci\u00f3n acad\u00e9mica internacional, promover la generaci\u00f3n de nuevo conocimiento y consolidar relaciones interinstitucionales sostenibles. Esta convocatoria est\u00e1 dirigida a investigadores de la instituci\u00f3n que desarrollen proyectos con universidades aliadas, instituciones con convenios [&hellip;]","og_url":"https:\/\/www.ucatolica.edu.co\/portal\/participa-en-la-convocatoria-abierta-para-estancias-de-investigacion-saliente\/","og_site_name":"Universidad Cat\u00f3lica De Colombia","article_publisher":"https:\/\/www.facebook.com\/ucatolicacolombia","article_published_time":"2026-03-12T16:56:18+00:00","article_modified_time":"2026-03-12T16:56:19+00:00","og_image":[{"width":870,"height":522,"url":"https:\/\/www.ucatolica.edu.co\/portal\/wp-content\/uploads\/2026\/03\/Profesor-de-pie-sonriendo-y-sosteniendo-unos-cuadernos.jpg","type":"image\/jpeg"}],"author":"Leidy Dayanna Jaramillo Tavera","twitter_card":"summary_large_image","twitter_creator":"@UCatolicaCol","twitter_site":"@UCatolicaCol","twitter_misc":{"Escrito por":"Leidy Dayanna Jaramillo Tavera","Tiempo de lectura":"2 minutos"},"schema":{"@context":"https:\/\/schema.org","@graph":[{"@type":"Article","@id":"https:\/\/www.ucatolica.edu.co\/portal\/participa-en-la-convocatoria-abierta-para-estancias-de-investigacion-saliente\/#article","isPartOf":{"@id":"https:\/\/www.ucatolica.edu.co\/portal\/participa-en-la-convocatoria-abierta-para-estancias-de-investigacion-saliente\/"},"author":{"name":"Leidy Dayanna Jaramillo Tavera","@id":"https:\/\/www.ucatolica.edu.co\/portal\/#\/schema\/person\/c03ebc5b4f80ce7b8947aa9ddece408a"},"headline":"Participa en la convocatoria abierta para estancias de investigaci\u00f3n saliente","datePublished":"2026-03-12T16:56:18+00:00","dateModified":"2026-03-12T16:56:19+00:00","mainEntityOfPage":{"@id":"https:\/\/www.ucatolica.edu.co\/portal\/participa-en-la-convocatoria-abierta-para-estancias-de-investigacion-saliente\/"},"wordCount":393,"publisher":{"@id":"https:\/\/www.ucatolica.edu.co\/portal\/#organization"},"image":{"@id":"https:\/\/www.ucatolica.edu.co\/portal\/participa-en-la-convocatoria-abierta-para-estancias-de-investigacion-saliente\/#primaryimage"},"thumbnailUrl":"https:\/\/www.ucatolica.edu.co\/portal\/wp-content\/uploads\/2026\/03\/Profesor-de-pie-sonriendo-y-sosteniendo-unos-cuadernos.jpg","keywords":["Estancia de investigaci\u00f3n","ORII","Universidad Cat\u00f3lica de Colombia"],"articleSection":["Noticias Principales","ORII"],"inLanguage":"es-CO"},{"@type":"WebPage","@id":"https:\/\/www.ucatolica.edu.co\/portal\/participa-en-la-convocatoria-abierta-para-estancias-de-investigacion-saliente\/","url":"https:\/\/www.ucatolica.edu.co\/portal\/participa-en-la-convocatoria-abierta-para-estancias-de-investigacion-saliente\/","name":"Participa en la convocatoria abierta para estancias de investigaci\u00f3n saliente - Universidad Cat\u00f3lica De Colombia","isPartOf":{"@id":"https:\/\/www.ucatolica.edu.co\/portal\/#website"},"primaryImageOfPage":{"@id":"https:\/\/www.ucatolica.edu.co\/portal\/participa-en-la-convocatoria-abierta-para-estancias-de-investigacion-saliente\/#primaryimage"},"image":{"@id":"https:\/\/www.ucatolica.edu.co\/portal\/participa-en-la-convocatoria-abierta-para-estancias-de-investigacion-saliente\/#primaryimage"},"thumbnailUrl":"https:\/\/www.ucatolica.edu.co\/portal\/wp-content\/uploads\/2026\/03\/Profesor-de-pie-sonriendo-y-sosteniendo-unos-cuadernos.jpg","datePublished":"2026-03-12T16:56:18+00:00","dateModified":"2026-03-12T16:56:19+00:00","breadcrumb":{"@id":"https:\/\/www.ucatolica.edu.co\/portal\/participa-en-la-convocatoria-abierta-para-estancias-de-investigacion-saliente\/#breadcrumb"},"inLanguage":"es-CO","potentialAction":[{"@type":"ReadAction","target":["https:\/\/www.ucatolica.edu.co\/portal\/participa-en-la-convocatoria-abierta-para-estancias-de-investigacion-saliente\/"]}]},{"@type":"ImageObject","inLanguage":"es-CO","@id":"https:\/\/www.ucatolica.edu.co\/portal\/participa-en-la-convocatoria-abierta-para-estancias-de-investigacion-saliente\/#primaryimage","url":"https:\/\/www.ucatolica.edu.co\/portal\/wp-content\/uploads\/2026\/03\/Profesor-de-pie-sonriendo-y-sosteniendo-unos-cuadernos.jpg","contentUrl":"https:\/\/www.ucatolica.edu.co\/portal\/wp-content\/uploads\/2026\/03\/Profesor-de-pie-sonriendo-y-sosteniendo-unos-cuadernos.jpg","width":870,"height":522,"caption":"Profesor de pie sonriendo y sosteniendo unos cuadernos"},{"@type":"BreadcrumbList","@id":"https:\/\/www.ucatolica.edu.co\/portal\/participa-en-la-convocatoria-abierta-para-estancias-de-investigacion-saliente\/#breadcrumb","itemListElement":[{"@type":"ListItem","position":1,"name":"Inicio","item":"https:\/\/www.ucatolica.edu.co\/portal\/"},{"@type":"ListItem","position":2,"name":"Participa en la convocatoria abierta para estancias de investigaci\u00f3n saliente"}]},{"@type":"WebSite","@id":"https:\/\/www.ucatolica.edu.co\/portal\/#website","url":"https:\/\/www.ucatolica.edu.co\/portal\/","name":"Universidad Cat\u00f3lica De Colombia","description":"Universidad Cat\u00f3lica De Colombia","publisher":{"@id":"https:\/\/www.ucatolica.edu.co\/portal\/#organization"},"potentialAction":[{"@type":"SearchAction","target":{"@type":"EntryPoint","urlTemplate":"https:\/\/www.ucatolica.edu.co\/portal\/?s={search_term_string}"},"query-input":{"@type":"PropertyValueSpecification","valueRequired":true,"valueName":"search_term_string"}}],"inLanguage":"es-CO"},{"@type":"Organization","@id":"https:\/\/www.ucatolica.edu.co\/portal\/#organization","name":"Universidad Cat\u00f3lica de Colombia","url":"https:\/\/www.ucatolica.edu.co\/portal\/","logo":{"@type":"ImageObject","inLanguage":"es-CO","@id":"https:\/\/www.ucatolica.edu.co\/portal\/#\/schema\/logo\/image\/","url":"https:\/\/www.ucatolica.edu.co\/portal\/wp-content\/uploads\/2021\/06\/logo-header-ho-1.svg","contentUrl":"https:\/\/www.ucatolica.edu.co\/portal\/wp-content\/uploads\/2021\/06\/logo-header-ho-1.svg","width":1,"height":1,"caption":"Universidad Cat\u00f3lica de Colombia"},"image":{"@id":"https:\/\/www.ucatolica.edu.co\/portal\/#\/schema\/logo\/image\/"},"sameAs":["https:\/\/www.facebook.com\/ucatolicacolombia","https:\/\/x.com\/UCatolicaCol","https:\/\/www.instagram.com\/universidadcatolicadecolombia\/","https:\/\/www.linkedin.com\/company\/universidadcatolicadecolombia\/","https:\/\/www.youtube.com\/user\/UCatolicaCo"]},{"@type":"Person","@id":"https:\/\/www.ucatolica.edu.co\/portal\/#\/schema\/person\/c03ebc5b4f80ce7b8947aa9ddece408a","name":"Leidy Dayanna Jaramillo Tavera","url":"https:\/\/www.ucatolica.edu.co\/portal\/author\/dayana\/"}]}},"author_meta":{"display_name":"Leidy Dayanna Jaramillo Tavera","author_link":"https:\/\/www.ucatolica.edu.co\/portal\/author\/dayana\/"},"featured_img":"https:\/\/www.ucatolica.edu.co\/portal\/wp-content\/uploads\/2026\/03\/Profesor-de-pie-sonriendo-y-sosteniendo-unos-cuadernos.jpg","coauthors":[],"tax_additional":{"categories":{"linked":["<a href=\"https:\/\/www.ucatolica.edu.co\/portal\/category\/noticias-principales\/\" class=\"advgb-post-tax-term\">Noticias Principales<\/a>","<a href=\"https:\/\/www.ucatolica.edu.co\/portal\/category\/orii\/\" class=\"advgb-post-tax-term\">ORII<\/a>"],"unlinked":["<span class=\"advgb-post-tax-term\">Noticias Principales<\/span>","<span class=\"advgb-post-tax-term\">ORII<\/span>"]},"tags":{"linked":["<a href=\"https:\/\/www.ucatolica.edu.co\/portal\/category\/orii\/\" class=\"advgb-post-tax-term\">Estancia de investigaci\u00f3n<\/a>","<a href=\"https:\/\/www.ucatolica.edu.co\/portal\/category\/orii\/\" class=\"advgb-post-tax-term\">ORII<\/a>","<a href=\"https:\/\/www.ucatolica.edu.co\/portal\/category\/orii\/\" class=\"advgb-post-tax-term\">Universidad Cat\u00f3lica de Colombia<\/a>"],"unlinked":["<span class=\"advgb-post-tax-term\">Estancia de investigaci\u00f3n<\/span>","<span class=\"advgb-post-tax-term\">ORII<\/span>","<span class=\"advgb-post-tax-term\">Universidad Cat\u00f3lica de Colombia<\/span>"]}},"comment_count":"0","relative_dates":{"created":"Posted 2 meses ago","modified":"Updated 2 meses ago"},"absolute_dates":{"created":"Posted on 12 marzo, 2026","modified":"Updated on 12 marzo, 2026"},"absolute_dates_time":{"created":"Posted on 12 marzo, 2026 11:56 am","modified":"Updated on 12 marzo, 2026 11:56 am"},"featured_img_caption":"","series_order":"","_links":{"self":[{"href":"https:\/\/www.ucatolica.edu.co\/portal\/wp-json\/wp\/v2\/posts\/130673","targetHints":{"allow":["GET"]}}],"collection":[{"href":"https:\/\/www.ucatolica.edu.co\/portal\/wp-json\/wp\/v2\/posts"}],"about":[{"href":"https:\/\/www.ucatolica.edu.co\/portal\/wp-json\/wp\/v2\/types\/post"}],"author":[{"embeddable":true,"href":"https:\/\/www.ucatolica.edu.co\/portal\/wp-json\/wp\/v2\/users\/61"}],"replies":[{"embeddable":true,"href":"https:\/\/www.ucatolica.edu.co\/portal\/wp-json\/wp\/v2\/comments?post=130673"}],"version-history":[{"count":1,"href":"https:\/\/www.ucatolica.edu.co\/portal\/wp-json\/wp\/v2\/posts\/130673\/revisions"}],"predecessor-version":[{"id":130729,"href":"https:\/\/www.ucatolica.edu.co\/portal\/wp-json\/wp\/v2\/posts\/130673\/revisions\/130729"}],"wp:featuredmedia":[{"embeddable":true,"href":"https:\/\/www.ucatolica.edu.co\/portal\/wp-json\/wp\/v2\/media\/130725"}],"wp:attachment":[{"href":"https:\/\/www.ucatolica.edu.co\/portal\/wp-json\/wp\/v2\/media?parent=130673"}],"wp:term":[{"taxonomy":"category","embeddable":true,"href":"https:\/\/www.ucatolica.edu.co\/portal\/wp-json\/wp\/v2\/categories?post=130673"},{"taxonomy":"post_tag","embeddable":true,"href":"https:\/\/www.ucatolica.edu.co\/portal\/wp-json\/wp\/v2\/tags?post=130673"}],"curies":[{"name":"wp","href":"https:\/\/api.w.org\/{rel}","templated":true}]}}