{"id":130761,"date":"2026-03-23T18:16:15","date_gmt":"2026-03-23T23:16:15","guid":{"rendered":"https:\/\/www.ucatolica.edu.co\/portal\/?p=130761"},"modified":"2026-03-23T18:16:15","modified_gmt":"2026-03-23T23:16:15","slug":"la-universidad-catolica-de-colombia-en-el-nuevo-siglo-por-el-lanzamiento-de-la-novela-grafica-match-politica-amor-y-pantallas","status":"publish","type":"post","link":"https:\/\/www.ucatolica.edu.co\/portal\/la-universidad-catolica-de-colombia-en-el-nuevo-siglo-por-el-lanzamiento-de-la-novela-grafica-match-politica-amor-y-pantallas\/","title":{"rendered":"La Universidad Cat\u00f3lica de Colombia en El Nuevo Siglo por el lanzamiento de la novela gr\u00e1fica Match: Pol\u00edtica, amor y pantallas"},"content":{"rendered":"\n<p>La Universidad Cat\u00f3lica de Colombia vuelve a ser noticia en el diario El Nuevo Siglo con el lanzamiento de la novela gr\u00e1fica <em>Match: Pol\u00edtica, amor y pantallas<\/em>, una propuesta editorial que invita a reflexionar sobre las relaciones humanas, la pol\u00edtica y la vida en la era digital.<\/p>\n\n\n\n<p>Este proyecto nace a partir de la investigaci\u00f3n doctoral <strong>\u201cPolarizaci\u00f3n pol\u00edtica en redes sociales: perspectiva intergrupal y emocional\u201d<\/strong>, desarrollada por la profesora Diana Camila Garz\u00f3n Velandia, de la Facultad de Psicolog\u00eda. A partir de este trabajo acad\u00e9mico surgi\u00f3 la idea de llevar la reflexi\u00f3n a un formato m\u00e1s cercano al p\u00fablico: una novela gr\u00e1fica que permite comprender, desde la narrativa y el arte, c\u00f3mo la polarizaci\u00f3n pol\u00edtica influye en nuestras emociones, percepciones y relaciones cotidianas.<\/p>\n\n\n\n<p>La obra fue construida de manera colaborativa con el apoyo creativo de la guionista Andrea Cagua y la ilustradora Laura Guarisco, reconocida historietista vinculada al proyecto de la revista ACTA y ganadora del <strong>Premio Nacional de Novela Gr\u00e1fica 2024<\/strong> con su libro <em>Nido<\/em>, otorgado por el Ministerio de las Culturas, las Artes y los Saberes. El proceso editorial tambi\u00e9n cont\u00f3 con el acompa\u00f1amiento de un equipo de editores que contribuy\u00f3 a consolidar esta publicaci\u00f3n.<\/p>\n\n\n\n<p>En <em>Match: Pol\u00edtica, amor y pantallas<\/em>, la historia sigue a Sebasti\u00e1n y Lina, una pareja que intenta construir su relaci\u00f3n en medio de un contexto pol\u00edtico polarizado. Sus diferencias ideol\u00f3gicas, amplificadas por las din\u00e1micas de las redes sociales, empiezan a tensionar su v\u00ednculo afectivo y a poner a prueba la forma en que comprenden el mundo y se relacionan entre s\u00ed.<\/p>\n\n\n\n<p>A lo largo del relato, el c\u00f3mic evita las miradas simplistas y propone, en cambio, una lectura m\u00e1s humana y compleja de la realidad. Los personajes reflejan posturas diversas, matices y contradicciones que muestran c\u00f3mo la pol\u00edtica tambi\u00e9n atraviesa las emociones, las relaciones y la vida cotidiana.<\/p>\n\n\n\n<p>El lanzamiento de esta novela gr\u00e1fica es el resultado de un trabajo conjunto entre la Universidad Cat\u00f3lica de Colombia, ASCOFAPSI y la ESAP, una iniciativa que busca acercar el conocimiento acad\u00e9mico a la sociedad a trav\u00e9s de nuevos lenguajes y formatos.<\/p>\n\n\n\n<p>La comunidad universitaria est\u00e1 invitada a conocer m\u00e1s sobre esta publicaci\u00f3n y su impacto en la conversaci\u00f3n p\u00fablica.<\/p>\n\n\n\n<p><strong>Lee la noticia completa publicada por <em>El Nuevo Siglo<\/em><\/strong> <a href=\"https:\/\/www.elnuevosiglo.com.co\/cultura-y-sociedad\/la-universidad-catolica-lanza-novela-grafica-de-reflexion\" data-type=\"link\" data-id=\"https:\/\/www.elnuevosiglo.com.co\/cultura-y-sociedad\/la-universidad-catolica-lanza-novela-grafica-de-reflexion\" target=\"_blank\" rel=\"noreferrer noopener\"><strong>aqu\u00ed.<\/strong><\/a><\/p>\n\n\n\n<p><strong>\u00bfTe gustar\u00eda leerla?<\/strong><br>Las personas interesadas pueden adquirir <em>Match: Pol\u00edtica, amor y pantallas<\/em> a trav\u00e9s de la <strong>Editorial de la Universidad Cat\u00f3lica de Colombia<\/strong> haciendo clic <a href=\"https:\/\/publicacionesucatolica.publica.la\/library\/publication\/match-politica-amor-y-pantallas-1771002083\" data-type=\"link\" data-id=\"https:\/\/publicacionesucatolica.publica.la\/library\/publication\/match-politica-amor-y-pantallas-1771002083\" target=\"_blank\" rel=\"noreferrer noopener\"><strong>aqu\u00ed. <\/strong><\/a>Al momento de la compra, si utilizan el <strong>cup\u00f3n MATCH<\/strong>, podr\u00e1n obtener <strong>15 % de descuento<\/strong> en la novela gr\u00e1fica<\/p>\n\n\n\n<p><\/p>\n","protected":false},"excerpt":{"rendered":"<p>La Universidad Cat\u00f3lica de Colombia vuelve a ser noticia en el diario El Nuevo Siglo con el lanzamiento de la novela gr\u00e1fica Match: Pol\u00edtica, amor y pantallas, una propuesta editorial que invita a reflexionar sobre las relaciones humanas, la pol\u00edtica y la vida en la era digital. Este proyecto nace a partir de la investigaci\u00f3n [&hellip;]<\/p>\n","protected":false},"author":4,"featured_media":130763,"comment_status":"closed","ping_status":"closed","sticky":false,"template":"","format":"standard","meta":{"_acf_changed":false,"advgb_blocks_editor_width":"","advgb_blocks_columns_visual_guide":"","footnotes":""},"categories":[93],"tags":[3450,623,3446,3449,3447,3451,1043,1232],"class_list":["post-130761","post","type-post","status-publish","format-standard","has-post-thumbnail","hentry","category-noticias-principales","tag-amor","tag-editorial","tag-el-nuevo-siglo","tag-match","tag-novela-grafica","tag-pantallas","tag-politica","tag-redes-sociales"],"acf":[],"yoast_head":"<!-- This site is optimized with the Yoast SEO plugin v26.7 - https:\/\/yoast.com\/wordpress\/plugins\/seo\/ -->\n<title>La Universidad Cat\u00f3lica de Colombia en El Nuevo Siglo por el lanzamiento de la novela gr\u00e1fica Match: Pol\u00edtica, amor y pantallas - Universidad Cat\u00f3lica De Colombia<\/title>\n<meta name=\"robots\" content=\"index, follow, max-snippet:-1, max-image-preview:large, max-video-preview:-1\" \/>\n<link rel=\"canonical\" href=\"https:\/\/www.ucatolica.edu.co\/portal\/la-universidad-catolica-de-colombia-en-el-nuevo-siglo-por-el-lanzamiento-de-la-novela-grafica-match-politica-amor-y-pantallas\/\" \/>\n<meta property=\"og:locale\" content=\"es_ES\" \/>\n<meta property=\"og:type\" content=\"article\" \/>\n<meta property=\"og:title\" content=\"La Universidad Cat\u00f3lica de Colombia en El Nuevo Siglo por el lanzamiento de la novela gr\u00e1fica Match: Pol\u00edtica, amor y pantallas - Universidad Cat\u00f3lica De Colombia\" \/>\n<meta property=\"og:description\" content=\"La Universidad Cat\u00f3lica de Colombia vuelve a ser noticia en el diario El Nuevo Siglo con el lanzamiento de la novela gr\u00e1fica Match: Pol\u00edtica, amor y pantallas, una propuesta editorial que invita a reflexionar sobre las relaciones humanas, la pol\u00edtica y la vida en la era digital. Este proyecto nace a partir de la investigaci\u00f3n [&hellip;]\" \/>\n<meta property=\"og:url\" content=\"https:\/\/www.ucatolica.edu.co\/portal\/la-universidad-catolica-de-colombia-en-el-nuevo-siglo-por-el-lanzamiento-de-la-novela-grafica-match-politica-amor-y-pantallas\/\" \/>\n<meta property=\"og:site_name\" content=\"Universidad Cat\u00f3lica De Colombia\" \/>\n<meta property=\"article:publisher\" content=\"https:\/\/www.facebook.com\/ucatolicacolombia\" \/>\n<meta property=\"article:published_time\" content=\"2026-03-23T23:16:15+00:00\" \/>\n<meta property=\"og:image\" content=\"https:\/\/www.ucatolica.edu.co\/portal\/wp-content\/uploads\/2026\/03\/Foto-Novela-grafica.jpg\" \/>\n\t<meta property=\"og:image:width\" content=\"870\" \/>\n\t<meta property=\"og:image:height\" content=\"522\" \/>\n\t<meta property=\"og:image:type\" content=\"image\/jpeg\" \/>\n<meta name=\"author\" content=\"Cindy Lugo\" \/>\n<meta name=\"twitter:card\" content=\"summary_large_image\" \/>\n<meta name=\"twitter:creator\" content=\"@UCatolicaCol\" \/>\n<meta name=\"twitter:site\" content=\"@UCatolicaCol\" \/>\n<meta name=\"twitter:label1\" content=\"Escrito por\" \/>\n\t<meta name=\"twitter:data1\" content=\"Cindy Lugo\" \/>\n\t<meta name=\"twitter:label2\" content=\"Tiempo de lectura\" \/>\n\t<meta name=\"twitter:data2\" content=\"2 minutos\" \/>\n<script type=\"application\/ld+json\" class=\"yoast-schema-graph\">{\"@context\":\"https:\/\/schema.org\",\"@graph\":[{\"@type\":\"Article\",\"@id\":\"https:\/\/www.ucatolica.edu.co\/portal\/la-universidad-catolica-de-colombia-en-el-nuevo-siglo-por-el-lanzamiento-de-la-novela-grafica-match-politica-amor-y-pantallas\/#article\",\"isPartOf\":{\"@id\":\"https:\/\/www.ucatolica.edu.co\/portal\/la-universidad-catolica-de-colombia-en-el-nuevo-siglo-por-el-lanzamiento-de-la-novela-grafica-match-politica-amor-y-pantallas\/\"},\"author\":{\"name\":\"Cindy Lugo\",\"@id\":\"https:\/\/www.ucatolica.edu.co\/portal\/#\/schema\/person\/a7469afff252fba81c6cdc40c80f00b6\"},\"headline\":\"La Universidad Cat\u00f3lica de Colombia en El Nuevo Siglo por el lanzamiento de la novela gr\u00e1fica Match: Pol\u00edtica, amor y pantallas\",\"datePublished\":\"2026-03-23T23:16:15+00:00\",\"mainEntityOfPage\":{\"@id\":\"https:\/\/www.ucatolica.edu.co\/portal\/la-universidad-catolica-de-colombia-en-el-nuevo-siglo-por-el-lanzamiento-de-la-novela-grafica-match-politica-amor-y-pantallas\/\"},\"wordCount\":489,\"publisher\":{\"@id\":\"https:\/\/www.ucatolica.edu.co\/portal\/#organization\"},\"image\":{\"@id\":\"https:\/\/www.ucatolica.edu.co\/portal\/la-universidad-catolica-de-colombia-en-el-nuevo-siglo-por-el-lanzamiento-de-la-novela-grafica-match-politica-amor-y-pantallas\/#primaryimage\"},\"thumbnailUrl\":\"https:\/\/www.ucatolica.edu.co\/portal\/wp-content\/uploads\/2026\/03\/Foto-Novela-grafica.jpg\",\"keywords\":[\"Amor\",\"Editorial\",\"El Nuevo Siglo\",\"Match\",\"Novela gr\u00e1fica\",\"Pantallas\",\"Pol\u00edtica\",\"Redes Sociales\"],\"articleSection\":[\"Noticias Principales\"],\"inLanguage\":\"es-CO\"},{\"@type\":\"WebPage\",\"@id\":\"https:\/\/www.ucatolica.edu.co\/portal\/la-universidad-catolica-de-colombia-en-el-nuevo-siglo-por-el-lanzamiento-de-la-novela-grafica-match-politica-amor-y-pantallas\/\",\"url\":\"https:\/\/www.ucatolica.edu.co\/portal\/la-universidad-catolica-de-colombia-en-el-nuevo-siglo-por-el-lanzamiento-de-la-novela-grafica-match-politica-amor-y-pantallas\/\",\"name\":\"La Universidad Cat\u00f3lica de Colombia en El Nuevo Siglo por el lanzamiento de la novela gr\u00e1fica Match: Pol\u00edtica, amor y pantallas - Universidad Cat\u00f3lica De Colombia\",\"isPartOf\":{\"@id\":\"https:\/\/www.ucatolica.edu.co\/portal\/#website\"},\"primaryImageOfPage\":{\"@id\":\"https:\/\/www.ucatolica.edu.co\/portal\/la-universidad-catolica-de-colombia-en-el-nuevo-siglo-por-el-lanzamiento-de-la-novela-grafica-match-politica-amor-y-pantallas\/#primaryimage\"},\"image\":{\"@id\":\"https:\/\/www.ucatolica.edu.co\/portal\/la-universidad-catolica-de-colombia-en-el-nuevo-siglo-por-el-lanzamiento-de-la-novela-grafica-match-politica-amor-y-pantallas\/#primaryimage\"},\"thumbnailUrl\":\"https:\/\/www.ucatolica.edu.co\/portal\/wp-content\/uploads\/2026\/03\/Foto-Novela-grafica.jpg\",\"datePublished\":\"2026-03-23T23:16:15+00:00\",\"breadcrumb\":{\"@id\":\"https:\/\/www.ucatolica.edu.co\/portal\/la-universidad-catolica-de-colombia-en-el-nuevo-siglo-por-el-lanzamiento-de-la-novela-grafica-match-politica-amor-y-pantallas\/#breadcrumb\"},\"inLanguage\":\"es-CO\",\"potentialAction\":[{\"@type\":\"ReadAction\",\"target\":[\"https:\/\/www.ucatolica.edu.co\/portal\/la-universidad-catolica-de-colombia-en-el-nuevo-siglo-por-el-lanzamiento-de-la-novela-grafica-match-politica-amor-y-pantallas\/\"]}]},{\"@type\":\"ImageObject\",\"inLanguage\":\"es-CO\",\"@id\":\"https:\/\/www.ucatolica.edu.co\/portal\/la-universidad-catolica-de-colombia-en-el-nuevo-siglo-por-el-lanzamiento-de-la-novela-grafica-match-politica-amor-y-pantallas\/#primaryimage\",\"url\":\"https:\/\/www.ucatolica.edu.co\/portal\/wp-content\/uploads\/2026\/03\/Foto-Novela-grafica.jpg\",\"contentUrl\":\"https:\/\/www.ucatolica.edu.co\/portal\/wp-content\/uploads\/2026\/03\/Foto-Novela-grafica.jpg\",\"width\":870,\"height\":522},{\"@type\":\"BreadcrumbList\",\"@id\":\"https:\/\/www.ucatolica.edu.co\/portal\/la-universidad-catolica-de-colombia-en-el-nuevo-siglo-por-el-lanzamiento-de-la-novela-grafica-match-politica-amor-y-pantallas\/#breadcrumb\",\"itemListElement\":[{\"@type\":\"ListItem\",\"position\":1,\"name\":\"Inicio\",\"item\":\"https:\/\/www.ucatolica.edu.co\/portal\/\"},{\"@type\":\"ListItem\",\"position\":2,\"name\":\"La Universidad Cat\u00f3lica de Colombia en El Nuevo Siglo por el lanzamiento de la novela gr\u00e1fica Match: Pol\u00edtica, amor y pantallas\"}]},{\"@type\":\"WebSite\",\"@id\":\"https:\/\/www.ucatolica.edu.co\/portal\/#website\",\"url\":\"https:\/\/www.ucatolica.edu.co\/portal\/\",\"name\":\"Universidad Cat\u00f3lica De Colombia\",\"description\":\"Universidad Cat\u00f3lica De Colombia\",\"publisher\":{\"@id\":\"https:\/\/www.ucatolica.edu.co\/portal\/#organization\"},\"potentialAction\":[{\"@type\":\"SearchAction\",\"target\":{\"@type\":\"EntryPoint\",\"urlTemplate\":\"https:\/\/www.ucatolica.edu.co\/portal\/?s={search_term_string}\"},\"query-input\":{\"@type\":\"PropertyValueSpecification\",\"valueRequired\":true,\"valueName\":\"search_term_string\"}}],\"inLanguage\":\"es-CO\"},{\"@type\":\"Organization\",\"@id\":\"https:\/\/www.ucatolica.edu.co\/portal\/#organization\",\"name\":\"Universidad Cat\u00f3lica de Colombia\",\"url\":\"https:\/\/www.ucatolica.edu.co\/portal\/\",\"logo\":{\"@type\":\"ImageObject\",\"inLanguage\":\"es-CO\",\"@id\":\"https:\/\/www.ucatolica.edu.co\/portal\/#\/schema\/logo\/image\/\",\"url\":\"https:\/\/www.ucatolica.edu.co\/portal\/wp-content\/uploads\/2021\/06\/logo-header-ho-1.svg\",\"contentUrl\":\"https:\/\/www.ucatolica.edu.co\/portal\/wp-content\/uploads\/2021\/06\/logo-header-ho-1.svg\",\"width\":1,\"height\":1,\"caption\":\"Universidad Cat\u00f3lica de Colombia\"},\"image\":{\"@id\":\"https:\/\/www.ucatolica.edu.co\/portal\/#\/schema\/logo\/image\/\"},\"sameAs\":[\"https:\/\/www.facebook.com\/ucatolicacolombia\",\"https:\/\/x.com\/UCatolicaCol\",\"https:\/\/www.instagram.com\/universidadcatolicadecolombia\/\",\"https:\/\/www.linkedin.com\/company\/universidadcatolicadecolombia\/\",\"https:\/\/www.youtube.com\/user\/UCatolicaCo\"]},{\"@type\":\"Person\",\"@id\":\"https:\/\/www.ucatolica.edu.co\/portal\/#\/schema\/person\/a7469afff252fba81c6cdc40c80f00b6\",\"name\":\"Cindy Lugo\",\"url\":\"https:\/\/www.ucatolica.edu.co\/portal\/author\/cindy\/\"}]}<\/script>\n<!-- \/ Yoast SEO plugin. -->","yoast_head_json":{"title":"La Universidad Cat\u00f3lica de Colombia en El Nuevo Siglo por el lanzamiento de la novela gr\u00e1fica Match: Pol\u00edtica, amor y pantallas - Universidad Cat\u00f3lica De Colombia","robots":{"index":"index","follow":"follow","max-snippet":"max-snippet:-1","max-image-preview":"max-image-preview:large","max-video-preview":"max-video-preview:-1"},"canonical":"https:\/\/www.ucatolica.edu.co\/portal\/la-universidad-catolica-de-colombia-en-el-nuevo-siglo-por-el-lanzamiento-de-la-novela-grafica-match-politica-amor-y-pantallas\/","og_locale":"es_ES","og_type":"article","og_title":"La Universidad Cat\u00f3lica de Colombia en El Nuevo Siglo por el lanzamiento de la novela gr\u00e1fica Match: Pol\u00edtica, amor y pantallas - Universidad Cat\u00f3lica De Colombia","og_description":"La Universidad Cat\u00f3lica de Colombia vuelve a ser noticia en el diario El Nuevo Siglo con el lanzamiento de la novela gr\u00e1fica Match: Pol\u00edtica, amor y pantallas, una propuesta editorial que invita a reflexionar sobre las relaciones humanas, la pol\u00edtica y la vida en la era digital. Este proyecto nace a partir de la investigaci\u00f3n [&hellip;]","og_url":"https:\/\/www.ucatolica.edu.co\/portal\/la-universidad-catolica-de-colombia-en-el-nuevo-siglo-por-el-lanzamiento-de-la-novela-grafica-match-politica-amor-y-pantallas\/","og_site_name":"Universidad Cat\u00f3lica De Colombia","article_publisher":"https:\/\/www.facebook.com\/ucatolicacolombia","article_published_time":"2026-03-23T23:16:15+00:00","og_image":[{"width":870,"height":522,"url":"https:\/\/www.ucatolica.edu.co\/portal\/wp-content\/uploads\/2026\/03\/Foto-Novela-grafica.jpg","type":"image\/jpeg"}],"author":"Cindy Lugo","twitter_card":"summary_large_image","twitter_creator":"@UCatolicaCol","twitter_site":"@UCatolicaCol","twitter_misc":{"Escrito por":"Cindy Lugo","Tiempo de lectura":"2 minutos"},"schema":{"@context":"https:\/\/schema.org","@graph":[{"@type":"Article","@id":"https:\/\/www.ucatolica.edu.co\/portal\/la-universidad-catolica-de-colombia-en-el-nuevo-siglo-por-el-lanzamiento-de-la-novela-grafica-match-politica-amor-y-pantallas\/#article","isPartOf":{"@id":"https:\/\/www.ucatolica.edu.co\/portal\/la-universidad-catolica-de-colombia-en-el-nuevo-siglo-por-el-lanzamiento-de-la-novela-grafica-match-politica-amor-y-pantallas\/"},"author":{"name":"Cindy Lugo","@id":"https:\/\/www.ucatolica.edu.co\/portal\/#\/schema\/person\/a7469afff252fba81c6cdc40c80f00b6"},"headline":"La Universidad Cat\u00f3lica de Colombia en El Nuevo Siglo por el lanzamiento de la novela gr\u00e1fica Match: Pol\u00edtica, amor y pantallas","datePublished":"2026-03-23T23:16:15+00:00","mainEntityOfPage":{"@id":"https:\/\/www.ucatolica.edu.co\/portal\/la-universidad-catolica-de-colombia-en-el-nuevo-siglo-por-el-lanzamiento-de-la-novela-grafica-match-politica-amor-y-pantallas\/"},"wordCount":489,"publisher":{"@id":"https:\/\/www.ucatolica.edu.co\/portal\/#organization"},"image":{"@id":"https:\/\/www.ucatolica.edu.co\/portal\/la-universidad-catolica-de-colombia-en-el-nuevo-siglo-por-el-lanzamiento-de-la-novela-grafica-match-politica-amor-y-pantallas\/#primaryimage"},"thumbnailUrl":"https:\/\/www.ucatolica.edu.co\/portal\/wp-content\/uploads\/2026\/03\/Foto-Novela-grafica.jpg","keywords":["Amor","Editorial","El Nuevo Siglo","Match","Novela gr\u00e1fica","Pantallas","Pol\u00edtica","Redes Sociales"],"articleSection":["Noticias Principales"],"inLanguage":"es-CO"},{"@type":"WebPage","@id":"https:\/\/www.ucatolica.edu.co\/portal\/la-universidad-catolica-de-colombia-en-el-nuevo-siglo-por-el-lanzamiento-de-la-novela-grafica-match-politica-amor-y-pantallas\/","url":"https:\/\/www.ucatolica.edu.co\/portal\/la-universidad-catolica-de-colombia-en-el-nuevo-siglo-por-el-lanzamiento-de-la-novela-grafica-match-politica-amor-y-pantallas\/","name":"La Universidad Cat\u00f3lica de Colombia en El Nuevo Siglo por el lanzamiento de la novela gr\u00e1fica Match: Pol\u00edtica, amor y pantallas - Universidad Cat\u00f3lica De Colombia","isPartOf":{"@id":"https:\/\/www.ucatolica.edu.co\/portal\/#website"},"primaryImageOfPage":{"@id":"https:\/\/www.ucatolica.edu.co\/portal\/la-universidad-catolica-de-colombia-en-el-nuevo-siglo-por-el-lanzamiento-de-la-novela-grafica-match-politica-amor-y-pantallas\/#primaryimage"},"image":{"@id":"https:\/\/www.ucatolica.edu.co\/portal\/la-universidad-catolica-de-colombia-en-el-nuevo-siglo-por-el-lanzamiento-de-la-novela-grafica-match-politica-amor-y-pantallas\/#primaryimage"},"thumbnailUrl":"https:\/\/www.ucatolica.edu.co\/portal\/wp-content\/uploads\/2026\/03\/Foto-Novela-grafica.jpg","datePublished":"2026-03-23T23:16:15+00:00","breadcrumb":{"@id":"https:\/\/www.ucatolica.edu.co\/portal\/la-universidad-catolica-de-colombia-en-el-nuevo-siglo-por-el-lanzamiento-de-la-novela-grafica-match-politica-amor-y-pantallas\/#breadcrumb"},"inLanguage":"es-CO","potentialAction":[{"@type":"ReadAction","target":["https:\/\/www.ucatolica.edu.co\/portal\/la-universidad-catolica-de-colombia-en-el-nuevo-siglo-por-el-lanzamiento-de-la-novela-grafica-match-politica-amor-y-pantallas\/"]}]},{"@type":"ImageObject","inLanguage":"es-CO","@id":"https:\/\/www.ucatolica.edu.co\/portal\/la-universidad-catolica-de-colombia-en-el-nuevo-siglo-por-el-lanzamiento-de-la-novela-grafica-match-politica-amor-y-pantallas\/#primaryimage","url":"https:\/\/www.ucatolica.edu.co\/portal\/wp-content\/uploads\/2026\/03\/Foto-Novela-grafica.jpg","contentUrl":"https:\/\/www.ucatolica.edu.co\/portal\/wp-content\/uploads\/2026\/03\/Foto-Novela-grafica.jpg","width":870,"height":522},{"@type":"BreadcrumbList","@id":"https:\/\/www.ucatolica.edu.co\/portal\/la-universidad-catolica-de-colombia-en-el-nuevo-siglo-por-el-lanzamiento-de-la-novela-grafica-match-politica-amor-y-pantallas\/#breadcrumb","itemListElement":[{"@type":"ListItem","position":1,"name":"Inicio","item":"https:\/\/www.ucatolica.edu.co\/portal\/"},{"@type":"ListItem","position":2,"name":"La Universidad Cat\u00f3lica de Colombia en El Nuevo Siglo por el lanzamiento de la novela gr\u00e1fica Match: Pol\u00edtica, amor y pantallas"}]},{"@type":"WebSite","@id":"https:\/\/www.ucatolica.edu.co\/portal\/#website","url":"https:\/\/www.ucatolica.edu.co\/portal\/","name":"Universidad Cat\u00f3lica De Colombia","description":"Universidad Cat\u00f3lica De Colombia","publisher":{"@id":"https:\/\/www.ucatolica.edu.co\/portal\/#organization"},"potentialAction":[{"@type":"SearchAction","target":{"@type":"EntryPoint","urlTemplate":"https:\/\/www.ucatolica.edu.co\/portal\/?s={search_term_string}"},"query-input":{"@type":"PropertyValueSpecification","valueRequired":true,"valueName":"search_term_string"}}],"inLanguage":"es-CO"},{"@type":"Organization","@id":"https:\/\/www.ucatolica.edu.co\/portal\/#organization","name":"Universidad Cat\u00f3lica de Colombia","url":"https:\/\/www.ucatolica.edu.co\/portal\/","logo":{"@type":"ImageObject","inLanguage":"es-CO","@id":"https:\/\/www.ucatolica.edu.co\/portal\/#\/schema\/logo\/image\/","url":"https:\/\/www.ucatolica.edu.co\/portal\/wp-content\/uploads\/2021\/06\/logo-header-ho-1.svg","contentUrl":"https:\/\/www.ucatolica.edu.co\/portal\/wp-content\/uploads\/2021\/06\/logo-header-ho-1.svg","width":1,"height":1,"caption":"Universidad Cat\u00f3lica de Colombia"},"image":{"@id":"https:\/\/www.ucatolica.edu.co\/portal\/#\/schema\/logo\/image\/"},"sameAs":["https:\/\/www.facebook.com\/ucatolicacolombia","https:\/\/x.com\/UCatolicaCol","https:\/\/www.instagram.com\/universidadcatolicadecolombia\/","https:\/\/www.linkedin.com\/company\/universidadcatolicadecolombia\/","https:\/\/www.youtube.com\/user\/UCatolicaCo"]},{"@type":"Person","@id":"https:\/\/www.ucatolica.edu.co\/portal\/#\/schema\/person\/a7469afff252fba81c6cdc40c80f00b6","name":"Cindy Lugo","url":"https:\/\/www.ucatolica.edu.co\/portal\/author\/cindy\/"}]}},"author_meta":{"display_name":"Cindy Lugo","author_link":"https:\/\/www.ucatolica.edu.co\/portal\/author\/cindy\/"},"featured_img":"https:\/\/www.ucatolica.edu.co\/portal\/wp-content\/uploads\/2026\/03\/Foto-Novela-grafica.jpg","coauthors":[],"tax_additional":{"categories":{"linked":["<a href=\"https:\/\/www.ucatolica.edu.co\/portal\/category\/noticias-principales\/\" class=\"advgb-post-tax-term\">Noticias Principales<\/a>"],"unlinked":["<span class=\"advgb-post-tax-term\">Noticias Principales<\/span>"]},"tags":{"linked":["<a href=\"https:\/\/www.ucatolica.edu.co\/portal\/category\/noticias-principales\/\" class=\"advgb-post-tax-term\">Amor<\/a>","<a href=\"https:\/\/www.ucatolica.edu.co\/portal\/category\/noticias-principales\/\" class=\"advgb-post-tax-term\">Editorial<\/a>","<a href=\"https:\/\/www.ucatolica.edu.co\/portal\/category\/noticias-principales\/\" class=\"advgb-post-tax-term\">El Nuevo Siglo<\/a>","<a href=\"https:\/\/www.ucatolica.edu.co\/portal\/category\/noticias-principales\/\" class=\"advgb-post-tax-term\">Match<\/a>","<a href=\"https:\/\/www.ucatolica.edu.co\/portal\/category\/noticias-principales\/\" class=\"advgb-post-tax-term\">Novela gr\u00e1fica<\/a>","<a href=\"https:\/\/www.ucatolica.edu.co\/portal\/category\/noticias-principales\/\" class=\"advgb-post-tax-term\">Pantallas<\/a>","<a href=\"https:\/\/www.ucatolica.edu.co\/portal\/category\/noticias-principales\/\" class=\"advgb-post-tax-term\">Pol\u00edtica<\/a>","<a href=\"https:\/\/www.ucatolica.edu.co\/portal\/category\/noticias-principales\/\" class=\"advgb-post-tax-term\">Redes Sociales<\/a>"],"unlinked":["<span class=\"advgb-post-tax-term\">Amor<\/span>","<span class=\"advgb-post-tax-term\">Editorial<\/span>","<span class=\"advgb-post-tax-term\">El Nuevo Siglo<\/span>","<span class=\"advgb-post-tax-term\">Match<\/span>","<span class=\"advgb-post-tax-term\">Novela gr\u00e1fica<\/span>","<span class=\"advgb-post-tax-term\">Pantallas<\/span>","<span class=\"advgb-post-tax-term\">Pol\u00edtica<\/span>","<span class=\"advgb-post-tax-term\">Redes Sociales<\/span>"]}},"comment_count":"0","relative_dates":{"created":"Posted 1 mes ago","modified":"Updated 1 mes ago"},"absolute_dates":{"created":"Posted on 23 marzo, 2026","modified":"Updated on 23 marzo, 2026"},"absolute_dates_time":{"created":"Posted on 23 marzo, 2026 6:16 pm","modified":"Updated on 23 marzo, 2026 6:16 pm"},"featured_img_caption":"","series_order":"","_links":{"self":[{"href":"https:\/\/www.ucatolica.edu.co\/portal\/wp-json\/wp\/v2\/posts\/130761","targetHints":{"allow":["GET"]}}],"collection":[{"href":"https:\/\/www.ucatolica.edu.co\/portal\/wp-json\/wp\/v2\/posts"}],"about":[{"href":"https:\/\/www.ucatolica.edu.co\/portal\/wp-json\/wp\/v2\/types\/post"}],"author":[{"embeddable":true,"href":"https:\/\/www.ucatolica.edu.co\/portal\/wp-json\/wp\/v2\/users\/4"}],"replies":[{"embeddable":true,"href":"https:\/\/www.ucatolica.edu.co\/portal\/wp-json\/wp\/v2\/comments?post=130761"}],"version-history":[{"count":2,"href":"https:\/\/www.ucatolica.edu.co\/portal\/wp-json\/wp\/v2\/posts\/130761\/revisions"}],"predecessor-version":[{"id":130764,"href":"https:\/\/www.ucatolica.edu.co\/portal\/wp-json\/wp\/v2\/posts\/130761\/revisions\/130764"}],"wp:featuredmedia":[{"embeddable":true,"href":"https:\/\/www.ucatolica.edu.co\/portal\/wp-json\/wp\/v2\/media\/130763"}],"wp:attachment":[{"href":"https:\/\/www.ucatolica.edu.co\/portal\/wp-json\/wp\/v2\/media?parent=130761"}],"wp:term":[{"taxonomy":"category","embeddable":true,"href":"https:\/\/www.ucatolica.edu.co\/portal\/wp-json\/wp\/v2\/categories?post=130761"},{"taxonomy":"post_tag","embeddable":true,"href":"https:\/\/www.ucatolica.edu.co\/portal\/wp-json\/wp\/v2\/tags?post=130761"}],"curies":[{"name":"wp","href":"https:\/\/api.w.org\/{rel}","templated":true}]}}