{"id":130855,"date":"2026-03-17T10:32:55","date_gmt":"2026-03-17T15:32:55","guid":{"rendered":"https:\/\/www.ucatolica.edu.co\/portal\/?p=130855"},"modified":"2026-03-17T10:32:55","modified_gmt":"2026-03-17T15:32:55","slug":"convocatoria-para-estancias-de-investigacion-en-la-universidad-anahuac-mexico-2026-2027","status":"publish","type":"post","link":"https:\/\/www.ucatolica.edu.co\/portal\/convocatoria-para-estancias-de-investigacion-en-la-universidad-anahuac-mexico-2026-2027\/","title":{"rendered":"Convocatoria para estancias de investigaci\u00f3n en la Universidad An\u00e1huac M\u00e9xico 2026\u20132027"},"content":{"rendered":"\n<p>La <strong>Universidad Cat\u00f3lica de Colombia<\/strong> informa a su comunidad de profesores sobre la apertura de la convocatoria para realizar estancias de investigaci\u00f3n en la <strong>Universidad An\u00e1huac M\u00e9xico<\/strong> durante el ciclo escolar <strong>2026\u20132027<\/strong>.<\/p>\n\n\n\n<p>Esta iniciativa busca fortalecer la cooperaci\u00f3n acad\u00e9mica internacional, promover la investigaci\u00f3n conjunta y facilitar el intercambio de conocimientos entre ambas instituciones.<\/p>\n\n\n\n<h3 class=\"wp-block-heading\"><strong>L\u00edneas tem\u00e1ticas de investigaci\u00f3n<\/strong><\/h3>\n\n\n\n<details class=\"wp-block-details is-layout-flow wp-block-details-is-layout-flow\"><summary>Ciencias exactas y tecnolog\u00eda<\/summary>\n<p>Industria 5.0<\/p>\n\n\n\n<p>C\u00f3mputo y ciencia de datos<\/p>\n\n\n\n<p>Sustentabilidad y cadena de valor<\/p>\n\n\n\n<p>Tecnolog\u00edas de la salud<\/p>\n\n\n\n<p>Modelaci\u00f3n matem\u00e1tica y optimizaci\u00f3n<\/p>\n\n\n\n<p>M\u00e9todos estad\u00edsticos y cuantitativos aplicados<\/p>\n<\/details>\n\n\n\n<details class=\"wp-block-details is-layout-flow wp-block-details-is-layout-flow\"><summary>Econom\u00eda, negocios y desarrollo<\/summary>\n<p>An\u00e1lisis econ\u00f3mico<\/p>\n\n\n\n<p>Emprendimiento y estrategia<\/p>\n\n\n\n<p>Inteligencia artificial y machine learning<\/p>\n\n\n\n<p>Negocios y direcci\u00f3n<\/p>\n\n\n\n<p>Liderazgo e inclusi\u00f3n econ\u00f3mica y social<\/p>\n\n\n\n<p>Finanzas, contabilidad y mercadotecnia<\/p>\n\n\n\n<p>Filosof\u00eda empresarial, turismo aplicado y prospectiva<\/p>\n<\/details>\n\n\n\n<details class=\"wp-block-details is-layout-flow wp-block-details-is-layout-flow\"><summary>Humanidades y disciplinas creativas<\/summary>\n<p>Historia, arqueolog\u00eda y antropolog\u00eda deconstructivas<\/p>\n\n\n\n<p>Humanismo cristiano y hospitalidad<\/p>\n\n\n\n<p>Historia, teor\u00eda y cr\u00edtica en artes, dise\u00f1o y arquitectura<\/p>\n\n\n\n<p>Ciencias de la habitabilidad y desarrollo sostenible en disciplinas creativas<\/p>\n\n\n\n<p>Bio\u00e9tica<\/p>\n<\/details>\n\n\n\n<details class=\"wp-block-details is-layout-flow wp-block-details-is-layout-flow\"><summary>Persona y sociedad<\/summary>\n<p>Sociedad digital<\/p>\n\n\n\n<p>Responsabilidad social y sostenibilidad<\/p>\n\n\n\n<p>Investigaci\u00f3n en derecho<\/p>\n\n\n\n<p>Comunicaci\u00f3n<\/p>\n\n\n\n<p>Persona y tecnolog\u00eda<\/p>\n\n\n\n<p>Intervenci\u00f3n, evaluaci\u00f3n y did\u00e1ctica<\/p>\n<\/details>\n\n\n\n<details class=\"wp-block-details is-layout-flow wp-block-details-is-layout-flow\"><summary>Salud integral y bienestar<\/summary>\n<p>Enfermedades cr\u00f3nicas degenerativas<\/p>\n\n\n\n<p>Envejecimiento<\/p>\n\n\n\n<p>Nutrici\u00f3n y alimentaci\u00f3n<\/p>\n\n\n\n<p>Salud p\u00fablica<\/p>\n\n\n\n<p>Ciencias del deporte y del ejercicio<\/p>\n\n\n\n<p>Bio\u00e9tica cl\u00ednica<\/p>\n<\/details>\n\n\n\n<p>Para conocer m\u00e1s sobre las l\u00edneas prioritarias de investigaci\u00f3n, puede consultarlas <a href=\"https:\/\/www.anahuac.mx\/investigacion\/temas-prioritarios\" data-type=\"link\" data-id=\"https:\/\/www.anahuac.mx\/investigacion\/temas-prioritarios\" target=\"_blank\" rel=\"noreferrer noopener\">aqu\u00ed<\/a>.<\/p>\n\n\n\n<p><strong>Duraci\u00f3n de la estancia<\/strong><\/p>\n\n\n\n<p>Las estancias tendr\u00e1n una duraci\u00f3n entre una (1) y tres (3) semanas, y podr\u00e1n realizarse entre el 17 de agosto de 2026 y el 27 de marzo de 2027, excluyendo el periodo vacacional de diciembre de 2026.<\/p>\n\n\n\n<p><strong>Beneficios otorgados<\/strong><\/p>\n\n\n\n<p>La Universidad An\u00e1huac M\u00e9xico otorgar\u00e1 los siguientes beneficios a los profesores seleccionados:<\/p>\n\n\n\n<ul class=\"wp-block-list\">\n<li>Cobertura de costos de hospedaje durante la estancia de investigaci\u00f3n.<\/li>\n\n\n\n<li>Tiquetes a\u00e9reos en clase econ\u00f3mica.<\/li>\n<\/ul>\n\n\n\n<p>El monto m\u00e1ximo financiado ser\u00e1 de hasta $75.000 MXN (aproximadamente $16.000.000 COP).<\/p>\n\n\n\n<p><strong>Documentos a presentar<\/strong><\/p>\n\n\n\n<p>La postulaci\u00f3n deber\u00e1 ser enviada \u00fanicamente por el Coordinador de Internacionalizaci\u00f3n de la Unidad Acad\u00e9mica, quien remitir\u00e1 la documentaci\u00f3n del profesor de planta de tiempo completo a la Oficina de Relaciones Internacionales e Interinstitucionales.<\/p>\n\n\n\n<ul class=\"wp-block-list\">\n<li>Correo de env\u00edo: coopinternacional@ucatolica.edu.co<\/li>\n\n\n\n<li>Fecha l\u00edmite: lunes 06 de abril a las 2:00 p.m.<\/li>\n\n\n\n<li>Los documentos deber\u00e1n enviarse en archivos separados y en formato PDF.<\/li>\n<\/ul>\n\n\n\n<h3 class=\"wp-block-heading\">Cronograma de la convocatoria<\/h3>\n\n\n\n<figure class=\"wp-block-table\"><table class=\"has-fixed-layout\"><tbody><tr><td><strong>Fecha<\/strong>\u202f&nbsp;<\/td><td><strong>Proceso<\/strong>\u202f&nbsp;<\/td><\/tr><tr><td>06&nbsp;de&nbsp;abril&nbsp;de 2026&nbsp;a las&nbsp;02:00\u202fpm&nbsp;<\/td><td>Plazo m\u00e1ximo para&nbsp;env\u00edo&nbsp;de documentos por parte del Coordinador de Internacionalizaci\u00f3n*&nbsp;al&nbsp;correo&nbsp;<a href=\"mailto:coopinternacional@ucatolica.edu.co\" target=\"_blank\" rel=\"noreferrer noopener\">coopinternacional@ucatolica.edu.co<\/a>\u202f&nbsp;<\/td><\/tr><tr><td>08 de abril de 2026&nbsp;<\/td><td>Selecci\u00f3n de candidatos por parte del Comit\u00e9 de Asuntos Profesorales\u202f&nbsp;<\/td><\/tr><tr><td>Entre el&nbsp;09&nbsp;y el 14&nbsp;de&nbsp;abril&nbsp;de 2026&nbsp;<\/td><td>Gesti\u00f3n de carta de respaldo institucional por parte de la ORII&nbsp;<\/td><\/tr><tr><td>15&nbsp;de&nbsp;abril&nbsp;de 2026\u202f&nbsp;<\/td><td>Remisi\u00f3n carta de respaldo institucional a cada profesor&nbsp;<\/td><\/tr><tr><td>16&nbsp;de&nbsp;abril de&nbsp;2026&nbsp;<\/td><td>Plazo m\u00e1ximo para que el profesor finalice&nbsp;la postulaci\u00f3n*&nbsp;a&nbsp;trav\u00e9s de la plataforma definida por la Universidad de An\u00e1huac M\u00e9xico&nbsp;<\/td><\/tr><tr><td>Entre el 17 de agosto de 2026 y el 27 de marzo de 2027&nbsp;<\/td><td>Desarrollo de la estancia de investigaci\u00f3n.&nbsp;<\/td><\/tr><\/tbody><\/table><\/figure>\n\n\n\n<h3 class=\"wp-block-heading\">Consulta y descarga de documentos<\/h3>\n\n\n\n<p>Explora la convocatoria completa <strong><a href=\"https:\/\/www.ucatolica.edu.co\/portal\/wp-content\/uploads\/2026\/03\/TdR-Convocatoria-Estancias-Anahuac-1.docx\" data-type=\"link\" data-id=\"https:\/\/www.ucatolica.edu.co\/portal\/wp-content\/uploads\/2026\/03\/TdR-Convocatoria-Estancias-Anahuac-1.docx\">aqu\u00ed<\/a><\/strong>.<\/p>\n\n\n\n<h3 class=\"wp-block-heading\">Descargar formatos requeridos:<\/h3>\n\n\n\n<p>1. Anexo I \u2013 <a href=\"https:\/\/www.ucatolica.edu.co\/portal\/wp-content\/uploads\/2026\/03\/Anexo-I_Solicitud-de-Estancia-de-Investigacion-Saliente.docx\" data-type=\"link\" data-id=\"https:\/\/www.ucatolica.edu.co\/portal\/wp-content\/uploads\/2026\/03\/Anexo-I_Solicitud-de-Estancia-de-Investigacion-Saliente.docx\">Solicitud de Estancia de Investigaci\u00f3n Saliente<\/a><\/p>\n\n\n\n<p>2. Anexo II \u2013 <a href=\"https:\/\/www.ucatolica.edu.co\/portal\/wp-content\/uploads\/2026\/03\/Anexo-II_Plan-de-trabajo.docx\">Plan de trabajo<\/a><\/p>\n\n\n\n<p>3. Anexo III \u2013 <a href=\"https:\/\/www.ucatolica.edu.co\/portal\/wp-content\/uploads\/2026\/03\/Anexo-III_Formato-de-informe-de-estancia_.docx\" data-type=\"link\" data-id=\"https:\/\/www.ucatolica.edu.co\/portal\/wp-content\/uploads\/2026\/03\/Anexo-III_Formato-de-informe-de-estancia_.docx\">Formato de informe de estancia<\/a><\/p>\n\n\n\n<p>Esta convocatoria representa una oportunidad para fortalecer la proyecci\u00f3n internacional de la investigaci\u00f3n institucional, generar nuevas redes acad\u00e9micas y aportar al desarrollo del conocimiento desde una perspectiva global.<\/p>\n","protected":false},"excerpt":{"rendered":"<p>La Universidad Cat\u00f3lica de Colombia informa a su comunidad de profesores sobre la apertura de la convocatoria para realizar estancias de investigaci\u00f3n en la Universidad An\u00e1huac M\u00e9xico durante el ciclo escolar 2026\u20132027. Esta iniciativa busca fortalecer la cooperaci\u00f3n acad\u00e9mica internacional, promover la investigaci\u00f3n conjunta y facilitar el intercambio de conocimientos entre ambas instituciones. L\u00edneas tem\u00e1ticas [&hellip;]<\/p>\n","protected":false},"author":65,"featured_media":130864,"comment_status":"closed","ping_status":"closed","sticky":false,"template":"","format":"standard","meta":{"_acf_changed":false,"advgb_blocks_editor_width":"","advgb_blocks_columns_visual_guide":"","footnotes":""},"categories":[93,531],"tags":[620,1409,479],"class_list":["post-130855","post","type-post","status-publish","format-standard","has-post-thumbnail","hentry","category-noticias-principales","category-orii","tag-intercambio","tag-internacinalizacion","tag-orii"],"acf":[],"yoast_head":"<!-- This site is optimized with the Yoast SEO plugin v26.7 - https:\/\/yoast.com\/wordpress\/plugins\/seo\/ -->\n<title>Convocatoria para estancias de investigaci\u00f3n en la Universidad An\u00e1huac M\u00e9xico 2026\u20132027 - Universidad Cat\u00f3lica De Colombia<\/title>\n<meta name=\"robots\" content=\"index, follow, max-snippet:-1, max-image-preview:large, max-video-preview:-1\" \/>\n<link rel=\"canonical\" href=\"https:\/\/www.ucatolica.edu.co\/portal\/convocatoria-para-estancias-de-investigacion-en-la-universidad-anahuac-mexico-2026-2027\/\" \/>\n<meta property=\"og:locale\" content=\"es_ES\" \/>\n<meta property=\"og:type\" content=\"article\" \/>\n<meta property=\"og:title\" content=\"Convocatoria para estancias de investigaci\u00f3n en la Universidad An\u00e1huac M\u00e9xico 2026\u20132027 - Universidad Cat\u00f3lica De Colombia\" \/>\n<meta property=\"og:description\" content=\"La Universidad Cat\u00f3lica de Colombia informa a su comunidad de profesores sobre la apertura de la convocatoria para realizar estancias de investigaci\u00f3n en la Universidad An\u00e1huac M\u00e9xico durante el ciclo escolar 2026\u20132027. Esta iniciativa busca fortalecer la cooperaci\u00f3n acad\u00e9mica internacional, promover la investigaci\u00f3n conjunta y facilitar el intercambio de conocimientos entre ambas instituciones. L\u00edneas tem\u00e1ticas [&hellip;]\" \/>\n<meta property=\"og:url\" content=\"https:\/\/www.ucatolica.edu.co\/portal\/convocatoria-para-estancias-de-investigacion-en-la-universidad-anahuac-mexico-2026-2027\/\" \/>\n<meta property=\"og:site_name\" content=\"Universidad Cat\u00f3lica De Colombia\" \/>\n<meta property=\"article:publisher\" content=\"https:\/\/www.facebook.com\/ucatolicacolombia\" \/>\n<meta property=\"article:published_time\" content=\"2026-03-17T15:32:55+00:00\" \/>\n<meta property=\"og:image\" content=\"https:\/\/www.ucatolica.edu.co\/portal\/wp-content\/uploads\/2026\/03\/IntercambioDocente.jpg\" \/>\n\t<meta property=\"og:image:width\" content=\"870\" \/>\n\t<meta property=\"og:image:height\" content=\"522\" \/>\n\t<meta property=\"og:image:type\" content=\"image\/jpeg\" \/>\n<meta name=\"author\" content=\"Juan Jos\u00e9 Franco\" \/>\n<meta name=\"twitter:card\" content=\"summary_large_image\" \/>\n<meta name=\"twitter:creator\" content=\"@UCatolicaCol\" \/>\n<meta name=\"twitter:site\" content=\"@UCatolicaCol\" \/>\n<meta name=\"twitter:label1\" content=\"Escrito por\" \/>\n\t<meta name=\"twitter:data1\" content=\"Juan Jos\u00e9 Franco\" \/>\n\t<meta name=\"twitter:label2\" content=\"Tiempo de lectura\" \/>\n\t<meta name=\"twitter:data2\" content=\"3 minutos\" \/>\n<script type=\"application\/ld+json\" class=\"yoast-schema-graph\">{\"@context\":\"https:\/\/schema.org\",\"@graph\":[{\"@type\":\"Article\",\"@id\":\"https:\/\/www.ucatolica.edu.co\/portal\/convocatoria-para-estancias-de-investigacion-en-la-universidad-anahuac-mexico-2026-2027\/#article\",\"isPartOf\":{\"@id\":\"https:\/\/www.ucatolica.edu.co\/portal\/convocatoria-para-estancias-de-investigacion-en-la-universidad-anahuac-mexico-2026-2027\/\"},\"author\":{\"name\":\"Juan Jos\u00e9 Franco\",\"@id\":\"https:\/\/www.ucatolica.edu.co\/portal\/#\/schema\/person\/2fe10d3836c8b18a520cbf458d96a728\"},\"headline\":\"Convocatoria para estancias de investigaci\u00f3n en la Universidad An\u00e1huac M\u00e9xico 2026\u20132027\",\"datePublished\":\"2026-03-17T15:32:55+00:00\",\"mainEntityOfPage\":{\"@id\":\"https:\/\/www.ucatolica.edu.co\/portal\/convocatoria-para-estancias-de-investigacion-en-la-universidad-anahuac-mexico-2026-2027\/\"},\"wordCount\":643,\"publisher\":{\"@id\":\"https:\/\/www.ucatolica.edu.co\/portal\/#organization\"},\"image\":{\"@id\":\"https:\/\/www.ucatolica.edu.co\/portal\/convocatoria-para-estancias-de-investigacion-en-la-universidad-anahuac-mexico-2026-2027\/#primaryimage\"},\"thumbnailUrl\":\"https:\/\/www.ucatolica.edu.co\/portal\/wp-content\/uploads\/2026\/03\/IntercambioDocente.jpg\",\"keywords\":[\"Intercambio\",\"Internacinalizaci\u00f3n\",\"ORII\"],\"articleSection\":[\"Noticias Principales\",\"ORII\"],\"inLanguage\":\"es-CO\"},{\"@type\":\"WebPage\",\"@id\":\"https:\/\/www.ucatolica.edu.co\/portal\/convocatoria-para-estancias-de-investigacion-en-la-universidad-anahuac-mexico-2026-2027\/\",\"url\":\"https:\/\/www.ucatolica.edu.co\/portal\/convocatoria-para-estancias-de-investigacion-en-la-universidad-anahuac-mexico-2026-2027\/\",\"name\":\"Convocatoria para estancias de investigaci\u00f3n en la Universidad An\u00e1huac M\u00e9xico 2026\u20132027 - Universidad Cat\u00f3lica De Colombia\",\"isPartOf\":{\"@id\":\"https:\/\/www.ucatolica.edu.co\/portal\/#website\"},\"primaryImageOfPage\":{\"@id\":\"https:\/\/www.ucatolica.edu.co\/portal\/convocatoria-para-estancias-de-investigacion-en-la-universidad-anahuac-mexico-2026-2027\/#primaryimage\"},\"image\":{\"@id\":\"https:\/\/www.ucatolica.edu.co\/portal\/convocatoria-para-estancias-de-investigacion-en-la-universidad-anahuac-mexico-2026-2027\/#primaryimage\"},\"thumbnailUrl\":\"https:\/\/www.ucatolica.edu.co\/portal\/wp-content\/uploads\/2026\/03\/IntercambioDocente.jpg\",\"datePublished\":\"2026-03-17T15:32:55+00:00\",\"breadcrumb\":{\"@id\":\"https:\/\/www.ucatolica.edu.co\/portal\/convocatoria-para-estancias-de-investigacion-en-la-universidad-anahuac-mexico-2026-2027\/#breadcrumb\"},\"inLanguage\":\"es-CO\",\"potentialAction\":[{\"@type\":\"ReadAction\",\"target\":[\"https:\/\/www.ucatolica.edu.co\/portal\/convocatoria-para-estancias-de-investigacion-en-la-universidad-anahuac-mexico-2026-2027\/\"]}]},{\"@type\":\"ImageObject\",\"inLanguage\":\"es-CO\",\"@id\":\"https:\/\/www.ucatolica.edu.co\/portal\/convocatoria-para-estancias-de-investigacion-en-la-universidad-anahuac-mexico-2026-2027\/#primaryimage\",\"url\":\"https:\/\/www.ucatolica.edu.co\/portal\/wp-content\/uploads\/2026\/03\/IntercambioDocente.jpg\",\"contentUrl\":\"https:\/\/www.ucatolica.edu.co\/portal\/wp-content\/uploads\/2026\/03\/IntercambioDocente.jpg\",\"width\":870,\"height\":522,\"caption\":\"Fuente: Axis Communications \/ https:\/\/www.tecnoseguro.com\/noticias\/casos-de-exito\/universidad-anahuac-campus-queretaro-seguridad-universitaria-mexico\"},{\"@type\":\"BreadcrumbList\",\"@id\":\"https:\/\/www.ucatolica.edu.co\/portal\/convocatoria-para-estancias-de-investigacion-en-la-universidad-anahuac-mexico-2026-2027\/#breadcrumb\",\"itemListElement\":[{\"@type\":\"ListItem\",\"position\":1,\"name\":\"Inicio\",\"item\":\"https:\/\/www.ucatolica.edu.co\/portal\/\"},{\"@type\":\"ListItem\",\"position\":2,\"name\":\"Convocatoria para estancias de investigaci\u00f3n en la Universidad An\u00e1huac M\u00e9xico 2026\u20132027\"}]},{\"@type\":\"WebSite\",\"@id\":\"https:\/\/www.ucatolica.edu.co\/portal\/#website\",\"url\":\"https:\/\/www.ucatolica.edu.co\/portal\/\",\"name\":\"Universidad Cat\u00f3lica De Colombia\",\"description\":\"Universidad Cat\u00f3lica De Colombia\",\"publisher\":{\"@id\":\"https:\/\/www.ucatolica.edu.co\/portal\/#organization\"},\"potentialAction\":[{\"@type\":\"SearchAction\",\"target\":{\"@type\":\"EntryPoint\",\"urlTemplate\":\"https:\/\/www.ucatolica.edu.co\/portal\/?s={search_term_string}\"},\"query-input\":{\"@type\":\"PropertyValueSpecification\",\"valueRequired\":true,\"valueName\":\"search_term_string\"}}],\"inLanguage\":\"es-CO\"},{\"@type\":\"Organization\",\"@id\":\"https:\/\/www.ucatolica.edu.co\/portal\/#organization\",\"name\":\"Universidad Cat\u00f3lica de Colombia\",\"url\":\"https:\/\/www.ucatolica.edu.co\/portal\/\",\"logo\":{\"@type\":\"ImageObject\",\"inLanguage\":\"es-CO\",\"@id\":\"https:\/\/www.ucatolica.edu.co\/portal\/#\/schema\/logo\/image\/\",\"url\":\"https:\/\/www.ucatolica.edu.co\/portal\/wp-content\/uploads\/2021\/06\/logo-header-ho-1.svg\",\"contentUrl\":\"https:\/\/www.ucatolica.edu.co\/portal\/wp-content\/uploads\/2021\/06\/logo-header-ho-1.svg\",\"width\":1,\"height\":1,\"caption\":\"Universidad Cat\u00f3lica de Colombia\"},\"image\":{\"@id\":\"https:\/\/www.ucatolica.edu.co\/portal\/#\/schema\/logo\/image\/\"},\"sameAs\":[\"https:\/\/www.facebook.com\/ucatolicacolombia\",\"https:\/\/x.com\/UCatolicaCol\",\"https:\/\/www.instagram.com\/universidadcatolicadecolombia\/\",\"https:\/\/www.linkedin.com\/company\/universidadcatolicadecolombia\/\",\"https:\/\/www.youtube.com\/user\/UCatolicaCo\"]},{\"@type\":\"Person\",\"@id\":\"https:\/\/www.ucatolica.edu.co\/portal\/#\/schema\/person\/2fe10d3836c8b18a520cbf458d96a728\",\"name\":\"Juan Jos\u00e9 Franco\",\"url\":\"https:\/\/www.ucatolica.edu.co\/portal\/author\/juan\/\"}]}<\/script>\n<!-- \/ Yoast SEO plugin. -->","yoast_head_json":{"title":"Convocatoria para estancias de investigaci\u00f3n en la Universidad An\u00e1huac M\u00e9xico 2026\u20132027 - Universidad Cat\u00f3lica De Colombia","robots":{"index":"index","follow":"follow","max-snippet":"max-snippet:-1","max-image-preview":"max-image-preview:large","max-video-preview":"max-video-preview:-1"},"canonical":"https:\/\/www.ucatolica.edu.co\/portal\/convocatoria-para-estancias-de-investigacion-en-la-universidad-anahuac-mexico-2026-2027\/","og_locale":"es_ES","og_type":"article","og_title":"Convocatoria para estancias de investigaci\u00f3n en la Universidad An\u00e1huac M\u00e9xico 2026\u20132027 - Universidad Cat\u00f3lica De Colombia","og_description":"La Universidad Cat\u00f3lica de Colombia informa a su comunidad de profesores sobre la apertura de la convocatoria para realizar estancias de investigaci\u00f3n en la Universidad An\u00e1huac M\u00e9xico durante el ciclo escolar 2026\u20132027. Esta iniciativa busca fortalecer la cooperaci\u00f3n acad\u00e9mica internacional, promover la investigaci\u00f3n conjunta y facilitar el intercambio de conocimientos entre ambas instituciones. L\u00edneas tem\u00e1ticas [&hellip;]","og_url":"https:\/\/www.ucatolica.edu.co\/portal\/convocatoria-para-estancias-de-investigacion-en-la-universidad-anahuac-mexico-2026-2027\/","og_site_name":"Universidad Cat\u00f3lica De Colombia","article_publisher":"https:\/\/www.facebook.com\/ucatolicacolombia","article_published_time":"2026-03-17T15:32:55+00:00","og_image":[{"width":870,"height":522,"url":"https:\/\/www.ucatolica.edu.co\/portal\/wp-content\/uploads\/2026\/03\/IntercambioDocente.jpg","type":"image\/jpeg"}],"author":"Juan Jos\u00e9 Franco","twitter_card":"summary_large_image","twitter_creator":"@UCatolicaCol","twitter_site":"@UCatolicaCol","twitter_misc":{"Escrito por":"Juan Jos\u00e9 Franco","Tiempo de lectura":"3 minutos"},"schema":{"@context":"https:\/\/schema.org","@graph":[{"@type":"Article","@id":"https:\/\/www.ucatolica.edu.co\/portal\/convocatoria-para-estancias-de-investigacion-en-la-universidad-anahuac-mexico-2026-2027\/#article","isPartOf":{"@id":"https:\/\/www.ucatolica.edu.co\/portal\/convocatoria-para-estancias-de-investigacion-en-la-universidad-anahuac-mexico-2026-2027\/"},"author":{"name":"Juan Jos\u00e9 Franco","@id":"https:\/\/www.ucatolica.edu.co\/portal\/#\/schema\/person\/2fe10d3836c8b18a520cbf458d96a728"},"headline":"Convocatoria para estancias de investigaci\u00f3n en la Universidad An\u00e1huac M\u00e9xico 2026\u20132027","datePublished":"2026-03-17T15:32:55+00:00","mainEntityOfPage":{"@id":"https:\/\/www.ucatolica.edu.co\/portal\/convocatoria-para-estancias-de-investigacion-en-la-universidad-anahuac-mexico-2026-2027\/"},"wordCount":643,"publisher":{"@id":"https:\/\/www.ucatolica.edu.co\/portal\/#organization"},"image":{"@id":"https:\/\/www.ucatolica.edu.co\/portal\/convocatoria-para-estancias-de-investigacion-en-la-universidad-anahuac-mexico-2026-2027\/#primaryimage"},"thumbnailUrl":"https:\/\/www.ucatolica.edu.co\/portal\/wp-content\/uploads\/2026\/03\/IntercambioDocente.jpg","keywords":["Intercambio","Internacinalizaci\u00f3n","ORII"],"articleSection":["Noticias Principales","ORII"],"inLanguage":"es-CO"},{"@type":"WebPage","@id":"https:\/\/www.ucatolica.edu.co\/portal\/convocatoria-para-estancias-de-investigacion-en-la-universidad-anahuac-mexico-2026-2027\/","url":"https:\/\/www.ucatolica.edu.co\/portal\/convocatoria-para-estancias-de-investigacion-en-la-universidad-anahuac-mexico-2026-2027\/","name":"Convocatoria para estancias de investigaci\u00f3n en la Universidad An\u00e1huac M\u00e9xico 2026\u20132027 - Universidad Cat\u00f3lica De Colombia","isPartOf":{"@id":"https:\/\/www.ucatolica.edu.co\/portal\/#website"},"primaryImageOfPage":{"@id":"https:\/\/www.ucatolica.edu.co\/portal\/convocatoria-para-estancias-de-investigacion-en-la-universidad-anahuac-mexico-2026-2027\/#primaryimage"},"image":{"@id":"https:\/\/www.ucatolica.edu.co\/portal\/convocatoria-para-estancias-de-investigacion-en-la-universidad-anahuac-mexico-2026-2027\/#primaryimage"},"thumbnailUrl":"https:\/\/www.ucatolica.edu.co\/portal\/wp-content\/uploads\/2026\/03\/IntercambioDocente.jpg","datePublished":"2026-03-17T15:32:55+00:00","breadcrumb":{"@id":"https:\/\/www.ucatolica.edu.co\/portal\/convocatoria-para-estancias-de-investigacion-en-la-universidad-anahuac-mexico-2026-2027\/#breadcrumb"},"inLanguage":"es-CO","potentialAction":[{"@type":"ReadAction","target":["https:\/\/www.ucatolica.edu.co\/portal\/convocatoria-para-estancias-de-investigacion-en-la-universidad-anahuac-mexico-2026-2027\/"]}]},{"@type":"ImageObject","inLanguage":"es-CO","@id":"https:\/\/www.ucatolica.edu.co\/portal\/convocatoria-para-estancias-de-investigacion-en-la-universidad-anahuac-mexico-2026-2027\/#primaryimage","url":"https:\/\/www.ucatolica.edu.co\/portal\/wp-content\/uploads\/2026\/03\/IntercambioDocente.jpg","contentUrl":"https:\/\/www.ucatolica.edu.co\/portal\/wp-content\/uploads\/2026\/03\/IntercambioDocente.jpg","width":870,"height":522,"caption":"Fuente: Axis Communications \/ https:\/\/www.tecnoseguro.com\/noticias\/casos-de-exito\/universidad-anahuac-campus-queretaro-seguridad-universitaria-mexico"},{"@type":"BreadcrumbList","@id":"https:\/\/www.ucatolica.edu.co\/portal\/convocatoria-para-estancias-de-investigacion-en-la-universidad-anahuac-mexico-2026-2027\/#breadcrumb","itemListElement":[{"@type":"ListItem","position":1,"name":"Inicio","item":"https:\/\/www.ucatolica.edu.co\/portal\/"},{"@type":"ListItem","position":2,"name":"Convocatoria para estancias de investigaci\u00f3n en la Universidad An\u00e1huac M\u00e9xico 2026\u20132027"}]},{"@type":"WebSite","@id":"https:\/\/www.ucatolica.edu.co\/portal\/#website","url":"https:\/\/www.ucatolica.edu.co\/portal\/","name":"Universidad Cat\u00f3lica De Colombia","description":"Universidad Cat\u00f3lica De Colombia","publisher":{"@id":"https:\/\/www.ucatolica.edu.co\/portal\/#organization"},"potentialAction":[{"@type":"SearchAction","target":{"@type":"EntryPoint","urlTemplate":"https:\/\/www.ucatolica.edu.co\/portal\/?s={search_term_string}"},"query-input":{"@type":"PropertyValueSpecification","valueRequired":true,"valueName":"search_term_string"}}],"inLanguage":"es-CO"},{"@type":"Organization","@id":"https:\/\/www.ucatolica.edu.co\/portal\/#organization","name":"Universidad Cat\u00f3lica de Colombia","url":"https:\/\/www.ucatolica.edu.co\/portal\/","logo":{"@type":"ImageObject","inLanguage":"es-CO","@id":"https:\/\/www.ucatolica.edu.co\/portal\/#\/schema\/logo\/image\/","url":"https:\/\/www.ucatolica.edu.co\/portal\/wp-content\/uploads\/2021\/06\/logo-header-ho-1.svg","contentUrl":"https:\/\/www.ucatolica.edu.co\/portal\/wp-content\/uploads\/2021\/06\/logo-header-ho-1.svg","width":1,"height":1,"caption":"Universidad Cat\u00f3lica de Colombia"},"image":{"@id":"https:\/\/www.ucatolica.edu.co\/portal\/#\/schema\/logo\/image\/"},"sameAs":["https:\/\/www.facebook.com\/ucatolicacolombia","https:\/\/x.com\/UCatolicaCol","https:\/\/www.instagram.com\/universidadcatolicadecolombia\/","https:\/\/www.linkedin.com\/company\/universidadcatolicadecolombia\/","https:\/\/www.youtube.com\/user\/UCatolicaCo"]},{"@type":"Person","@id":"https:\/\/www.ucatolica.edu.co\/portal\/#\/schema\/person\/2fe10d3836c8b18a520cbf458d96a728","name":"Juan Jos\u00e9 Franco","url":"https:\/\/www.ucatolica.edu.co\/portal\/author\/juan\/"}]}},"author_meta":{"display_name":"Juan Jos\u00e9 Franco","author_link":"https:\/\/www.ucatolica.edu.co\/portal\/author\/juan\/"},"featured_img":"https:\/\/www.ucatolica.edu.co\/portal\/wp-content\/uploads\/2026\/03\/IntercambioDocente.jpg","coauthors":[],"tax_additional":{"categories":{"linked":["<a href=\"https:\/\/www.ucatolica.edu.co\/portal\/category\/noticias-principales\/\" class=\"advgb-post-tax-term\">Noticias Principales<\/a>","<a href=\"https:\/\/www.ucatolica.edu.co\/portal\/category\/orii\/\" class=\"advgb-post-tax-term\">ORII<\/a>"],"unlinked":["<span class=\"advgb-post-tax-term\">Noticias Principales<\/span>","<span class=\"advgb-post-tax-term\">ORII<\/span>"]},"tags":{"linked":["<a href=\"https:\/\/www.ucatolica.edu.co\/portal\/category\/orii\/\" class=\"advgb-post-tax-term\">Intercambio<\/a>","<a href=\"https:\/\/www.ucatolica.edu.co\/portal\/category\/orii\/\" class=\"advgb-post-tax-term\">Internacinalizaci\u00f3n<\/a>","<a href=\"https:\/\/www.ucatolica.edu.co\/portal\/category\/orii\/\" class=\"advgb-post-tax-term\">ORII<\/a>"],"unlinked":["<span class=\"advgb-post-tax-term\">Intercambio<\/span>","<span class=\"advgb-post-tax-term\">Internacinalizaci\u00f3n<\/span>","<span class=\"advgb-post-tax-term\">ORII<\/span>"]}},"comment_count":"0","relative_dates":{"created":"Posted 2 meses ago","modified":"Updated 2 meses ago"},"absolute_dates":{"created":"Posted on 17 marzo, 2026","modified":"Updated on 17 marzo, 2026"},"absolute_dates_time":{"created":"Posted on 17 marzo, 2026 10:32 am","modified":"Updated on 17 marzo, 2026 10:32 am"},"featured_img_caption":"","series_order":"","_links":{"self":[{"href":"https:\/\/www.ucatolica.edu.co\/portal\/wp-json\/wp\/v2\/posts\/130855","targetHints":{"allow":["GET"]}}],"collection":[{"href":"https:\/\/www.ucatolica.edu.co\/portal\/wp-json\/wp\/v2\/posts"}],"about":[{"href":"https:\/\/www.ucatolica.edu.co\/portal\/wp-json\/wp\/v2\/types\/post"}],"author":[{"embeddable":true,"href":"https:\/\/www.ucatolica.edu.co\/portal\/wp-json\/wp\/v2\/users\/65"}],"replies":[{"embeddable":true,"href":"https:\/\/www.ucatolica.edu.co\/portal\/wp-json\/wp\/v2\/comments?post=130855"}],"version-history":[{"count":6,"href":"https:\/\/www.ucatolica.edu.co\/portal\/wp-json\/wp\/v2\/posts\/130855\/revisions"}],"predecessor-version":[{"id":130872,"href":"https:\/\/www.ucatolica.edu.co\/portal\/wp-json\/wp\/v2\/posts\/130855\/revisions\/130872"}],"wp:featuredmedia":[{"embeddable":true,"href":"https:\/\/www.ucatolica.edu.co\/portal\/wp-json\/wp\/v2\/media\/130864"}],"wp:attachment":[{"href":"https:\/\/www.ucatolica.edu.co\/portal\/wp-json\/wp\/v2\/media?parent=130855"}],"wp:term":[{"taxonomy":"category","embeddable":true,"href":"https:\/\/www.ucatolica.edu.co\/portal\/wp-json\/wp\/v2\/categories?post=130855"},{"taxonomy":"post_tag","embeddable":true,"href":"https:\/\/www.ucatolica.edu.co\/portal\/wp-json\/wp\/v2\/tags?post=130855"}],"curies":[{"name":"wp","href":"https:\/\/api.w.org\/{rel}","templated":true}]}}