{"id":132707,"date":"2026-04-27T16:20:57","date_gmt":"2026-04-27T21:20:57","guid":{"rendered":"https:\/\/www.ucatolica.edu.co\/portal\/?p=132707"},"modified":"2026-04-27T16:20:58","modified_gmt":"2026-04-27T21:20:58","slug":"convocatoria-docente-movilidad-academica-en-el-marco-de-la-alianza-del-pacifico-2026","status":"publish","type":"post","link":"https:\/\/www.ucatolica.edu.co\/portal\/convocatoria-docente-movilidad-academica-en-el-marco-de-la-alianza-del-pacifico-2026\/","title":{"rendered":"Convocatoria docente: movilidad acad\u00e9mica en el marco de la Alianza del Pac\u00edfico 2026"},"content":{"rendered":"\n<p>La Universidad Cat\u00f3lica de Colombia, a trav\u00e9s de la <strong>Oficina de Relaciones Internacionales e Interinstitucionales (ORII)<\/strong>, invita a su comunidad de profesores a participar en la <strong>XVII Convocatoria 2026 del Programa Plataforma de Movilidad Estudiantil y Acad\u00e9mica de la Alianza del Pac\u00edfico.<\/strong><\/p>\n\n\n\n<p>Esta iniciativa brinda la oportunidad de acceder a becas de movilidad acad\u00e9mica para realizar estancias en universidades acreditadas de <strong>Chile, M\u00e9xico y Per\u00fa<\/strong>, pa\u00edses que integran la Alianza del Pac\u00edfico.<\/p>\n\n\n\n<h2 class=\"wp-block-heading\">Una oportunidad para fortalecer la internacionalizaci\u00f3n docente<\/h2>\n\n\n\n<p>El objetivo de esta convocatoria es promover la internacionalizaci\u00f3n de la docencia y el fortalecimiento de redes acad\u00e9micas internacionales, mediante la participaci\u00f3n de profesores como docentes invitados en instituciones de educaci\u00f3n superior de los pa\u00edses miembros.<\/p>\n\n\n\n<p>Los docentes seleccionados desarrollar\u00e1n actividades acad\u00e9micas a partir de un plan de trabajo previamente acordado con la universidad de destino, contribuyendo al intercambio de conocimiento y experiencias en contextos internacionales.<\/p>\n\n\n\n<p><strong>\u00c1reas de conocimiento<\/strong><\/p>\n\n\n\n<p>Podr\u00e1n postularse docentes que pertenezcan a las siguientes \u00e1reas:<\/p>\n\n\n\n<ul class=\"wp-block-list\">\n<li>Administraci\u00f3n P\u00fablica y Gobernanza<\/li>\n\n\n\n<li>Ciencia Pol\u00edtica<\/li>\n\n\n\n<li>Comercio Internacional<\/li>\n\n\n\n<li>Econom\u00eda<\/li>\n\n\n\n<li>Finanzas<\/li>\n\n\n\n<li>Ingenier\u00edas<\/li>\n\n\n\n<li>Innovaci\u00f3n, Ciencia y Tecnolog\u00eda<\/li>\n\n\n\n<li>Medio ambiente y Cambio Clim\u00e1tico<\/li>\n\n\n\n<li>Negocios y Relaciones Internacionales<\/li>\n<\/ul>\n\n\n\n<p>No se aceptar\u00e1n postulaciones en \u00e1reas distintas a las establecidas en la convocatoria oficial.<\/p>\n\n\n\n<h2 class=\"wp-block-heading\">Beneficios de la convocatoria<\/h2>\n\n\n\n<p>Los profesores seleccionados contar\u00e1n con:<\/p>\n\n\n\n<p>Por parte de la Alianza del Pac\u00edfico:<\/p>\n\n\n\n<ul class=\"wp-block-list\">\n<li>Tiquetes a\u00e9reos internacionales (ida y regreso).<\/li>\n\n\n\n<li>Apoyo econ\u00f3mico mensual para manutenci\u00f3n durante la estancia (seg\u00fan pa\u00eds de destino)<\/li>\n\n\n\n<li>Seguro m\u00e9dico internacional para emergencias.<\/li>\n<\/ul>\n\n\n\n<p>Por parte de la <strong>Universidad Cat\u00f3lica de Colombia:<\/strong><\/p>\n\n\n\n<ul class=\"wp-block-list\">\n<li>Descarga acad\u00e9mica durante la estancia.<\/li>\n\n\n\n<li>Pago del salario con prestaciones de ley.<\/li>\n\n\n\n<li>Seguro m\u00e9dico internacional activado a trav\u00e9s de la ARL institucional.<\/li>\n<\/ul>\n\n\n\n<p><strong>Duraci\u00f3n de la movilidad<\/strong><\/p>\n\n\n\n<p>La estancia tendr\u00e1 una duraci\u00f3n m\u00e1xima de 30 d\u00edas y deber\u00e1 realizarse durante el segundo semestre de 2026, de acuerdo con el calendario acad\u00e9mico de la instituci\u00f3n de destino.<\/p>\n\n\n\n<p><strong>Proceso de postulaci\u00f3n<\/strong><\/p>\n\n\n\n<p>La Universidad realizar\u00e1 una preselecci\u00f3n institucional a trav\u00e9s del <strong>Comit\u00e9 de Asuntos Profesorales (CAP),<\/strong> mientras que la selecci\u00f3n final estar\u00e1 a cargo de los Puntos Focales de la Alianza del Pac\u00edfico.<\/p>\n\n\n\n<p>El Coordinador de Internacionalizaci\u00f3n de cada unidad acad\u00e9mica ser\u00e1 el encargado de remitir la documentaci\u00f3n del docente al correo: <a href=\"mailto:coordmovilidad@ucatolica.edu.co\">coordmovilidad@ucatolica.edu.co<\/a> (con copia a <a href=\"mailto:movilidad@ucatolica.edu.co\">movilidad@ucatolica.edu.co<\/a>)<\/p>\n\n\n\n<p>Fecha l\u00edmite de la convocatoria interna: <strong>2 de mayo de 2026<\/strong><\/p>\n\n\n\n<p>Posteriormente, los docentes preseleccionados deber\u00e1n completar su postulaci\u00f3n en la plataforma oficial de la Alianza del Pac\u00edfico con el acompa\u00f1amiento de la ORII.<\/p>\n\n\n\n<ul class=\"wp-block-list\">\n<li>1. Consulta la convocatoria completa al igual que todos los requisitos haciendo <strong><a href=\"https:\/\/www.ucatolica.edu.co\/portal\/wp-content\/uploads\/2026\/04\/CONVOCATORIA-DOCENTE-ALIANZA-PACIFICO-2026-1.pdf\" target=\"_blank\" rel=\"noreferrer noopener\">clic aqu\u00ed.<\/a><\/strong><\/li>\n\n\n\n<li>2. Para consultar la convocatoria oficial emitida por Alianza del Pac\u00edfico, as\u00ed como sus respectivos anexos <strong><a href=\"https:\/\/www.ucatolica.edu.co\/portal\/wp-content\/uploads\/2026\/04\/Documento-XVII-Convocatoria-2026-FINAL-01-04-2026-V2_compressed.pdf\" target=\"_blank\" rel=\"noreferrer noopener\">haz clic aqu\u00ed.<\/a><\/strong><\/li>\n<\/ul>\n\n\n\n<h2 class=\"wp-block-heading\">Documentos y requisitos<\/h2>\n\n\n\n<p>Entre los documentos requeridos se encuentran:<\/p>\n\n\n\n<p>\u2022 Carta de aceptaci\u00f3n de la instituci\u00f3n de destino.<\/p>\n\n\n\n<p>\u2022 Propuesta de plan de trabajo acad\u00e9mico.<\/p>\n\n\n\n<p>\u00b7 Plan de trabajo institucional que garantice la continuidad de las actividades del docente durante la movilidad<\/p>\n\n\n\n<p>\u2022 Hoja de vida actualizada.<\/p>\n\n\n\n<p>\u2022 Copia del pasaporte vigente.<\/p>\n\n\n\n<p>\u2022 Copia del contrato laboral con la Universidad.<\/p>\n\n\n\n<p>(Otros requisitos y detalles se encuentran en la convocatoria completa).<\/p>\n\n\n\n<h2 class=\"wp-block-heading\"><strong>Cronograma<\/strong><\/h2>\n\n\n\n<figure class=\"wp-block-table\"><table class=\"has-fixed-layout\"><tbody><tr><td class=\"has-text-align-center\" data-align=\"center\"><strong>Fecha<\/strong><\/td><td class=\"has-text-align-center\" data-align=\"center\"><strong>Proceso<\/strong><\/td><\/tr><tr><td class=\"has-text-align-center\" data-align=\"center\">&nbsp; &nbsp; 2 de mayo del 2026<\/td><td class=\"has-text-align-center\" data-align=\"center\">Plazo m\u00e1ximo para recepci\u00f3n de documentos por parte del responsable de Internacionalizaci\u00f3n, en el correo <a href=\"mailto:coordmovilidad@ucatolica.edu.co\">coordmovilidad@ucatolica.edu.co<\/a> con copia a <a href=\"mailto:movilidad@ucatolica.edu.co\">movilidad@ucatolica.edu.co<\/a><\/td><\/tr><tr><td class=\"has-text-align-center\" data-align=\"center\">Del 4 al 8 de mayo del 2026<\/td><td class=\"has-text-align-center\" data-align=\"center\">Selecci\u00f3n de candidatos por parte del Comit\u00e9 de Asuntos Profesorales<\/td><\/tr><tr><td class=\"has-text-align-center\" data-align=\"center\">19 de mayo del 2026<\/td><td class=\"has-text-align-center\" data-align=\"center\">Plazo m\u00e1ximo de env\u00edo de la postulaci\u00f3n por parte del docente a la Alianza Pac\u00edfico<\/td><\/tr><tr><td class=\"has-text-align-center\" data-align=\"center\">&nbsp; 16 de julio del 2026<\/td><td class=\"has-text-align-center\" data-align=\"center\">Publicaci\u00f3n lista final de aceptados por parte de la Plataforma de Movilidad Estudiantil y Acad\u00e9mica de la Alianza del Pac\u00edfico<\/td><\/tr><\/tbody><\/table><\/figure>\n\n\n\n<p>Con esta convocatoria, la Universidad Cat\u00f3lica de Colombia contin\u00faa fortaleciendo su compromiso con la internacionalizaci\u00f3n, promoviendo oportunidades que enriquecen la experiencia acad\u00e9mica de sus docentes y consolidan su proyecci\u00f3n global.<\/p>\n\n\n\n<p><em>*<strong>Nota<\/strong>: Se priorizar\u00e1n las postulaciones de docentes que no hayan participado previamente en convocatorias institucionales de movilidad acad\u00e9mica. Asimismo, no se considerar\u00e1n postulaciones de docentes que se encuentren participando en convocatorias de movilidad vigentes.<\/em><\/p>\n\n\n\n<p><\/p>\n","protected":false},"excerpt":{"rendered":"<p>La Universidad Cat\u00f3lica de Colombia, a trav\u00e9s de la Oficina de Relaciones Internacionales e Interinstitucionales (ORII), invita a su comunidad de profesores a participar en la XVII Convocatoria 2026 del Programa Plataforma de Movilidad Estudiantil y Acad\u00e9mica de la Alianza del Pac\u00edfico. Esta iniciativa brinda la oportunidad de acceder a becas de movilidad acad\u00e9mica para [&hellip;]<\/p>\n","protected":false},"author":65,"featured_media":133216,"comment_status":"closed","ping_status":"closed","sticky":false,"template":"","format":"standard","meta":{"_acf_changed":false,"advgb_blocks_editor_width":"","advgb_blocks_columns_visual_guide":"","footnotes":""},"categories":[93],"tags":[1409,1192,479],"class_list":["post-132707","post","type-post","status-publish","format-standard","has-post-thumbnail","hentry","category-noticias-principales","tag-internacinalizacion","tag-movilidad","tag-orii"],"acf":[],"yoast_head":"<!-- This site is optimized with the Yoast SEO plugin v26.7 - https:\/\/yoast.com\/wordpress\/plugins\/seo\/ -->\n<title>Convocatoria docente: movilidad acad\u00e9mica en el marco de la Alianza del Pac\u00edfico 2026 - Universidad Cat\u00f3lica De Colombia<\/title>\n<meta name=\"robots\" content=\"index, follow, max-snippet:-1, max-image-preview:large, max-video-preview:-1\" \/>\n<link rel=\"canonical\" href=\"https:\/\/www.ucatolica.edu.co\/portal\/convocatoria-docente-movilidad-academica-en-el-marco-de-la-alianza-del-pacifico-2026\/\" \/>\n<meta property=\"og:locale\" content=\"es_ES\" \/>\n<meta property=\"og:type\" content=\"article\" \/>\n<meta property=\"og:title\" content=\"Convocatoria docente: movilidad acad\u00e9mica en el marco de la Alianza del Pac\u00edfico 2026 - Universidad Cat\u00f3lica De Colombia\" \/>\n<meta property=\"og:description\" content=\"La Universidad Cat\u00f3lica de Colombia, a trav\u00e9s de la Oficina de Relaciones Internacionales e Interinstitucionales (ORII), invita a su comunidad de profesores a participar en la XVII Convocatoria 2026 del Programa Plataforma de Movilidad Estudiantil y Acad\u00e9mica de la Alianza del Pac\u00edfico. Esta iniciativa brinda la oportunidad de acceder a becas de movilidad acad\u00e9mica para [&hellip;]\" \/>\n<meta property=\"og:url\" content=\"https:\/\/www.ucatolica.edu.co\/portal\/convocatoria-docente-movilidad-academica-en-el-marco-de-la-alianza-del-pacifico-2026\/\" \/>\n<meta property=\"og:site_name\" content=\"Universidad Cat\u00f3lica De Colombia\" \/>\n<meta property=\"article:publisher\" content=\"https:\/\/www.facebook.com\/ucatolicacolombia\" \/>\n<meta property=\"article:published_time\" content=\"2026-04-27T21:20:57+00:00\" \/>\n<meta property=\"article:modified_time\" content=\"2026-04-27T21:20:58+00:00\" \/>\n<meta property=\"og:image\" content=\"https:\/\/www.ucatolica.edu.co\/portal\/wp-content\/uploads\/2026\/04\/OP5821-AlianzaPacifico-Noticia.jpg\" \/>\n\t<meta property=\"og:image:width\" content=\"870\" \/>\n\t<meta property=\"og:image:height\" content=\"522\" \/>\n\t<meta property=\"og:image:type\" content=\"image\/jpeg\" \/>\n<meta name=\"author\" content=\"Juan Jos\u00e9 Franco\" \/>\n<meta name=\"twitter:card\" content=\"summary_large_image\" \/>\n<meta name=\"twitter:creator\" content=\"@UCatolicaCol\" \/>\n<meta name=\"twitter:site\" content=\"@UCatolicaCol\" \/>\n<meta name=\"twitter:label1\" content=\"Escrito por\" \/>\n\t<meta name=\"twitter:data1\" content=\"Juan Jos\u00e9 Franco\" \/>\n\t<meta name=\"twitter:label2\" content=\"Tiempo de lectura\" \/>\n\t<meta name=\"twitter:data2\" content=\"4 minutos\" \/>\n<script type=\"application\/ld+json\" class=\"yoast-schema-graph\">{\"@context\":\"https:\/\/schema.org\",\"@graph\":[{\"@type\":\"Article\",\"@id\":\"https:\/\/www.ucatolica.edu.co\/portal\/convocatoria-docente-movilidad-academica-en-el-marco-de-la-alianza-del-pacifico-2026\/#article\",\"isPartOf\":{\"@id\":\"https:\/\/www.ucatolica.edu.co\/portal\/convocatoria-docente-movilidad-academica-en-el-marco-de-la-alianza-del-pacifico-2026\/\"},\"author\":{\"name\":\"Juan Jos\u00e9 Franco\",\"@id\":\"https:\/\/www.ucatolica.edu.co\/portal\/#\/schema\/person\/2fe10d3836c8b18a520cbf458d96a728\"},\"headline\":\"Convocatoria docente: movilidad acad\u00e9mica en el marco de la Alianza del Pac\u00edfico 2026\",\"datePublished\":\"2026-04-27T21:20:57+00:00\",\"dateModified\":\"2026-04-27T21:20:58+00:00\",\"mainEntityOfPage\":{\"@id\":\"https:\/\/www.ucatolica.edu.co\/portal\/convocatoria-docente-movilidad-academica-en-el-marco-de-la-alianza-del-pacifico-2026\/\"},\"wordCount\":734,\"publisher\":{\"@id\":\"https:\/\/www.ucatolica.edu.co\/portal\/#organization\"},\"image\":{\"@id\":\"https:\/\/www.ucatolica.edu.co\/portal\/convocatoria-docente-movilidad-academica-en-el-marco-de-la-alianza-del-pacifico-2026\/#primaryimage\"},\"thumbnailUrl\":\"https:\/\/www.ucatolica.edu.co\/portal\/wp-content\/uploads\/2026\/04\/OP5821-AlianzaPacifico-Noticia.jpg\",\"keywords\":[\"Internacinalizaci\u00f3n\",\"Movilidad\",\"ORII\"],\"articleSection\":[\"Noticias Principales\"],\"inLanguage\":\"es-CO\"},{\"@type\":\"WebPage\",\"@id\":\"https:\/\/www.ucatolica.edu.co\/portal\/convocatoria-docente-movilidad-academica-en-el-marco-de-la-alianza-del-pacifico-2026\/\",\"url\":\"https:\/\/www.ucatolica.edu.co\/portal\/convocatoria-docente-movilidad-academica-en-el-marco-de-la-alianza-del-pacifico-2026\/\",\"name\":\"Convocatoria docente: movilidad acad\u00e9mica en el marco de la Alianza del Pac\u00edfico 2026 - Universidad Cat\u00f3lica De Colombia\",\"isPartOf\":{\"@id\":\"https:\/\/www.ucatolica.edu.co\/portal\/#website\"},\"primaryImageOfPage\":{\"@id\":\"https:\/\/www.ucatolica.edu.co\/portal\/convocatoria-docente-movilidad-academica-en-el-marco-de-la-alianza-del-pacifico-2026\/#primaryimage\"},\"image\":{\"@id\":\"https:\/\/www.ucatolica.edu.co\/portal\/convocatoria-docente-movilidad-academica-en-el-marco-de-la-alianza-del-pacifico-2026\/#primaryimage\"},\"thumbnailUrl\":\"https:\/\/www.ucatolica.edu.co\/portal\/wp-content\/uploads\/2026\/04\/OP5821-AlianzaPacifico-Noticia.jpg\",\"datePublished\":\"2026-04-27T21:20:57+00:00\",\"dateModified\":\"2026-04-27T21:20:58+00:00\",\"breadcrumb\":{\"@id\":\"https:\/\/www.ucatolica.edu.co\/portal\/convocatoria-docente-movilidad-academica-en-el-marco-de-la-alianza-del-pacifico-2026\/#breadcrumb\"},\"inLanguage\":\"es-CO\",\"potentialAction\":[{\"@type\":\"ReadAction\",\"target\":[\"https:\/\/www.ucatolica.edu.co\/portal\/convocatoria-docente-movilidad-academica-en-el-marco-de-la-alianza-del-pacifico-2026\/\"]}]},{\"@type\":\"ImageObject\",\"inLanguage\":\"es-CO\",\"@id\":\"https:\/\/www.ucatolica.edu.co\/portal\/convocatoria-docente-movilidad-academica-en-el-marco-de-la-alianza-del-pacifico-2026\/#primaryimage\",\"url\":\"https:\/\/www.ucatolica.edu.co\/portal\/wp-content\/uploads\/2026\/04\/OP5821-AlianzaPacifico-Noticia.jpg\",\"contentUrl\":\"https:\/\/www.ucatolica.edu.co\/portal\/wp-content\/uploads\/2026\/04\/OP5821-AlianzaPacifico-Noticia.jpg\",\"width\":870,\"height\":522},{\"@type\":\"BreadcrumbList\",\"@id\":\"https:\/\/www.ucatolica.edu.co\/portal\/convocatoria-docente-movilidad-academica-en-el-marco-de-la-alianza-del-pacifico-2026\/#breadcrumb\",\"itemListElement\":[{\"@type\":\"ListItem\",\"position\":1,\"name\":\"Inicio\",\"item\":\"https:\/\/www.ucatolica.edu.co\/portal\/\"},{\"@type\":\"ListItem\",\"position\":2,\"name\":\"Convocatoria docente: movilidad acad\u00e9mica en el marco de la Alianza del Pac\u00edfico 2026\"}]},{\"@type\":\"WebSite\",\"@id\":\"https:\/\/www.ucatolica.edu.co\/portal\/#website\",\"url\":\"https:\/\/www.ucatolica.edu.co\/portal\/\",\"name\":\"Universidad Cat\u00f3lica De Colombia\",\"description\":\"Universidad Cat\u00f3lica De Colombia\",\"publisher\":{\"@id\":\"https:\/\/www.ucatolica.edu.co\/portal\/#organization\"},\"potentialAction\":[{\"@type\":\"SearchAction\",\"target\":{\"@type\":\"EntryPoint\",\"urlTemplate\":\"https:\/\/www.ucatolica.edu.co\/portal\/?s={search_term_string}\"},\"query-input\":{\"@type\":\"PropertyValueSpecification\",\"valueRequired\":true,\"valueName\":\"search_term_string\"}}],\"inLanguage\":\"es-CO\"},{\"@type\":\"Organization\",\"@id\":\"https:\/\/www.ucatolica.edu.co\/portal\/#organization\",\"name\":\"Universidad Cat\u00f3lica de Colombia\",\"url\":\"https:\/\/www.ucatolica.edu.co\/portal\/\",\"logo\":{\"@type\":\"ImageObject\",\"inLanguage\":\"es-CO\",\"@id\":\"https:\/\/www.ucatolica.edu.co\/portal\/#\/schema\/logo\/image\/\",\"url\":\"https:\/\/www.ucatolica.edu.co\/portal\/wp-content\/uploads\/2021\/06\/logo-header-ho-1.svg\",\"contentUrl\":\"https:\/\/www.ucatolica.edu.co\/portal\/wp-content\/uploads\/2021\/06\/logo-header-ho-1.svg\",\"width\":1,\"height\":1,\"caption\":\"Universidad Cat\u00f3lica de Colombia\"},\"image\":{\"@id\":\"https:\/\/www.ucatolica.edu.co\/portal\/#\/schema\/logo\/image\/\"},\"sameAs\":[\"https:\/\/www.facebook.com\/ucatolicacolombia\",\"https:\/\/x.com\/UCatolicaCol\",\"https:\/\/www.instagram.com\/universidadcatolicadecolombia\/\",\"https:\/\/www.linkedin.com\/company\/universidadcatolicadecolombia\/\",\"https:\/\/www.youtube.com\/user\/UCatolicaCo\"]},{\"@type\":\"Person\",\"@id\":\"https:\/\/www.ucatolica.edu.co\/portal\/#\/schema\/person\/2fe10d3836c8b18a520cbf458d96a728\",\"name\":\"Juan Jos\u00e9 Franco\",\"url\":\"https:\/\/www.ucatolica.edu.co\/portal\/author\/juan\/\"}]}<\/script>\n<!-- \/ Yoast SEO plugin. -->","yoast_head_json":{"title":"Convocatoria docente: movilidad acad\u00e9mica en el marco de la Alianza del Pac\u00edfico 2026 - Universidad Cat\u00f3lica De Colombia","robots":{"index":"index","follow":"follow","max-snippet":"max-snippet:-1","max-image-preview":"max-image-preview:large","max-video-preview":"max-video-preview:-1"},"canonical":"https:\/\/www.ucatolica.edu.co\/portal\/convocatoria-docente-movilidad-academica-en-el-marco-de-la-alianza-del-pacifico-2026\/","og_locale":"es_ES","og_type":"article","og_title":"Convocatoria docente: movilidad acad\u00e9mica en el marco de la Alianza del Pac\u00edfico 2026 - Universidad Cat\u00f3lica De Colombia","og_description":"La Universidad Cat\u00f3lica de Colombia, a trav\u00e9s de la Oficina de Relaciones Internacionales e Interinstitucionales (ORII), invita a su comunidad de profesores a participar en la XVII Convocatoria 2026 del Programa Plataforma de Movilidad Estudiantil y Acad\u00e9mica de la Alianza del Pac\u00edfico. Esta iniciativa brinda la oportunidad de acceder a becas de movilidad acad\u00e9mica para [&hellip;]","og_url":"https:\/\/www.ucatolica.edu.co\/portal\/convocatoria-docente-movilidad-academica-en-el-marco-de-la-alianza-del-pacifico-2026\/","og_site_name":"Universidad Cat\u00f3lica De Colombia","article_publisher":"https:\/\/www.facebook.com\/ucatolicacolombia","article_published_time":"2026-04-27T21:20:57+00:00","article_modified_time":"2026-04-27T21:20:58+00:00","og_image":[{"width":870,"height":522,"url":"https:\/\/www.ucatolica.edu.co\/portal\/wp-content\/uploads\/2026\/04\/OP5821-AlianzaPacifico-Noticia.jpg","type":"image\/jpeg"}],"author":"Juan Jos\u00e9 Franco","twitter_card":"summary_large_image","twitter_creator":"@UCatolicaCol","twitter_site":"@UCatolicaCol","twitter_misc":{"Escrito por":"Juan Jos\u00e9 Franco","Tiempo de lectura":"4 minutos"},"schema":{"@context":"https:\/\/schema.org","@graph":[{"@type":"Article","@id":"https:\/\/www.ucatolica.edu.co\/portal\/convocatoria-docente-movilidad-academica-en-el-marco-de-la-alianza-del-pacifico-2026\/#article","isPartOf":{"@id":"https:\/\/www.ucatolica.edu.co\/portal\/convocatoria-docente-movilidad-academica-en-el-marco-de-la-alianza-del-pacifico-2026\/"},"author":{"name":"Juan Jos\u00e9 Franco","@id":"https:\/\/www.ucatolica.edu.co\/portal\/#\/schema\/person\/2fe10d3836c8b18a520cbf458d96a728"},"headline":"Convocatoria docente: movilidad acad\u00e9mica en el marco de la Alianza del Pac\u00edfico 2026","datePublished":"2026-04-27T21:20:57+00:00","dateModified":"2026-04-27T21:20:58+00:00","mainEntityOfPage":{"@id":"https:\/\/www.ucatolica.edu.co\/portal\/convocatoria-docente-movilidad-academica-en-el-marco-de-la-alianza-del-pacifico-2026\/"},"wordCount":734,"publisher":{"@id":"https:\/\/www.ucatolica.edu.co\/portal\/#organization"},"image":{"@id":"https:\/\/www.ucatolica.edu.co\/portal\/convocatoria-docente-movilidad-academica-en-el-marco-de-la-alianza-del-pacifico-2026\/#primaryimage"},"thumbnailUrl":"https:\/\/www.ucatolica.edu.co\/portal\/wp-content\/uploads\/2026\/04\/OP5821-AlianzaPacifico-Noticia.jpg","keywords":["Internacinalizaci\u00f3n","Movilidad","ORII"],"articleSection":["Noticias Principales"],"inLanguage":"es-CO"},{"@type":"WebPage","@id":"https:\/\/www.ucatolica.edu.co\/portal\/convocatoria-docente-movilidad-academica-en-el-marco-de-la-alianza-del-pacifico-2026\/","url":"https:\/\/www.ucatolica.edu.co\/portal\/convocatoria-docente-movilidad-academica-en-el-marco-de-la-alianza-del-pacifico-2026\/","name":"Convocatoria docente: movilidad acad\u00e9mica en el marco de la Alianza del Pac\u00edfico 2026 - Universidad Cat\u00f3lica De Colombia","isPartOf":{"@id":"https:\/\/www.ucatolica.edu.co\/portal\/#website"},"primaryImageOfPage":{"@id":"https:\/\/www.ucatolica.edu.co\/portal\/convocatoria-docente-movilidad-academica-en-el-marco-de-la-alianza-del-pacifico-2026\/#primaryimage"},"image":{"@id":"https:\/\/www.ucatolica.edu.co\/portal\/convocatoria-docente-movilidad-academica-en-el-marco-de-la-alianza-del-pacifico-2026\/#primaryimage"},"thumbnailUrl":"https:\/\/www.ucatolica.edu.co\/portal\/wp-content\/uploads\/2026\/04\/OP5821-AlianzaPacifico-Noticia.jpg","datePublished":"2026-04-27T21:20:57+00:00","dateModified":"2026-04-27T21:20:58+00:00","breadcrumb":{"@id":"https:\/\/www.ucatolica.edu.co\/portal\/convocatoria-docente-movilidad-academica-en-el-marco-de-la-alianza-del-pacifico-2026\/#breadcrumb"},"inLanguage":"es-CO","potentialAction":[{"@type":"ReadAction","target":["https:\/\/www.ucatolica.edu.co\/portal\/convocatoria-docente-movilidad-academica-en-el-marco-de-la-alianza-del-pacifico-2026\/"]}]},{"@type":"ImageObject","inLanguage":"es-CO","@id":"https:\/\/www.ucatolica.edu.co\/portal\/convocatoria-docente-movilidad-academica-en-el-marco-de-la-alianza-del-pacifico-2026\/#primaryimage","url":"https:\/\/www.ucatolica.edu.co\/portal\/wp-content\/uploads\/2026\/04\/OP5821-AlianzaPacifico-Noticia.jpg","contentUrl":"https:\/\/www.ucatolica.edu.co\/portal\/wp-content\/uploads\/2026\/04\/OP5821-AlianzaPacifico-Noticia.jpg","width":870,"height":522},{"@type":"BreadcrumbList","@id":"https:\/\/www.ucatolica.edu.co\/portal\/convocatoria-docente-movilidad-academica-en-el-marco-de-la-alianza-del-pacifico-2026\/#breadcrumb","itemListElement":[{"@type":"ListItem","position":1,"name":"Inicio","item":"https:\/\/www.ucatolica.edu.co\/portal\/"},{"@type":"ListItem","position":2,"name":"Convocatoria docente: movilidad acad\u00e9mica en el marco de la Alianza del Pac\u00edfico 2026"}]},{"@type":"WebSite","@id":"https:\/\/www.ucatolica.edu.co\/portal\/#website","url":"https:\/\/www.ucatolica.edu.co\/portal\/","name":"Universidad Cat\u00f3lica De Colombia","description":"Universidad Cat\u00f3lica De Colombia","publisher":{"@id":"https:\/\/www.ucatolica.edu.co\/portal\/#organization"},"potentialAction":[{"@type":"SearchAction","target":{"@type":"EntryPoint","urlTemplate":"https:\/\/www.ucatolica.edu.co\/portal\/?s={search_term_string}"},"query-input":{"@type":"PropertyValueSpecification","valueRequired":true,"valueName":"search_term_string"}}],"inLanguage":"es-CO"},{"@type":"Organization","@id":"https:\/\/www.ucatolica.edu.co\/portal\/#organization","name":"Universidad Cat\u00f3lica de Colombia","url":"https:\/\/www.ucatolica.edu.co\/portal\/","logo":{"@type":"ImageObject","inLanguage":"es-CO","@id":"https:\/\/www.ucatolica.edu.co\/portal\/#\/schema\/logo\/image\/","url":"https:\/\/www.ucatolica.edu.co\/portal\/wp-content\/uploads\/2021\/06\/logo-header-ho-1.svg","contentUrl":"https:\/\/www.ucatolica.edu.co\/portal\/wp-content\/uploads\/2021\/06\/logo-header-ho-1.svg","width":1,"height":1,"caption":"Universidad Cat\u00f3lica de Colombia"},"image":{"@id":"https:\/\/www.ucatolica.edu.co\/portal\/#\/schema\/logo\/image\/"},"sameAs":["https:\/\/www.facebook.com\/ucatolicacolombia","https:\/\/x.com\/UCatolicaCol","https:\/\/www.instagram.com\/universidadcatolicadecolombia\/","https:\/\/www.linkedin.com\/company\/universidadcatolicadecolombia\/","https:\/\/www.youtube.com\/user\/UCatolicaCo"]},{"@type":"Person","@id":"https:\/\/www.ucatolica.edu.co\/portal\/#\/schema\/person\/2fe10d3836c8b18a520cbf458d96a728","name":"Juan Jos\u00e9 Franco","url":"https:\/\/www.ucatolica.edu.co\/portal\/author\/juan\/"}]}},"author_meta":{"display_name":"Juan Jos\u00e9 Franco","author_link":"https:\/\/www.ucatolica.edu.co\/portal\/author\/juan\/"},"featured_img":"https:\/\/www.ucatolica.edu.co\/portal\/wp-content\/uploads\/2026\/04\/OP5821-AlianzaPacifico-Noticia.jpg","coauthors":[],"tax_additional":{"categories":{"linked":["<a href=\"https:\/\/www.ucatolica.edu.co\/portal\/category\/noticias-principales\/\" class=\"advgb-post-tax-term\">Noticias Principales<\/a>"],"unlinked":["<span class=\"advgb-post-tax-term\">Noticias Principales<\/span>"]},"tags":{"linked":["<a href=\"https:\/\/www.ucatolica.edu.co\/portal\/category\/noticias-principales\/\" class=\"advgb-post-tax-term\">Internacinalizaci\u00f3n<\/a>","<a href=\"https:\/\/www.ucatolica.edu.co\/portal\/category\/noticias-principales\/\" class=\"advgb-post-tax-term\">Movilidad<\/a>","<a href=\"https:\/\/www.ucatolica.edu.co\/portal\/category\/noticias-principales\/\" class=\"advgb-post-tax-term\">ORII<\/a>"],"unlinked":["<span class=\"advgb-post-tax-term\">Internacinalizaci\u00f3n<\/span>","<span class=\"advgb-post-tax-term\">Movilidad<\/span>","<span class=\"advgb-post-tax-term\">ORII<\/span>"]}},"comment_count":"0","relative_dates":{"created":"Posted 8 horas ago","modified":"Updated 8 horas ago"},"absolute_dates":{"created":"Posted on 27 abril, 2026","modified":"Updated on 27 abril, 2026"},"absolute_dates_time":{"created":"Posted on 27 abril, 2026 4:20 pm","modified":"Updated on 27 abril, 2026 4:20 pm"},"featured_img_caption":"","series_order":"","_links":{"self":[{"href":"https:\/\/www.ucatolica.edu.co\/portal\/wp-json\/wp\/v2\/posts\/132707","targetHints":{"allow":["GET"]}}],"collection":[{"href":"https:\/\/www.ucatolica.edu.co\/portal\/wp-json\/wp\/v2\/posts"}],"about":[{"href":"https:\/\/www.ucatolica.edu.co\/portal\/wp-json\/wp\/v2\/types\/post"}],"author":[{"embeddable":true,"href":"https:\/\/www.ucatolica.edu.co\/portal\/wp-json\/wp\/v2\/users\/65"}],"replies":[{"embeddable":true,"href":"https:\/\/www.ucatolica.edu.co\/portal\/wp-json\/wp\/v2\/comments?post=132707"}],"version-history":[{"count":3,"href":"https:\/\/www.ucatolica.edu.co\/portal\/wp-json\/wp\/v2\/posts\/132707\/revisions"}],"predecessor-version":[{"id":133219,"href":"https:\/\/www.ucatolica.edu.co\/portal\/wp-json\/wp\/v2\/posts\/132707\/revisions\/133219"}],"wp:featuredmedia":[{"embeddable":true,"href":"https:\/\/www.ucatolica.edu.co\/portal\/wp-json\/wp\/v2\/media\/133216"}],"wp:attachment":[{"href":"https:\/\/www.ucatolica.edu.co\/portal\/wp-json\/wp\/v2\/media?parent=132707"}],"wp:term":[{"taxonomy":"category","embeddable":true,"href":"https:\/\/www.ucatolica.edu.co\/portal\/wp-json\/wp\/v2\/categories?post=132707"},{"taxonomy":"post_tag","embeddable":true,"href":"https:\/\/www.ucatolica.edu.co\/portal\/wp-json\/wp\/v2\/tags?post=132707"}],"curies":[{"name":"wp","href":"https:\/\/api.w.org\/{rel}","templated":true}]}}