{"id":133063,"date":"2026-03-31T16:58:00","date_gmt":"2026-03-31T21:58:00","guid":{"rendered":"https:\/\/www.ucatolica.edu.co\/portal\/?p=133063"},"modified":"2026-04-21T17:07:40","modified_gmt":"2026-04-21T22:07:40","slug":"como-entender-las-sanciones-penales-en-colombia-y-por-que-especializarse-en-sistema-penal-acusatorio-puede-marcar-la-diferencia","status":"publish","type":"post","link":"https:\/\/www.ucatolica.edu.co\/portal\/como-entender-las-sanciones-penales-en-colombia-y-por-que-especializarse-en-sistema-penal-acusatorio-puede-marcar-la-diferencia\/","title":{"rendered":"\u00bfC\u00f3mo entender las sanciones penales en Colombia y por qu\u00e9 especializarse en Sistema Penal Acusatorio puede marcar la diferencia?"},"content":{"rendered":"\n<p>Hablar de sanciones penales en Colombia no es solo hablar de c\u00e1rcel. Hoy, el debate jur\u00eddico va mucho m\u00e1s all\u00e1: se trata de entender si las penas realmente cumplen su funci\u00f3n, si ayudan a reparar a las v\u00edctimas y si contribuyen a construir una justicia m\u00e1s efectiva y humana.<\/p>\n\n\n\n<p>Este fue precisamente uno de los temas centrales de la conferencia virtual <em>\u201cSanciones propias, presente y futuro en el Derecho Penal\u201d<\/em>, desarrollada por la Facultad de Derecho de la Universidad Cat\u00f3lica de Colombia, un espacio acad\u00e9mico que permiti\u00f3 reflexionar sobre el presente y los retos del sistema penal colombiano.<\/p>\n\n\n\n<p>A partir de esta conversaci\u00f3n surge una pregunta clave para muchos profesionales del derecho: \u00bfc\u00f3mo prepararse para enfrentar estos nuevos desaf\u00edos del sistema judicial?<\/p>\n\n\n\n<p>La respuesta est\u00e1 en una formaci\u00f3n especializada, actualizada y conectada con la realidad jur\u00eddica del pa\u00eds, como la Universidad Cat\u00f3lica de Colombia ofrece a trav\u00e9s de su Especializaci\u00f3n en Sistema Penal Acusatorio (Virtual).<\/p>\n\n\n\n<h4 class=\"wp-block-heading\">\u00bfPara qu\u00e9 sirve realmente una sanci\u00f3n penal?<\/h4>\n\n\n\n<p>Durante la conferencia, uno de los principales cuestionamientos fue sobre la verdadera finalidad de la pena.<\/p>\n\n\n\n<p>\u201c\u00bfQu\u00e9 se busca con la sanci\u00f3n penal? \u00bfQu\u00e9 queremos de la sanci\u00f3n penal?\u201d, fue una de las reflexiones planteadas por el conferencista durante el encuentro.<\/p>\n\n\n\n<p>Tradicionalmente, se habla de tres grandes objetivos: retribuci\u00f3n, prevenci\u00f3n y resocializaci\u00f3n. Sin embargo, en la pr\u00e1ctica, estos fines no siempre se cumplen de manera efectiva.<\/p>\n\n\n\n<p>La discusi\u00f3n actual se centra en si el sistema penal debe seguir enfocado principalmente en castigar o si debe avanzar hacia modelos que prioricen la reparaci\u00f3n del da\u00f1o y la no repetici\u00f3n.<\/p>\n\n\n\n<h4 class=\"wp-block-heading\">\u00bfLa c\u00e1rcel sigue siendo la mejor respuesta del sistema penal?<\/h4>\n\n\n\n<p>Uno de los puntos m\u00e1s relevantes del debate fue la crisis del modelo penitenciario.<\/p>\n\n\n\n<p>\u201cLa crisis de las penas gira en torno a la insuficiencia y costos de centros de reclusi\u00f3n\u201d, se destac\u00f3 durante la conferencia.<\/p>\n\n\n\n<p>Esto abre una discusi\u00f3n profunda sobre la privaci\u00f3n de la libertad como \u00fanica respuesta frente al delito. La sobrepoblaci\u00f3n carcelaria, los altos costos del sistema y las limitaciones en los procesos de resocializaci\u00f3n obligan a repensar el papel de la sanci\u00f3n penal en Colombia.<\/p>\n\n\n\n<p>Por eso, hoy los abogados penalistas necesitan una visi\u00f3n mucho m\u00e1s amplia, cr\u00edtica y estrat\u00e9gica del sistema acusatorio.<\/p>\n\n\n\n<h4 class=\"wp-block-heading\">\u00bfQu\u00e9 es la justicia restaurativa y por qu\u00e9 est\u00e1 tomando fuerza?<\/h4>\n\n\n\n<p>Frente a las limitaciones del modelo tradicional, han surgido nuevas alternativas como la justicia restaurativa y las llamadas sanciones propias en escenarios de justicia transicional.<\/p>\n\n\n\n<p>\u201cHace \u00e9nfasis en reparar, en dar verdad a las v\u00edctimas y en no reincidir\u201d, se explic\u00f3 durante la conferencia.<\/p>\n\n\n\n<p>Este enfoque busca que la sanci\u00f3n no se limite al castigo, sino que tambi\u00e9n permita reconstruir el tejido social, reconocer a las v\u00edctimas y generar procesos reales de transformaci\u00f3n.<\/p>\n\n\n\n<p>Comprender estos nuevos modelos es fundamental para quienes trabajan o desean proyectarse en el \u00e1mbito penal.<\/p>\n\n\n\n<h4 class=\"wp-block-heading\">\u00bfPor qu\u00e9 estudiar una Especializaci\u00f3n en Sistema Penal Acusatorio?<\/h4>\n\n\n\n<p>Porque el sistema penal colombiano exige profesionales capaces de interpretar la norma, pero tambi\u00e9n de cuestionarla y transformarla.<\/p>\n\n\n\n<p><strong><a href=\"https:\/\/www.ucatolica.edu.co\/portal\/Especializacion\/especializacion-en-sistema-penal-acusatorio-virtual\/\" target=\"_blank\" rel=\"noreferrer noopener\">La Especializaci\u00f3n en Sistema Penal Acusatorio<\/a> <\/strong>de la Universidad Cat\u00f3lica de Colombia est\u00e1 dise\u00f1ada precisamente para eso: formar especialistas con una visi\u00f3n integral del proceso penal, el debido proceso, los derechos fundamentales y los nuevos retos del litigio contempor\u00e1neo.<\/p>\n\n\n\n<p>Es adem\u00e1s un programa \u00fanico, enfocado exclusivamente en el Sistema Penal Acusatorio colombiano y en el modelo de procesamiento penal adoptado en el pa\u00eds. Tiene modalidad virtual, duraci\u00f3n de dos periodos acad\u00e9micos y otorga el t\u00edtulo de Especialista en Sistema Penal Acusatorio.<\/p>\n\n\n\n<h4 class=\"wp-block-heading\">\u00bfPor qu\u00e9 la Universidad Cat\u00f3lica de Colombia es una gran opci\u00f3n para este posgrado?<\/h4>\n\n\n\n<p>Porque no se trata solo de estudiar una especializaci\u00f3n, sino de hacerlo en una instituci\u00f3n con trayectoria, reconocimiento acad\u00e9mico y una Facultad de Derecho con alto prestigio nacional e internacional.<\/p>\n\n\n\n<p>La Universidad cuenta con una s\u00f3lida tradici\u00f3n en formaci\u00f3n jur\u00eddica, una planta docente altamente calificada y espacios acad\u00e9micos permanentes como conferencias, seminarios e investigaciones que conectan la teor\u00eda con la realidad judicial del pa\u00eds.<\/p>\n\n\n\n<p>Aqu\u00ed, los profesores no solo ense\u00f1an desde el aula: son investigadores, litigantes, consultores y expertos que conocen de primera mano los desaf\u00edos del sistema penal colombiano.<\/p>\n\n\n\n<p>Adem\u00e1s, la modalidad virtual permite que profesionales de distintas regiones del pa\u00eds puedan acceder a una formaci\u00f3n de alta calidad sin dejar de lado sus responsabilidades laborales.<\/p>\n\n\n\n<h4 class=\"wp-block-heading\">\u00bfQu\u00e9 perfil profesional fortalece esta especializaci\u00f3n?<\/h4>\n\n\n\n<p>Este posgrado est\u00e1 pensado para abogados que buscan fortalecer su ejercicio profesional en \u00e1reas como:<\/p>\n\n\n\n<ul class=\"wp-block-list\">\n<li>Litigio penal<\/li>\n\n\n\n<li>Fiscal\u00eda y defensa<\/li>\n\n\n\n<li>Funci\u00f3n judicial<\/li>\n\n\n\n<li>Consultor\u00eda jur\u00eddica<\/li>\n\n\n\n<li>Derecho penal empresarial<\/li>\n\n\n\n<li>Justicia transicional<\/li>\n\n\n\n<li>Derechos humanos<\/li>\n\n\n\n<li>Sistema acusatorio y oralidad procesal<\/li>\n<\/ul>\n\n\n\n<p>En un entorno donde las reformas penales son constantes, especializarse ya no es una opci\u00f3n complementaria: es una verdadera ventaja competitiva.<\/p>\n\n\n\n<p>Conoce m\u00e1s sobre la <a href=\"https:\/\/www.ucatolica.edu.co\/portal\/Especializacion\/especializacion-en-sistema-penal-acusatorio-virtual\/\" target=\"_blank\" rel=\"noreferrer noopener\">Especializaci\u00f3n en Sistema Penal Acusatorio (Virtual)<\/a> y da el siguiente paso en tu desarrollo profesional con la Universidad Cat\u00f3lica de Colombia.<\/p>\n\n\n\n<p><\/p>\n","protected":false},"excerpt":{"rendered":"<p>Hablar de sanciones penales en Colombia no es solo hablar de c\u00e1rcel. Hoy, el debate jur\u00eddico va mucho m\u00e1s all\u00e1: se trata de entender si las penas realmente cumplen su funci\u00f3n, si ayudan a reparar a las v\u00edctimas y si contribuyen a construir una justicia m\u00e1s efectiva y humana. Este fue precisamente uno de los [&hellip;]<\/p>\n","protected":false},"author":4,"featured_media":133060,"comment_status":"closed","ping_status":"closed","sticky":false,"template":"","format":"standard","meta":{"_acf_changed":false,"advgb_blocks_editor_width":"","advgb_blocks_columns_visual_guide":"","footnotes":""},"categories":[93],"tags":[3495,3497,3494,3496,2257],"class_list":["post-133063","post","type-post","status-publish","format-standard","has-post-thumbnail","hentry","category-noticias-principales","tag-realidad-juridica","tag-reformas-penales","tag-sanciones-penales","tag-sistema-acusatorio","tag-sistema-penal-acusatorio"],"acf":[],"yoast_head":"<!-- This site is optimized with the Yoast SEO plugin v26.7 - https:\/\/yoast.com\/wordpress\/plugins\/seo\/ -->\n<title>\u00bfC\u00f3mo entender las sanciones penales en Colombia y por qu\u00e9 especializarse en Sistema Penal Acusatorio puede marcar la diferencia? - Universidad Cat\u00f3lica De Colombia<\/title>\n<meta name=\"robots\" content=\"index, follow, max-snippet:-1, max-image-preview:large, max-video-preview:-1\" \/>\n<link rel=\"canonical\" href=\"https:\/\/www.ucatolica.edu.co\/portal\/como-entender-las-sanciones-penales-en-colombia-y-por-que-especializarse-en-sistema-penal-acusatorio-puede-marcar-la-diferencia\/\" \/>\n<meta property=\"og:locale\" content=\"es_ES\" \/>\n<meta property=\"og:type\" content=\"article\" \/>\n<meta property=\"og:title\" content=\"\u00bfC\u00f3mo entender las sanciones penales en Colombia y por qu\u00e9 especializarse en Sistema Penal Acusatorio puede marcar la diferencia? - Universidad Cat\u00f3lica De Colombia\" \/>\n<meta property=\"og:description\" content=\"Hablar de sanciones penales en Colombia no es solo hablar de c\u00e1rcel. Hoy, el debate jur\u00eddico va mucho m\u00e1s all\u00e1: se trata de entender si las penas realmente cumplen su funci\u00f3n, si ayudan a reparar a las v\u00edctimas y si contribuyen a construir una justicia m\u00e1s efectiva y humana. Este fue precisamente uno de los [&hellip;]\" \/>\n<meta property=\"og:url\" content=\"https:\/\/www.ucatolica.edu.co\/portal\/como-entender-las-sanciones-penales-en-colombia-y-por-que-especializarse-en-sistema-penal-acusatorio-puede-marcar-la-diferencia\/\" \/>\n<meta property=\"og:site_name\" content=\"Universidad Cat\u00f3lica De Colombia\" \/>\n<meta property=\"article:publisher\" content=\"https:\/\/www.facebook.com\/ucatolicacolombia\" \/>\n<meta property=\"article:published_time\" content=\"2026-03-31T21:58:00+00:00\" \/>\n<meta property=\"article:modified_time\" content=\"2026-04-21T22:07:40+00:00\" \/>\n<meta property=\"og:image\" content=\"https:\/\/www.ucatolica.edu.co\/portal\/wp-content\/uploads\/2026\/04\/Noticia1.jpg\" \/>\n\t<meta property=\"og:image:width\" content=\"870\" \/>\n\t<meta property=\"og:image:height\" content=\"522\" \/>\n\t<meta property=\"og:image:type\" content=\"image\/jpeg\" \/>\n<meta name=\"author\" content=\"Cindy Lugo\" \/>\n<meta name=\"twitter:card\" content=\"summary_large_image\" \/>\n<meta name=\"twitter:creator\" content=\"@UCatolicaCol\" \/>\n<meta name=\"twitter:site\" content=\"@UCatolicaCol\" \/>\n<meta name=\"twitter:label1\" content=\"Escrito por\" \/>\n\t<meta name=\"twitter:data1\" content=\"Cindy Lugo\" \/>\n\t<meta name=\"twitter:label2\" content=\"Tiempo de lectura\" \/>\n\t<meta name=\"twitter:data2\" content=\"4 minutos\" \/>\n<script type=\"application\/ld+json\" class=\"yoast-schema-graph\">{\"@context\":\"https:\/\/schema.org\",\"@graph\":[{\"@type\":\"Article\",\"@id\":\"https:\/\/www.ucatolica.edu.co\/portal\/como-entender-las-sanciones-penales-en-colombia-y-por-que-especializarse-en-sistema-penal-acusatorio-puede-marcar-la-diferencia\/#article\",\"isPartOf\":{\"@id\":\"https:\/\/www.ucatolica.edu.co\/portal\/como-entender-las-sanciones-penales-en-colombia-y-por-que-especializarse-en-sistema-penal-acusatorio-puede-marcar-la-diferencia\/\"},\"author\":{\"name\":\"Cindy Lugo\",\"@id\":\"https:\/\/www.ucatolica.edu.co\/portal\/#\/schema\/person\/a7469afff252fba81c6cdc40c80f00b6\"},\"headline\":\"\u00bfC\u00f3mo entender las sanciones penales en Colombia y por qu\u00e9 especializarse en Sistema Penal Acusatorio puede marcar la diferencia?\",\"datePublished\":\"2026-03-31T21:58:00+00:00\",\"dateModified\":\"2026-04-21T22:07:40+00:00\",\"mainEntityOfPage\":{\"@id\":\"https:\/\/www.ucatolica.edu.co\/portal\/como-entender-las-sanciones-penales-en-colombia-y-por-que-especializarse-en-sistema-penal-acusatorio-puede-marcar-la-diferencia\/\"},\"wordCount\":898,\"publisher\":{\"@id\":\"https:\/\/www.ucatolica.edu.co\/portal\/#organization\"},\"image\":{\"@id\":\"https:\/\/www.ucatolica.edu.co\/portal\/como-entender-las-sanciones-penales-en-colombia-y-por-que-especializarse-en-sistema-penal-acusatorio-puede-marcar-la-diferencia\/#primaryimage\"},\"thumbnailUrl\":\"https:\/\/www.ucatolica.edu.co\/portal\/wp-content\/uploads\/2026\/04\/Noticia1.jpg\",\"keywords\":[\"Realidad jur\u00eddica\",\"Reformas penales\",\"Sanciones penales\",\"Sistema acusatorio\",\"Sistema Penal Acusatorio\"],\"articleSection\":[\"Noticias Principales\"],\"inLanguage\":\"es-CO\"},{\"@type\":\"WebPage\",\"@id\":\"https:\/\/www.ucatolica.edu.co\/portal\/como-entender-las-sanciones-penales-en-colombia-y-por-que-especializarse-en-sistema-penal-acusatorio-puede-marcar-la-diferencia\/\",\"url\":\"https:\/\/www.ucatolica.edu.co\/portal\/como-entender-las-sanciones-penales-en-colombia-y-por-que-especializarse-en-sistema-penal-acusatorio-puede-marcar-la-diferencia\/\",\"name\":\"\u00bfC\u00f3mo entender las sanciones penales en Colombia y por qu\u00e9 especializarse en Sistema Penal Acusatorio puede marcar la diferencia? - Universidad Cat\u00f3lica De Colombia\",\"isPartOf\":{\"@id\":\"https:\/\/www.ucatolica.edu.co\/portal\/#website\"},\"primaryImageOfPage\":{\"@id\":\"https:\/\/www.ucatolica.edu.co\/portal\/como-entender-las-sanciones-penales-en-colombia-y-por-que-especializarse-en-sistema-penal-acusatorio-puede-marcar-la-diferencia\/#primaryimage\"},\"image\":{\"@id\":\"https:\/\/www.ucatolica.edu.co\/portal\/como-entender-las-sanciones-penales-en-colombia-y-por-que-especializarse-en-sistema-penal-acusatorio-puede-marcar-la-diferencia\/#primaryimage\"},\"thumbnailUrl\":\"https:\/\/www.ucatolica.edu.co\/portal\/wp-content\/uploads\/2026\/04\/Noticia1.jpg\",\"datePublished\":\"2026-03-31T21:58:00+00:00\",\"dateModified\":\"2026-04-21T22:07:40+00:00\",\"breadcrumb\":{\"@id\":\"https:\/\/www.ucatolica.edu.co\/portal\/como-entender-las-sanciones-penales-en-colombia-y-por-que-especializarse-en-sistema-penal-acusatorio-puede-marcar-la-diferencia\/#breadcrumb\"},\"inLanguage\":\"es-CO\",\"potentialAction\":[{\"@type\":\"ReadAction\",\"target\":[\"https:\/\/www.ucatolica.edu.co\/portal\/como-entender-las-sanciones-penales-en-colombia-y-por-que-especializarse-en-sistema-penal-acusatorio-puede-marcar-la-diferencia\/\"]}]},{\"@type\":\"ImageObject\",\"inLanguage\":\"es-CO\",\"@id\":\"https:\/\/www.ucatolica.edu.co\/portal\/como-entender-las-sanciones-penales-en-colombia-y-por-que-especializarse-en-sistema-penal-acusatorio-puede-marcar-la-diferencia\/#primaryimage\",\"url\":\"https:\/\/www.ucatolica.edu.co\/portal\/wp-content\/uploads\/2026\/04\/Noticia1.jpg\",\"contentUrl\":\"https:\/\/www.ucatolica.edu.co\/portal\/wp-content\/uploads\/2026\/04\/Noticia1.jpg\",\"width\":870,\"height\":522},{\"@type\":\"BreadcrumbList\",\"@id\":\"https:\/\/www.ucatolica.edu.co\/portal\/como-entender-las-sanciones-penales-en-colombia-y-por-que-especializarse-en-sistema-penal-acusatorio-puede-marcar-la-diferencia\/#breadcrumb\",\"itemListElement\":[{\"@type\":\"ListItem\",\"position\":1,\"name\":\"Inicio\",\"item\":\"https:\/\/www.ucatolica.edu.co\/portal\/\"},{\"@type\":\"ListItem\",\"position\":2,\"name\":\"\u00bfC\u00f3mo entender las sanciones penales en Colombia y por qu\u00e9 especializarse en Sistema Penal Acusatorio puede marcar la diferencia?\"}]},{\"@type\":\"WebSite\",\"@id\":\"https:\/\/www.ucatolica.edu.co\/portal\/#website\",\"url\":\"https:\/\/www.ucatolica.edu.co\/portal\/\",\"name\":\"Universidad Cat\u00f3lica De Colombia\",\"description\":\"Universidad Cat\u00f3lica De Colombia\",\"publisher\":{\"@id\":\"https:\/\/www.ucatolica.edu.co\/portal\/#organization\"},\"potentialAction\":[{\"@type\":\"SearchAction\",\"target\":{\"@type\":\"EntryPoint\",\"urlTemplate\":\"https:\/\/www.ucatolica.edu.co\/portal\/?s={search_term_string}\"},\"query-input\":{\"@type\":\"PropertyValueSpecification\",\"valueRequired\":true,\"valueName\":\"search_term_string\"}}],\"inLanguage\":\"es-CO\"},{\"@type\":\"Organization\",\"@id\":\"https:\/\/www.ucatolica.edu.co\/portal\/#organization\",\"name\":\"Universidad Cat\u00f3lica de Colombia\",\"url\":\"https:\/\/www.ucatolica.edu.co\/portal\/\",\"logo\":{\"@type\":\"ImageObject\",\"inLanguage\":\"es-CO\",\"@id\":\"https:\/\/www.ucatolica.edu.co\/portal\/#\/schema\/logo\/image\/\",\"url\":\"https:\/\/www.ucatolica.edu.co\/portal\/wp-content\/uploads\/2021\/06\/logo-header-ho-1.svg\",\"contentUrl\":\"https:\/\/www.ucatolica.edu.co\/portal\/wp-content\/uploads\/2021\/06\/logo-header-ho-1.svg\",\"width\":1,\"height\":1,\"caption\":\"Universidad Cat\u00f3lica de Colombia\"},\"image\":{\"@id\":\"https:\/\/www.ucatolica.edu.co\/portal\/#\/schema\/logo\/image\/\"},\"sameAs\":[\"https:\/\/www.facebook.com\/ucatolicacolombia\",\"https:\/\/x.com\/UCatolicaCol\",\"https:\/\/www.instagram.com\/universidadcatolicadecolombia\/\",\"https:\/\/www.linkedin.com\/company\/universidadcatolicadecolombia\/\",\"https:\/\/www.youtube.com\/user\/UCatolicaCo\"]},{\"@type\":\"Person\",\"@id\":\"https:\/\/www.ucatolica.edu.co\/portal\/#\/schema\/person\/a7469afff252fba81c6cdc40c80f00b6\",\"name\":\"Cindy Lugo\",\"url\":\"https:\/\/www.ucatolica.edu.co\/portal\/author\/cindy\/\"}]}<\/script>\n<!-- \/ Yoast SEO plugin. -->","yoast_head_json":{"title":"\u00bfC\u00f3mo entender las sanciones penales en Colombia y por qu\u00e9 especializarse en Sistema Penal Acusatorio puede marcar la diferencia? - Universidad Cat\u00f3lica De Colombia","robots":{"index":"index","follow":"follow","max-snippet":"max-snippet:-1","max-image-preview":"max-image-preview:large","max-video-preview":"max-video-preview:-1"},"canonical":"https:\/\/www.ucatolica.edu.co\/portal\/como-entender-las-sanciones-penales-en-colombia-y-por-que-especializarse-en-sistema-penal-acusatorio-puede-marcar-la-diferencia\/","og_locale":"es_ES","og_type":"article","og_title":"\u00bfC\u00f3mo entender las sanciones penales en Colombia y por qu\u00e9 especializarse en Sistema Penal Acusatorio puede marcar la diferencia? - Universidad Cat\u00f3lica De Colombia","og_description":"Hablar de sanciones penales en Colombia no es solo hablar de c\u00e1rcel. Hoy, el debate jur\u00eddico va mucho m\u00e1s all\u00e1: se trata de entender si las penas realmente cumplen su funci\u00f3n, si ayudan a reparar a las v\u00edctimas y si contribuyen a construir una justicia m\u00e1s efectiva y humana. Este fue precisamente uno de los [&hellip;]","og_url":"https:\/\/www.ucatolica.edu.co\/portal\/como-entender-las-sanciones-penales-en-colombia-y-por-que-especializarse-en-sistema-penal-acusatorio-puede-marcar-la-diferencia\/","og_site_name":"Universidad Cat\u00f3lica De Colombia","article_publisher":"https:\/\/www.facebook.com\/ucatolicacolombia","article_published_time":"2026-03-31T21:58:00+00:00","article_modified_time":"2026-04-21T22:07:40+00:00","og_image":[{"width":870,"height":522,"url":"https:\/\/www.ucatolica.edu.co\/portal\/wp-content\/uploads\/2026\/04\/Noticia1.jpg","type":"image\/jpeg"}],"author":"Cindy Lugo","twitter_card":"summary_large_image","twitter_creator":"@UCatolicaCol","twitter_site":"@UCatolicaCol","twitter_misc":{"Escrito por":"Cindy Lugo","Tiempo de lectura":"4 minutos"},"schema":{"@context":"https:\/\/schema.org","@graph":[{"@type":"Article","@id":"https:\/\/www.ucatolica.edu.co\/portal\/como-entender-las-sanciones-penales-en-colombia-y-por-que-especializarse-en-sistema-penal-acusatorio-puede-marcar-la-diferencia\/#article","isPartOf":{"@id":"https:\/\/www.ucatolica.edu.co\/portal\/como-entender-las-sanciones-penales-en-colombia-y-por-que-especializarse-en-sistema-penal-acusatorio-puede-marcar-la-diferencia\/"},"author":{"name":"Cindy Lugo","@id":"https:\/\/www.ucatolica.edu.co\/portal\/#\/schema\/person\/a7469afff252fba81c6cdc40c80f00b6"},"headline":"\u00bfC\u00f3mo entender las sanciones penales en Colombia y por qu\u00e9 especializarse en Sistema Penal Acusatorio puede marcar la diferencia?","datePublished":"2026-03-31T21:58:00+00:00","dateModified":"2026-04-21T22:07:40+00:00","mainEntityOfPage":{"@id":"https:\/\/www.ucatolica.edu.co\/portal\/como-entender-las-sanciones-penales-en-colombia-y-por-que-especializarse-en-sistema-penal-acusatorio-puede-marcar-la-diferencia\/"},"wordCount":898,"publisher":{"@id":"https:\/\/www.ucatolica.edu.co\/portal\/#organization"},"image":{"@id":"https:\/\/www.ucatolica.edu.co\/portal\/como-entender-las-sanciones-penales-en-colombia-y-por-que-especializarse-en-sistema-penal-acusatorio-puede-marcar-la-diferencia\/#primaryimage"},"thumbnailUrl":"https:\/\/www.ucatolica.edu.co\/portal\/wp-content\/uploads\/2026\/04\/Noticia1.jpg","keywords":["Realidad jur\u00eddica","Reformas penales","Sanciones penales","Sistema acusatorio","Sistema Penal Acusatorio"],"articleSection":["Noticias Principales"],"inLanguage":"es-CO"},{"@type":"WebPage","@id":"https:\/\/www.ucatolica.edu.co\/portal\/como-entender-las-sanciones-penales-en-colombia-y-por-que-especializarse-en-sistema-penal-acusatorio-puede-marcar-la-diferencia\/","url":"https:\/\/www.ucatolica.edu.co\/portal\/como-entender-las-sanciones-penales-en-colombia-y-por-que-especializarse-en-sistema-penal-acusatorio-puede-marcar-la-diferencia\/","name":"\u00bfC\u00f3mo entender las sanciones penales en Colombia y por qu\u00e9 especializarse en Sistema Penal Acusatorio puede marcar la diferencia? - Universidad Cat\u00f3lica De Colombia","isPartOf":{"@id":"https:\/\/www.ucatolica.edu.co\/portal\/#website"},"primaryImageOfPage":{"@id":"https:\/\/www.ucatolica.edu.co\/portal\/como-entender-las-sanciones-penales-en-colombia-y-por-que-especializarse-en-sistema-penal-acusatorio-puede-marcar-la-diferencia\/#primaryimage"},"image":{"@id":"https:\/\/www.ucatolica.edu.co\/portal\/como-entender-las-sanciones-penales-en-colombia-y-por-que-especializarse-en-sistema-penal-acusatorio-puede-marcar-la-diferencia\/#primaryimage"},"thumbnailUrl":"https:\/\/www.ucatolica.edu.co\/portal\/wp-content\/uploads\/2026\/04\/Noticia1.jpg","datePublished":"2026-03-31T21:58:00+00:00","dateModified":"2026-04-21T22:07:40+00:00","breadcrumb":{"@id":"https:\/\/www.ucatolica.edu.co\/portal\/como-entender-las-sanciones-penales-en-colombia-y-por-que-especializarse-en-sistema-penal-acusatorio-puede-marcar-la-diferencia\/#breadcrumb"},"inLanguage":"es-CO","potentialAction":[{"@type":"ReadAction","target":["https:\/\/www.ucatolica.edu.co\/portal\/como-entender-las-sanciones-penales-en-colombia-y-por-que-especializarse-en-sistema-penal-acusatorio-puede-marcar-la-diferencia\/"]}]},{"@type":"ImageObject","inLanguage":"es-CO","@id":"https:\/\/www.ucatolica.edu.co\/portal\/como-entender-las-sanciones-penales-en-colombia-y-por-que-especializarse-en-sistema-penal-acusatorio-puede-marcar-la-diferencia\/#primaryimage","url":"https:\/\/www.ucatolica.edu.co\/portal\/wp-content\/uploads\/2026\/04\/Noticia1.jpg","contentUrl":"https:\/\/www.ucatolica.edu.co\/portal\/wp-content\/uploads\/2026\/04\/Noticia1.jpg","width":870,"height":522},{"@type":"BreadcrumbList","@id":"https:\/\/www.ucatolica.edu.co\/portal\/como-entender-las-sanciones-penales-en-colombia-y-por-que-especializarse-en-sistema-penal-acusatorio-puede-marcar-la-diferencia\/#breadcrumb","itemListElement":[{"@type":"ListItem","position":1,"name":"Inicio","item":"https:\/\/www.ucatolica.edu.co\/portal\/"},{"@type":"ListItem","position":2,"name":"\u00bfC\u00f3mo entender las sanciones penales en Colombia y por qu\u00e9 especializarse en Sistema Penal Acusatorio puede marcar la diferencia?"}]},{"@type":"WebSite","@id":"https:\/\/www.ucatolica.edu.co\/portal\/#website","url":"https:\/\/www.ucatolica.edu.co\/portal\/","name":"Universidad Cat\u00f3lica De Colombia","description":"Universidad Cat\u00f3lica De Colombia","publisher":{"@id":"https:\/\/www.ucatolica.edu.co\/portal\/#organization"},"potentialAction":[{"@type":"SearchAction","target":{"@type":"EntryPoint","urlTemplate":"https:\/\/www.ucatolica.edu.co\/portal\/?s={search_term_string}"},"query-input":{"@type":"PropertyValueSpecification","valueRequired":true,"valueName":"search_term_string"}}],"inLanguage":"es-CO"},{"@type":"Organization","@id":"https:\/\/www.ucatolica.edu.co\/portal\/#organization","name":"Universidad Cat\u00f3lica de Colombia","url":"https:\/\/www.ucatolica.edu.co\/portal\/","logo":{"@type":"ImageObject","inLanguage":"es-CO","@id":"https:\/\/www.ucatolica.edu.co\/portal\/#\/schema\/logo\/image\/","url":"https:\/\/www.ucatolica.edu.co\/portal\/wp-content\/uploads\/2021\/06\/logo-header-ho-1.svg","contentUrl":"https:\/\/www.ucatolica.edu.co\/portal\/wp-content\/uploads\/2021\/06\/logo-header-ho-1.svg","width":1,"height":1,"caption":"Universidad Cat\u00f3lica de Colombia"},"image":{"@id":"https:\/\/www.ucatolica.edu.co\/portal\/#\/schema\/logo\/image\/"},"sameAs":["https:\/\/www.facebook.com\/ucatolicacolombia","https:\/\/x.com\/UCatolicaCol","https:\/\/www.instagram.com\/universidadcatolicadecolombia\/","https:\/\/www.linkedin.com\/company\/universidadcatolicadecolombia\/","https:\/\/www.youtube.com\/user\/UCatolicaCo"]},{"@type":"Person","@id":"https:\/\/www.ucatolica.edu.co\/portal\/#\/schema\/person\/a7469afff252fba81c6cdc40c80f00b6","name":"Cindy Lugo","url":"https:\/\/www.ucatolica.edu.co\/portal\/author\/cindy\/"}]}},"author_meta":{"display_name":"Cindy Lugo","author_link":"https:\/\/www.ucatolica.edu.co\/portal\/author\/cindy\/"},"featured_img":"https:\/\/www.ucatolica.edu.co\/portal\/wp-content\/uploads\/2026\/04\/Noticia1.jpg","coauthors":[],"tax_additional":{"categories":{"linked":["<a href=\"https:\/\/www.ucatolica.edu.co\/portal\/category\/noticias-principales\/\" class=\"advgb-post-tax-term\">Noticias Principales<\/a>"],"unlinked":["<span class=\"advgb-post-tax-term\">Noticias Principales<\/span>"]},"tags":{"linked":["<a href=\"https:\/\/www.ucatolica.edu.co\/portal\/category\/noticias-principales\/\" class=\"advgb-post-tax-term\">Realidad jur\u00eddica<\/a>","<a href=\"https:\/\/www.ucatolica.edu.co\/portal\/category\/noticias-principales\/\" class=\"advgb-post-tax-term\">Reformas penales<\/a>","<a href=\"https:\/\/www.ucatolica.edu.co\/portal\/category\/noticias-principales\/\" class=\"advgb-post-tax-term\">Sanciones penales<\/a>","<a href=\"https:\/\/www.ucatolica.edu.co\/portal\/category\/noticias-principales\/\" class=\"advgb-post-tax-term\">Sistema acusatorio<\/a>","<a href=\"https:\/\/www.ucatolica.edu.co\/portal\/category\/noticias-principales\/\" class=\"advgb-post-tax-term\">Sistema Penal Acusatorio<\/a>"],"unlinked":["<span class=\"advgb-post-tax-term\">Realidad jur\u00eddica<\/span>","<span class=\"advgb-post-tax-term\">Reformas penales<\/span>","<span class=\"advgb-post-tax-term\">Sanciones penales<\/span>","<span class=\"advgb-post-tax-term\">Sistema acusatorio<\/span>","<span class=\"advgb-post-tax-term\">Sistema Penal Acusatorio<\/span>"]}},"comment_count":"0","relative_dates":{"created":"Posted 4 semanas ago","modified":"Updated 1 semana ago"},"absolute_dates":{"created":"Posted on 31 marzo, 2026","modified":"Updated on 21 abril, 2026"},"absolute_dates_time":{"created":"Posted on 31 marzo, 2026 4:58 pm","modified":"Updated on 21 abril, 2026 5:07 pm"},"featured_img_caption":"","series_order":"","_links":{"self":[{"href":"https:\/\/www.ucatolica.edu.co\/portal\/wp-json\/wp\/v2\/posts\/133063","targetHints":{"allow":["GET"]}}],"collection":[{"href":"https:\/\/www.ucatolica.edu.co\/portal\/wp-json\/wp\/v2\/posts"}],"about":[{"href":"https:\/\/www.ucatolica.edu.co\/portal\/wp-json\/wp\/v2\/types\/post"}],"author":[{"embeddable":true,"href":"https:\/\/www.ucatolica.edu.co\/portal\/wp-json\/wp\/v2\/users\/4"}],"replies":[{"embeddable":true,"href":"https:\/\/www.ucatolica.edu.co\/portal\/wp-json\/wp\/v2\/comments?post=133063"}],"version-history":[{"count":1,"href":"https:\/\/www.ucatolica.edu.co\/portal\/wp-json\/wp\/v2\/posts\/133063\/revisions"}],"predecessor-version":[{"id":133064,"href":"https:\/\/www.ucatolica.edu.co\/portal\/wp-json\/wp\/v2\/posts\/133063\/revisions\/133064"}],"wp:featuredmedia":[{"embeddable":true,"href":"https:\/\/www.ucatolica.edu.co\/portal\/wp-json\/wp\/v2\/media\/133060"}],"wp:attachment":[{"href":"https:\/\/www.ucatolica.edu.co\/portal\/wp-json\/wp\/v2\/media?parent=133063"}],"wp:term":[{"taxonomy":"category","embeddable":true,"href":"https:\/\/www.ucatolica.edu.co\/portal\/wp-json\/wp\/v2\/categories?post=133063"},{"taxonomy":"post_tag","embeddable":true,"href":"https:\/\/www.ucatolica.edu.co\/portal\/wp-json\/wp\/v2\/tags?post=133063"}],"curies":[{"name":"wp","href":"https:\/\/api.w.org\/{rel}","templated":true}]}}