{"id":133083,"date":"2026-04-28T14:47:35","date_gmt":"2026-04-28T19:47:35","guid":{"rendered":"https:\/\/www.ucatolica.edu.co\/portal\/?p=133083"},"modified":"2026-04-28T14:48:12","modified_gmt":"2026-04-28T19:48:12","slug":"estudiantes-del-colegio-san-benito-de-sibate-vivieron-una-jornada-de-inmersion-en-la-universidad-catolica-de-colombia","status":"publish","type":"post","link":"https:\/\/www.ucatolica.edu.co\/portal\/estudiantes-del-colegio-san-benito-de-sibate-vivieron-una-jornada-de-inmersion-en-la-universidad-catolica-de-colombia\/","title":{"rendered":"Estudiantes del Colegio San Benito de Sibat\u00e9 vivieron una jornada de inmersi\u00f3n en la Universidad Cat\u00f3lica de Colombia"},"content":{"rendered":"\n<p>Estudiantes de grado und\u00e9cimo del Colegio San Benito de Sibat\u00e9 participaron en una jornada acad\u00e9mica y experiencial en la Universidad Cat\u00f3lica de Colombia, dise\u00f1ada para acompa\u00f1arlos en la importante decisi\u00f3n de elegir su futuro profesional.<\/p>\n\n\n\n<p>Durante la visita, los j\u00f3venes vivieron actividades l\u00fadicas e interactivas que los acercaron a disciplinas como la Administraci\u00f3n y el Derecho, permiti\u00e9ndoles comprender, desde la pr\u00e1ctica, el impacto de estas \u00e1reas en la sociedad.<\/p>\n\n\n\n<p>Asimismo, recorrieron diversos espacios acad\u00e9micos de la Instituci\u00f3n, entre ellos los laboratorios de la Facultad de Dise\u00f1o y el Fab Lab; los talleres de Ingenier\u00eda Civil, donde participaron en la actividad \u201cIngenieros Civiles del Futuro: Construye, Cuida y Transforma\u201d; el Laboratorio de Automatizaci\u00f3n Festo de Ingenier\u00eda Industrial, con contenidos sobre Industria 5.0 y cadenas de suministro; y la sala de c\u00f3mputo de Ingenier\u00eda de Sistemas, donde exploraron el mundo de los videojuegos y la animaci\u00f3n 3D.<\/p>\n\n\n\n<p>La experiencia tambi\u00e9n incluy\u00f3 el taller \u201cPsic\u00f3logo por un d\u00eda\u201d, desarrollado en los Laboratorios de Psicolog\u00eda y la C\u00e1mara de Gesell, en el que los estudiantes analizaron situaciones cotidianas para comprender el alcance y la relevancia de esta profesi\u00f3n.<\/p>\n\n\n\n<p>Este encuentro no solo les permiti\u00f3 acercarse a la vida universitaria, sino tambi\u00e9n reflexionar sobre sus intereses y vocaciones en un entorno que promueve la excelencia acad\u00e9mica, el servicio y la formaci\u00f3n integral.<\/p>\n\n\n<div class=\"wp-block-image\">\n<figure class=\"aligncenter size-full\"><img fetchpriority=\"high\" decoding=\"async\" width=\"870\" height=\"522\" src=\"https:\/\/www.ucatolica.edu.co\/portal\/wp-content\/uploads\/2026\/04\/2-4.jpg\" alt=\"Estudiantes en clase\" class=\"wp-image-133086\" srcset=\"https:\/\/www.ucatolica.edu.co\/portal\/wp-content\/uploads\/2026\/04\/2-4.jpg 870w, https:\/\/www.ucatolica.edu.co\/portal\/wp-content\/uploads\/2026\/04\/2-4-768x461.jpg 768w\" sizes=\"(max-width: 870px) 100vw, 870px\" \/><\/figure>\n<\/div>\n\n\n<h2 class=\"wp-block-heading\"><strong>Voces del futuro<\/strong><\/h2>\n\n\n\n<p>La jornada dej\u00f3 impresiones significativas entre los participantes;&nbsp;Axel Esteban Nocua Acosta, estudiante de grado und\u00e9cimo, destac\u00f3 el valor de la experiencia:<\/p>\n\n\n\n<p><em>Lo que m\u00e1s me emocion\u00f3 fue que en la carrera de Ingenier\u00eda Industrial las simulaciones con realidad virtual me emocion\u00f3. Me interesa demasiado, porque nos muestran un paso a paso de c\u00f3mo puede pasar y pues analizar los hechos. <\/em><\/p>\n\n\n\n<h2 class=\"wp-block-heading\"><strong>Visi\u00f3n acad\u00e9mica<\/strong><\/h2>\n\n\n\n<figure class=\"wp-block-embed is-type-video is-provider-youtube wp-block-embed-youtube wp-embed-aspect-9-16 wp-has-aspect-ratio\"><div class=\"wp-block-embed__wrapper\">\n<div class=\"video-container\"><iframe title=\"Colegio San Benito   Sibate\u0301\" width=\"422\" height=\"750\" src=\"https:\/\/www.youtube.com\/embed\/DT_pE24LRyc?feature=oembed\" frameborder=\"0\" allow=\"accelerometer; autoplay; clipboard-write; encrypted-media; gyroscope; picture-in-picture; web-share\" referrerpolicy=\"strict-origin-when-cross-origin\" allowfullscreen><\/iframe><\/div>\n<\/div><\/figure>\n\n\n\n<h2 class=\"wp-block-heading\"><strong>Acompa\u00f1ar la construcci\u00f3n del proyecto de vida<\/strong> <\/h2>\n\n\n\n<p>De esta manera, la Universidad Cat\u00f3lica de Colombia reafirma su compromiso con la formaci\u00f3n de futuros profesionales, generando espacios de orientaci\u00f3n y experiencias significativas que inspiran a los j\u00f3venes en la construcci\u00f3n de su proyecto de vida.<\/p>\n\n\n<div class=\"wp-block-image\">\n<figure class=\"aligncenter size-full\"><img decoding=\"async\" width=\"870\" height=\"522\" src=\"https:\/\/www.ucatolica.edu.co\/portal\/wp-content\/uploads\/2026\/04\/1-3.jpg\" alt=\"Estudiantes de pie sonriendo\" class=\"wp-image-133084\" srcset=\"https:\/\/www.ucatolica.edu.co\/portal\/wp-content\/uploads\/2026\/04\/1-3.jpg 870w, https:\/\/www.ucatolica.edu.co\/portal\/wp-content\/uploads\/2026\/04\/1-3-768x461.jpg 768w\" sizes=\"(max-width: 870px) 100vw, 870px\" \/><\/figure>\n<\/div>\n\n\n<p><\/p>\n","protected":false},"excerpt":{"rendered":"<p>Estudiantes de grado und\u00e9cimo del Colegio San Benito de Sibat\u00e9 participaron en una jornada acad\u00e9mica y experiencial en la Universidad Cat\u00f3lica de Colombia, dise\u00f1ada para acompa\u00f1arlos en la importante decisi\u00f3n de elegir su futuro profesional. Durante la visita, los j\u00f3venes vivieron actividades l\u00fadicas e interactivas que los acercaron a disciplinas como la Administraci\u00f3n y el [&hellip;]<\/p>\n","protected":false},"author":61,"featured_media":133085,"comment_status":"closed","ping_status":"closed","sticky":false,"template":"","format":"standard","meta":{"_acf_changed":false,"advgb_blocks_editor_width":"","advgb_blocks_columns_visual_guide":"","footnotes":""},"categories":[93],"tags":[],"class_list":["post-133083","post","type-post","status-publish","format-standard","has-post-thumbnail","hentry","category-noticias-principales"],"acf":[],"yoast_head":"<!-- This site is optimized with the Yoast SEO plugin v26.7 - https:\/\/yoast.com\/wordpress\/plugins\/seo\/ -->\n<title>Estudiantes del Colegio San Benito de Sibat\u00e9 vivieron una jornada de inmersi\u00f3n en la Universidad Cat\u00f3lica de Colombia - Universidad Cat\u00f3lica De Colombia<\/title>\n<meta name=\"robots\" content=\"index, follow, max-snippet:-1, max-image-preview:large, max-video-preview:-1\" \/>\n<link rel=\"canonical\" href=\"https:\/\/www.ucatolica.edu.co\/portal\/estudiantes-del-colegio-san-benito-de-sibate-vivieron-una-jornada-de-inmersion-en-la-universidad-catolica-de-colombia\/\" \/>\n<meta property=\"og:locale\" content=\"es_ES\" \/>\n<meta property=\"og:type\" content=\"article\" \/>\n<meta property=\"og:title\" content=\"Estudiantes del Colegio San Benito de Sibat\u00e9 vivieron una jornada de inmersi\u00f3n en la Universidad Cat\u00f3lica de Colombia - Universidad Cat\u00f3lica De Colombia\" \/>\n<meta property=\"og:description\" content=\"Estudiantes de grado und\u00e9cimo del Colegio San Benito de Sibat\u00e9 participaron en una jornada acad\u00e9mica y experiencial en la Universidad Cat\u00f3lica de Colombia, dise\u00f1ada para acompa\u00f1arlos en la importante decisi\u00f3n de elegir su futuro profesional. Durante la visita, los j\u00f3venes vivieron actividades l\u00fadicas e interactivas que los acercaron a disciplinas como la Administraci\u00f3n y el [&hellip;]\" \/>\n<meta property=\"og:url\" content=\"https:\/\/www.ucatolica.edu.co\/portal\/estudiantes-del-colegio-san-benito-de-sibate-vivieron-una-jornada-de-inmersion-en-la-universidad-catolica-de-colombia\/\" \/>\n<meta property=\"og:site_name\" content=\"Universidad Cat\u00f3lica De Colombia\" \/>\n<meta property=\"article:publisher\" content=\"https:\/\/www.facebook.com\/ucatolicacolombia\" \/>\n<meta property=\"article:published_time\" content=\"2026-04-28T19:47:35+00:00\" \/>\n<meta property=\"article:modified_time\" content=\"2026-04-28T19:48:12+00:00\" \/>\n<meta property=\"og:image\" content=\"https:\/\/www.ucatolica.edu.co\/portal\/wp-content\/uploads\/2026\/04\/3-4.jpg\" \/>\n\t<meta property=\"og:image:width\" content=\"870\" \/>\n\t<meta property=\"og:image:height\" content=\"522\" \/>\n\t<meta property=\"og:image:type\" content=\"image\/jpeg\" \/>\n<meta name=\"author\" content=\"Leidy Dayanna Jaramillo Tavera\" \/>\n<meta name=\"twitter:card\" content=\"summary_large_image\" \/>\n<meta name=\"twitter:creator\" content=\"@UCatolicaCol\" \/>\n<meta name=\"twitter:site\" content=\"@UCatolicaCol\" \/>\n<meta name=\"twitter:label1\" content=\"Escrito por\" \/>\n\t<meta name=\"twitter:data1\" content=\"Leidy Dayanna Jaramillo Tavera\" \/>\n\t<meta name=\"twitter:label2\" content=\"Tiempo de lectura\" \/>\n\t<meta name=\"twitter:data2\" content=\"2 minutos\" \/>\n<script type=\"application\/ld+json\" class=\"yoast-schema-graph\">{\"@context\":\"https:\/\/schema.org\",\"@graph\":[{\"@type\":\"Article\",\"@id\":\"https:\/\/www.ucatolica.edu.co\/portal\/estudiantes-del-colegio-san-benito-de-sibate-vivieron-una-jornada-de-inmersion-en-la-universidad-catolica-de-colombia\/#article\",\"isPartOf\":{\"@id\":\"https:\/\/www.ucatolica.edu.co\/portal\/estudiantes-del-colegio-san-benito-de-sibate-vivieron-una-jornada-de-inmersion-en-la-universidad-catolica-de-colombia\/\"},\"author\":{\"name\":\"Leidy Dayanna Jaramillo Tavera\",\"@id\":\"https:\/\/www.ucatolica.edu.co\/portal\/#\/schema\/person\/c03ebc5b4f80ce7b8947aa9ddece408a\"},\"headline\":\"Estudiantes del Colegio San Benito de Sibat\u00e9 vivieron una jornada de inmersi\u00f3n en la Universidad Cat\u00f3lica de Colombia\",\"datePublished\":\"2026-04-28T19:47:35+00:00\",\"dateModified\":\"2026-04-28T19:48:12+00:00\",\"mainEntityOfPage\":{\"@id\":\"https:\/\/www.ucatolica.edu.co\/portal\/estudiantes-del-colegio-san-benito-de-sibate-vivieron-una-jornada-de-inmersion-en-la-universidad-catolica-de-colombia\/\"},\"wordCount\":396,\"publisher\":{\"@id\":\"https:\/\/www.ucatolica.edu.co\/portal\/#organization\"},\"image\":{\"@id\":\"https:\/\/www.ucatolica.edu.co\/portal\/estudiantes-del-colegio-san-benito-de-sibate-vivieron-una-jornada-de-inmersion-en-la-universidad-catolica-de-colombia\/#primaryimage\"},\"thumbnailUrl\":\"https:\/\/www.ucatolica.edu.co\/portal\/wp-content\/uploads\/2026\/04\/3-4.jpg\",\"articleSection\":[\"Noticias Principales\"],\"inLanguage\":\"es-CO\"},{\"@type\":\"WebPage\",\"@id\":\"https:\/\/www.ucatolica.edu.co\/portal\/estudiantes-del-colegio-san-benito-de-sibate-vivieron-una-jornada-de-inmersion-en-la-universidad-catolica-de-colombia\/\",\"url\":\"https:\/\/www.ucatolica.edu.co\/portal\/estudiantes-del-colegio-san-benito-de-sibate-vivieron-una-jornada-de-inmersion-en-la-universidad-catolica-de-colombia\/\",\"name\":\"Estudiantes del Colegio San Benito de Sibat\u00e9 vivieron una jornada de inmersi\u00f3n en la Universidad Cat\u00f3lica de Colombia - Universidad Cat\u00f3lica De Colombia\",\"isPartOf\":{\"@id\":\"https:\/\/www.ucatolica.edu.co\/portal\/#website\"},\"primaryImageOfPage\":{\"@id\":\"https:\/\/www.ucatolica.edu.co\/portal\/estudiantes-del-colegio-san-benito-de-sibate-vivieron-una-jornada-de-inmersion-en-la-universidad-catolica-de-colombia\/#primaryimage\"},\"image\":{\"@id\":\"https:\/\/www.ucatolica.edu.co\/portal\/estudiantes-del-colegio-san-benito-de-sibate-vivieron-una-jornada-de-inmersion-en-la-universidad-catolica-de-colombia\/#primaryimage\"},\"thumbnailUrl\":\"https:\/\/www.ucatolica.edu.co\/portal\/wp-content\/uploads\/2026\/04\/3-4.jpg\",\"datePublished\":\"2026-04-28T19:47:35+00:00\",\"dateModified\":\"2026-04-28T19:48:12+00:00\",\"breadcrumb\":{\"@id\":\"https:\/\/www.ucatolica.edu.co\/portal\/estudiantes-del-colegio-san-benito-de-sibate-vivieron-una-jornada-de-inmersion-en-la-universidad-catolica-de-colombia\/#breadcrumb\"},\"inLanguage\":\"es-CO\",\"potentialAction\":[{\"@type\":\"ReadAction\",\"target\":[\"https:\/\/www.ucatolica.edu.co\/portal\/estudiantes-del-colegio-san-benito-de-sibate-vivieron-una-jornada-de-inmersion-en-la-universidad-catolica-de-colombia\/\"]}]},{\"@type\":\"ImageObject\",\"inLanguage\":\"es-CO\",\"@id\":\"https:\/\/www.ucatolica.edu.co\/portal\/estudiantes-del-colegio-san-benito-de-sibate-vivieron-una-jornada-de-inmersion-en-la-universidad-catolica-de-colombia\/#primaryimage\",\"url\":\"https:\/\/www.ucatolica.edu.co\/portal\/wp-content\/uploads\/2026\/04\/3-4.jpg\",\"contentUrl\":\"https:\/\/www.ucatolica.edu.co\/portal\/wp-content\/uploads\/2026\/04\/3-4.jpg\",\"width\":870,\"height\":522,\"caption\":\"Estudiantes en los laboratorios\"},{\"@type\":\"BreadcrumbList\",\"@id\":\"https:\/\/www.ucatolica.edu.co\/portal\/estudiantes-del-colegio-san-benito-de-sibate-vivieron-una-jornada-de-inmersion-en-la-universidad-catolica-de-colombia\/#breadcrumb\",\"itemListElement\":[{\"@type\":\"ListItem\",\"position\":1,\"name\":\"Inicio\",\"item\":\"https:\/\/www.ucatolica.edu.co\/portal\/\"},{\"@type\":\"ListItem\",\"position\":2,\"name\":\"Estudiantes del Colegio San Benito de Sibat\u00e9 vivieron una jornada de inmersi\u00f3n en la Universidad Cat\u00f3lica de Colombia\"}]},{\"@type\":\"WebSite\",\"@id\":\"https:\/\/www.ucatolica.edu.co\/portal\/#website\",\"url\":\"https:\/\/www.ucatolica.edu.co\/portal\/\",\"name\":\"Universidad Cat\u00f3lica De Colombia\",\"description\":\"Universidad Cat\u00f3lica De Colombia\",\"publisher\":{\"@id\":\"https:\/\/www.ucatolica.edu.co\/portal\/#organization\"},\"potentialAction\":[{\"@type\":\"SearchAction\",\"target\":{\"@type\":\"EntryPoint\",\"urlTemplate\":\"https:\/\/www.ucatolica.edu.co\/portal\/?s={search_term_string}\"},\"query-input\":{\"@type\":\"PropertyValueSpecification\",\"valueRequired\":true,\"valueName\":\"search_term_string\"}}],\"inLanguage\":\"es-CO\"},{\"@type\":\"Organization\",\"@id\":\"https:\/\/www.ucatolica.edu.co\/portal\/#organization\",\"name\":\"Universidad Cat\u00f3lica de Colombia\",\"url\":\"https:\/\/www.ucatolica.edu.co\/portal\/\",\"logo\":{\"@type\":\"ImageObject\",\"inLanguage\":\"es-CO\",\"@id\":\"https:\/\/www.ucatolica.edu.co\/portal\/#\/schema\/logo\/image\/\",\"url\":\"https:\/\/www.ucatolica.edu.co\/portal\/wp-content\/uploads\/2021\/06\/logo-header-ho-1.svg\",\"contentUrl\":\"https:\/\/www.ucatolica.edu.co\/portal\/wp-content\/uploads\/2021\/06\/logo-header-ho-1.svg\",\"width\":1,\"height\":1,\"caption\":\"Universidad Cat\u00f3lica de Colombia\"},\"image\":{\"@id\":\"https:\/\/www.ucatolica.edu.co\/portal\/#\/schema\/logo\/image\/\"},\"sameAs\":[\"https:\/\/www.facebook.com\/ucatolicacolombia\",\"https:\/\/x.com\/UCatolicaCol\",\"https:\/\/www.instagram.com\/universidadcatolicadecolombia\/\",\"https:\/\/www.linkedin.com\/company\/universidadcatolicadecolombia\/\",\"https:\/\/www.youtube.com\/user\/UCatolicaCo\"]},{\"@type\":\"Person\",\"@id\":\"https:\/\/www.ucatolica.edu.co\/portal\/#\/schema\/person\/c03ebc5b4f80ce7b8947aa9ddece408a\",\"name\":\"Leidy Dayanna Jaramillo Tavera\",\"url\":\"https:\/\/www.ucatolica.edu.co\/portal\/author\/dayana\/\"}]}<\/script>\n<!-- \/ Yoast SEO plugin. -->","yoast_head_json":{"title":"Estudiantes del Colegio San Benito de Sibat\u00e9 vivieron una jornada de inmersi\u00f3n en la Universidad Cat\u00f3lica de Colombia - Universidad Cat\u00f3lica De Colombia","robots":{"index":"index","follow":"follow","max-snippet":"max-snippet:-1","max-image-preview":"max-image-preview:large","max-video-preview":"max-video-preview:-1"},"canonical":"https:\/\/www.ucatolica.edu.co\/portal\/estudiantes-del-colegio-san-benito-de-sibate-vivieron-una-jornada-de-inmersion-en-la-universidad-catolica-de-colombia\/","og_locale":"es_ES","og_type":"article","og_title":"Estudiantes del Colegio San Benito de Sibat\u00e9 vivieron una jornada de inmersi\u00f3n en la Universidad Cat\u00f3lica de Colombia - Universidad Cat\u00f3lica De Colombia","og_description":"Estudiantes de grado und\u00e9cimo del Colegio San Benito de Sibat\u00e9 participaron en una jornada acad\u00e9mica y experiencial en la Universidad Cat\u00f3lica de Colombia, dise\u00f1ada para acompa\u00f1arlos en la importante decisi\u00f3n de elegir su futuro profesional. Durante la visita, los j\u00f3venes vivieron actividades l\u00fadicas e interactivas que los acercaron a disciplinas como la Administraci\u00f3n y el [&hellip;]","og_url":"https:\/\/www.ucatolica.edu.co\/portal\/estudiantes-del-colegio-san-benito-de-sibate-vivieron-una-jornada-de-inmersion-en-la-universidad-catolica-de-colombia\/","og_site_name":"Universidad Cat\u00f3lica De Colombia","article_publisher":"https:\/\/www.facebook.com\/ucatolicacolombia","article_published_time":"2026-04-28T19:47:35+00:00","article_modified_time":"2026-04-28T19:48:12+00:00","og_image":[{"width":870,"height":522,"url":"https:\/\/www.ucatolica.edu.co\/portal\/wp-content\/uploads\/2026\/04\/3-4.jpg","type":"image\/jpeg"}],"author":"Leidy Dayanna Jaramillo Tavera","twitter_card":"summary_large_image","twitter_creator":"@UCatolicaCol","twitter_site":"@UCatolicaCol","twitter_misc":{"Escrito por":"Leidy Dayanna Jaramillo Tavera","Tiempo de lectura":"2 minutos"},"schema":{"@context":"https:\/\/schema.org","@graph":[{"@type":"Article","@id":"https:\/\/www.ucatolica.edu.co\/portal\/estudiantes-del-colegio-san-benito-de-sibate-vivieron-una-jornada-de-inmersion-en-la-universidad-catolica-de-colombia\/#article","isPartOf":{"@id":"https:\/\/www.ucatolica.edu.co\/portal\/estudiantes-del-colegio-san-benito-de-sibate-vivieron-una-jornada-de-inmersion-en-la-universidad-catolica-de-colombia\/"},"author":{"name":"Leidy Dayanna Jaramillo Tavera","@id":"https:\/\/www.ucatolica.edu.co\/portal\/#\/schema\/person\/c03ebc5b4f80ce7b8947aa9ddece408a"},"headline":"Estudiantes del Colegio San Benito de Sibat\u00e9 vivieron una jornada de inmersi\u00f3n en la Universidad Cat\u00f3lica de Colombia","datePublished":"2026-04-28T19:47:35+00:00","dateModified":"2026-04-28T19:48:12+00:00","mainEntityOfPage":{"@id":"https:\/\/www.ucatolica.edu.co\/portal\/estudiantes-del-colegio-san-benito-de-sibate-vivieron-una-jornada-de-inmersion-en-la-universidad-catolica-de-colombia\/"},"wordCount":396,"publisher":{"@id":"https:\/\/www.ucatolica.edu.co\/portal\/#organization"},"image":{"@id":"https:\/\/www.ucatolica.edu.co\/portal\/estudiantes-del-colegio-san-benito-de-sibate-vivieron-una-jornada-de-inmersion-en-la-universidad-catolica-de-colombia\/#primaryimage"},"thumbnailUrl":"https:\/\/www.ucatolica.edu.co\/portal\/wp-content\/uploads\/2026\/04\/3-4.jpg","articleSection":["Noticias Principales"],"inLanguage":"es-CO"},{"@type":"WebPage","@id":"https:\/\/www.ucatolica.edu.co\/portal\/estudiantes-del-colegio-san-benito-de-sibate-vivieron-una-jornada-de-inmersion-en-la-universidad-catolica-de-colombia\/","url":"https:\/\/www.ucatolica.edu.co\/portal\/estudiantes-del-colegio-san-benito-de-sibate-vivieron-una-jornada-de-inmersion-en-la-universidad-catolica-de-colombia\/","name":"Estudiantes del Colegio San Benito de Sibat\u00e9 vivieron una jornada de inmersi\u00f3n en la Universidad Cat\u00f3lica de Colombia - Universidad Cat\u00f3lica De Colombia","isPartOf":{"@id":"https:\/\/www.ucatolica.edu.co\/portal\/#website"},"primaryImageOfPage":{"@id":"https:\/\/www.ucatolica.edu.co\/portal\/estudiantes-del-colegio-san-benito-de-sibate-vivieron-una-jornada-de-inmersion-en-la-universidad-catolica-de-colombia\/#primaryimage"},"image":{"@id":"https:\/\/www.ucatolica.edu.co\/portal\/estudiantes-del-colegio-san-benito-de-sibate-vivieron-una-jornada-de-inmersion-en-la-universidad-catolica-de-colombia\/#primaryimage"},"thumbnailUrl":"https:\/\/www.ucatolica.edu.co\/portal\/wp-content\/uploads\/2026\/04\/3-4.jpg","datePublished":"2026-04-28T19:47:35+00:00","dateModified":"2026-04-28T19:48:12+00:00","breadcrumb":{"@id":"https:\/\/www.ucatolica.edu.co\/portal\/estudiantes-del-colegio-san-benito-de-sibate-vivieron-una-jornada-de-inmersion-en-la-universidad-catolica-de-colombia\/#breadcrumb"},"inLanguage":"es-CO","potentialAction":[{"@type":"ReadAction","target":["https:\/\/www.ucatolica.edu.co\/portal\/estudiantes-del-colegio-san-benito-de-sibate-vivieron-una-jornada-de-inmersion-en-la-universidad-catolica-de-colombia\/"]}]},{"@type":"ImageObject","inLanguage":"es-CO","@id":"https:\/\/www.ucatolica.edu.co\/portal\/estudiantes-del-colegio-san-benito-de-sibate-vivieron-una-jornada-de-inmersion-en-la-universidad-catolica-de-colombia\/#primaryimage","url":"https:\/\/www.ucatolica.edu.co\/portal\/wp-content\/uploads\/2026\/04\/3-4.jpg","contentUrl":"https:\/\/www.ucatolica.edu.co\/portal\/wp-content\/uploads\/2026\/04\/3-4.jpg","width":870,"height":522,"caption":"Estudiantes en los laboratorios"},{"@type":"BreadcrumbList","@id":"https:\/\/www.ucatolica.edu.co\/portal\/estudiantes-del-colegio-san-benito-de-sibate-vivieron-una-jornada-de-inmersion-en-la-universidad-catolica-de-colombia\/#breadcrumb","itemListElement":[{"@type":"ListItem","position":1,"name":"Inicio","item":"https:\/\/www.ucatolica.edu.co\/portal\/"},{"@type":"ListItem","position":2,"name":"Estudiantes del Colegio San Benito de Sibat\u00e9 vivieron una jornada de inmersi\u00f3n en la Universidad Cat\u00f3lica de Colombia"}]},{"@type":"WebSite","@id":"https:\/\/www.ucatolica.edu.co\/portal\/#website","url":"https:\/\/www.ucatolica.edu.co\/portal\/","name":"Universidad Cat\u00f3lica De Colombia","description":"Universidad Cat\u00f3lica De Colombia","publisher":{"@id":"https:\/\/www.ucatolica.edu.co\/portal\/#organization"},"potentialAction":[{"@type":"SearchAction","target":{"@type":"EntryPoint","urlTemplate":"https:\/\/www.ucatolica.edu.co\/portal\/?s={search_term_string}"},"query-input":{"@type":"PropertyValueSpecification","valueRequired":true,"valueName":"search_term_string"}}],"inLanguage":"es-CO"},{"@type":"Organization","@id":"https:\/\/www.ucatolica.edu.co\/portal\/#organization","name":"Universidad Cat\u00f3lica de Colombia","url":"https:\/\/www.ucatolica.edu.co\/portal\/","logo":{"@type":"ImageObject","inLanguage":"es-CO","@id":"https:\/\/www.ucatolica.edu.co\/portal\/#\/schema\/logo\/image\/","url":"https:\/\/www.ucatolica.edu.co\/portal\/wp-content\/uploads\/2021\/06\/logo-header-ho-1.svg","contentUrl":"https:\/\/www.ucatolica.edu.co\/portal\/wp-content\/uploads\/2021\/06\/logo-header-ho-1.svg","width":1,"height":1,"caption":"Universidad Cat\u00f3lica de Colombia"},"image":{"@id":"https:\/\/www.ucatolica.edu.co\/portal\/#\/schema\/logo\/image\/"},"sameAs":["https:\/\/www.facebook.com\/ucatolicacolombia","https:\/\/x.com\/UCatolicaCol","https:\/\/www.instagram.com\/universidadcatolicadecolombia\/","https:\/\/www.linkedin.com\/company\/universidadcatolicadecolombia\/","https:\/\/www.youtube.com\/user\/UCatolicaCo"]},{"@type":"Person","@id":"https:\/\/www.ucatolica.edu.co\/portal\/#\/schema\/person\/c03ebc5b4f80ce7b8947aa9ddece408a","name":"Leidy Dayanna Jaramillo Tavera","url":"https:\/\/www.ucatolica.edu.co\/portal\/author\/dayana\/"}]}},"author_meta":{"display_name":"Leidy Dayanna Jaramillo Tavera","author_link":"https:\/\/www.ucatolica.edu.co\/portal\/author\/dayana\/"},"featured_img":"https:\/\/www.ucatolica.edu.co\/portal\/wp-content\/uploads\/2026\/04\/3-4.jpg","coauthors":[],"tax_additional":{"categories":{"linked":["<a href=\"https:\/\/www.ucatolica.edu.co\/portal\/category\/noticias-principales\/\" class=\"advgb-post-tax-term\">Noticias Principales<\/a>"],"unlinked":["<span class=\"advgb-post-tax-term\">Noticias Principales<\/span>"]}},"comment_count":"0","relative_dates":{"created":"Posted 12 horas ago","modified":"Updated 12 horas ago"},"absolute_dates":{"created":"Posted on 28 abril, 2026","modified":"Updated on 28 abril, 2026"},"absolute_dates_time":{"created":"Posted on 28 abril, 2026 2:47 pm","modified":"Updated on 28 abril, 2026 2:48 pm"},"featured_img_caption":"","series_order":"","_links":{"self":[{"href":"https:\/\/www.ucatolica.edu.co\/portal\/wp-json\/wp\/v2\/posts\/133083","targetHints":{"allow":["GET"]}}],"collection":[{"href":"https:\/\/www.ucatolica.edu.co\/portal\/wp-json\/wp\/v2\/posts"}],"about":[{"href":"https:\/\/www.ucatolica.edu.co\/portal\/wp-json\/wp\/v2\/types\/post"}],"author":[{"embeddable":true,"href":"https:\/\/www.ucatolica.edu.co\/portal\/wp-json\/wp\/v2\/users\/61"}],"replies":[{"embeddable":true,"href":"https:\/\/www.ucatolica.edu.co\/portal\/wp-json\/wp\/v2\/comments?post=133083"}],"version-history":[{"count":4,"href":"https:\/\/www.ucatolica.edu.co\/portal\/wp-json\/wp\/v2\/posts\/133083\/revisions"}],"predecessor-version":[{"id":133247,"href":"https:\/\/www.ucatolica.edu.co\/portal\/wp-json\/wp\/v2\/posts\/133083\/revisions\/133247"}],"wp:featuredmedia":[{"embeddable":true,"href":"https:\/\/www.ucatolica.edu.co\/portal\/wp-json\/wp\/v2\/media\/133085"}],"wp:attachment":[{"href":"https:\/\/www.ucatolica.edu.co\/portal\/wp-json\/wp\/v2\/media?parent=133083"}],"wp:term":[{"taxonomy":"category","embeddable":true,"href":"https:\/\/www.ucatolica.edu.co\/portal\/wp-json\/wp\/v2\/categories?post=133083"},{"taxonomy":"post_tag","embeddable":true,"href":"https:\/\/www.ucatolica.edu.co\/portal\/wp-json\/wp\/v2\/tags?post=133083"}],"curies":[{"name":"wp","href":"https:\/\/api.w.org\/{rel}","templated":true}]}}