{"id":133170,"date":"2026-04-24T15:33:49","date_gmt":"2026-04-24T20:33:49","guid":{"rendered":"https:\/\/www.ucatolica.edu.co\/portal\/?p=133170"},"modified":"2026-04-24T16:06:28","modified_gmt":"2026-04-24T21:06:28","slug":"haz-parte-del-x-congreso-internacional-de-psicologia-aportes-para-el-bienestar-global","status":"publish","type":"post","link":"https:\/\/www.ucatolica.edu.co\/portal\/haz-parte-del-x-congreso-internacional-de-psicologia-aportes-para-el-bienestar-global\/","title":{"rendered":"Haz parte del X Congreso Internacional de Psicolog\u00eda: aportes para el bienestar global"},"content":{"rendered":"\n<p>La Facultad de Psicolog\u00eda de la Universidad Cat\u00f3lica de Colombia invita a la comunidad acad\u00e9mica, investigativa y profesional a participar en el X Congreso Internacional de Psicolog\u00eda: Aportes para el bienestar global, un espacio dise\u00f1ado para la reflexi\u00f3n cr\u00edtica, el di\u00e1logo interdisciplinar y el intercambio de conocimientos orientados al fortalecimiento de la salud mental en contextos contempor\u00e1neos.<\/p>\n\n\n\n<p>El evento se realizar\u00e1 del 17 al 19 de septiembre de 2026 en Bogot\u00e1, consolid\u00e1ndose como un escenario acad\u00e9mico de alto impacto que promueve la construcci\u00f3n de soluciones innovadoras frente a los desaf\u00edos del bienestar psicol\u00f3gico en un mundo globalizado.<\/p>\n\n\n\n<h2 class=\"wp-block-heading\">Un espacio para pensar el bienestar en contextos globales<\/h2>\n\n\n\n<p>En un entorno marcado por la interconexi\u00f3n, la digitalizaci\u00f3n y la movilidad humana, el congreso propone una mirada integral que articula investigaci\u00f3n, intervenci\u00f3n y formaci\u00f3n profesional. Estos procesos, aunque representan desaf\u00edos, tambi\u00e9n abren oportunidades para repensar el cuidado de la salud mental y fortalecer el tejido social.<\/p>\n\n\n\n<p>El evento busca visibilizar experiencias, investigaciones y pr\u00e1cticas que aporten al bienestar integral, promoviendo respuestas \u00e9ticas y humanas frente a las din\u00e1micas sociales y culturales actuales.<\/p>\n\n\n\n<h2 class=\"wp-block-heading\">Convocatoria abierta para investigadores y acad\u00e9micos<\/h2>\n\n\n\n<p>El congreso abre su convocatoria para la presentaci\u00f3n de trabajos en distintas modalidades, con el prop\u00f3sito de fomentar el intercambio acad\u00e9mico y la democratizaci\u00f3n del conocimiento.<\/p>\n\n\n\n<h3 class=\"wp-block-heading\">Modalidades de participaci\u00f3n:<\/h3>\n\n\n\n<ul class=\"wp-block-list\">\n<li>Trabajos libres (investigaci\u00f3n b\u00e1sica y aplicada).<\/li>\n\n\n\n<li>Simposios acad\u00e9micos.<\/li>\n\n\n\n<li>Presentaci\u00f3n de productos editoriales.<\/li>\n\n\n\n<li>P\u00f3sters.<\/li>\n<\/ul>\n\n\n\n<h3 class=\"wp-block-heading\">Actividades destacadas:<\/h3>\n\n\n\n<ul class=\"wp-block-list\">\n<li>Conferencias nacionales e internacionales.<\/li>\n\n\n\n<li>Simposios acad\u00e9micos.<\/li>\n\n\n\n<li>Presentaci\u00f3n de investigaciones.<\/li>\n\n\n\n<li>Feria de emprendimiento.<\/li>\n\n\n\n<li>Exhibici\u00f3n de productos editoriales.<\/li>\n<\/ul>\n\n\n\n<p><strong>Participaci\u00f3n sin costo<\/strong><\/p>\n\n\n\n<p>Como apuesta por el acceso abierto al conocimiento, la participaci\u00f3n en el congreso no tendr\u00e1 costo de inscripci\u00f3n para ponentes seleccionados ni asistentes. Todas las propuestas ser\u00e1n evaluadas por un Comit\u00e9 Cient\u00edfico, que seleccionar\u00e1 los trabajos con mayor calidad y pertinencia.<\/p>\n\n\n\n<h2 class=\"wp-block-heading\">Fechas clave<\/h2>\n\n\n\n<ul class=\"wp-block-list\">\n<li><strong>Lanzamiento del evento y apertura de la convocatoria: <\/strong>6 de mayo 2026 \u2013 4:00pm<\/li>\n\n\n\n<li><strong>Fecha l\u00edmite para el env\u00edo de res\u00famenes (trabajo libre, congreso y posters):<\/strong> 26 de julio 2026<\/li>\n\n\n\n<li><strong>Publicaci\u00f3n de agenda: <\/strong>18 agosto 2026<\/li>\n\n\n\n<li><strong>Realizaci\u00f3n del evento: <\/strong>17 al 19 de septiembre de 2026<\/li>\n<\/ul>\n\n\n\n<p><strong><em>Las personas interesadas en participar, se deben de inscribir <a href=\"https:\/\/forms.cloud.microsoft\/pages\/responsepage.aspx?id=SHEi1DBJBk-LqghF_1flQRaRTcr5KoJIoXiBc_rPrFBUQlFJNDlZNkE3V1pTNEE5TDI2UzI0SDZETi4u&amp;route=shorturl\" target=\"_blank\" rel=\"noreferrer noopener\">aqu\u00ed.<\/a><\/em><\/strong><\/p>\n\n\n\n<h2 class=\"wp-block-heading\">\u00bfC\u00f3mo participar?<\/h2>\n\n\n\n<p>Los interesados en participar como ponentes deber\u00e1n enviar sus propuestas a trav\u00e9s del formulario oficial, cumpliendo con las gu\u00edas establecidas para cada modalidad. Asimismo, deber\u00e1n adjuntar el documento de autorizaci\u00f3n de publicaci\u00f3n para la inclusi\u00f3n en las memorias del evento.<\/p>\n\n\n\n<p>Cada modalidad cuenta con lineamientos espec\u00edficos en cuanto a estructura, tiempos de presentaci\u00f3n y uso de plantillas oficiales, garantizando la calidad acad\u00e9mica del congreso.<\/p>\n\n\n\n<h2 class=\"wp-block-heading\">Un escenario para el intercambio y la construcci\u00f3n de conocimiento<\/h2>\n\n\n\n<p><strong>El X Congreso Internacional de Psicolog\u00eda: <\/strong>Aportes para el bienestar global se consolida como un espacio clave para el di\u00e1logo acad\u00e9mico, la generaci\u00f3n de redes de conocimiento y la proyecci\u00f3n de investigaciones que impactan positivamente la salud mental en contextos locales y globales.<\/p>\n\n\n\n<p><strong>Documentos de inter\u00e9s:<\/strong><\/p>\n\n\n\n<ul class=\"wp-block-list\">\n<li><a href=\"https:\/\/www.ucatolica.edu.co\/portal\/wp-content\/uploads\/2026\/04\/Guia-de-presentacion-de-Resumen-X-Congreso-Editorial-2.docx\" target=\"_blank\" rel=\"noreferrer noopener\">Gu\u00eda de presentaci\u00f3n de resumen de presentaci\u00f3n editorial.<\/a><\/li>\n\n\n\n<li><a href=\"https:\/\/www.ucatolica.edu.co\/portal\/wp-content\/uploads\/2026\/04\/Guia-de-presentacion-de-Resumen-X-Congreso-Simposio-3.docx\">Gu\u00eda de presentaci\u00f3n de resumen de simposio.<\/a><\/li>\n\n\n\n<li><a href=\"https:\/\/www.ucatolica.edu.co\/portal\/wp-content\/uploads\/2026\/04\/Guia-de-presentacion-de-Resumen-X-Congreso-Trabajo-Libre-1.docx\" target=\"_blank\" rel=\"noreferrer noopener\">Gu\u00eda de presentaci\u00f3n de modalidad trabajo libre.<\/a><\/li>\n\n\n\n<li><a href=\"https:\/\/www.ucatolica.edu.co\/portal\/wp-content\/uploads\/2026\/04\/Autorizacion-publicacion.-Congreso-2026-1.docx\">Autorizaci\u00f3n de publicaci\u00f3n de memorias.<\/a><\/li>\n\n\n\n<li><a href=\"https:\/\/www.ucatolica.edu.co\/portal\/wp-content\/uploads\/2026\/04\/Guia-de-presentacion-de-Resumen-de-trabajo-y-posters-1.docx\" target=\"_blank\" rel=\"noreferrer noopener\">Gu\u00eda de presentaci\u00f3n de resumen de mesas de trabajo y p\u00f3sters.<\/a><\/li>\n<\/ul>\n\n\n\n<p><\/p>\n\n\n\n<p><strong>M\u00e1s informaci\u00f3n:<\/strong> <\/p>\n\n\n\n<p>correo electr\u00f3nico: <a href=\"mailto:simposiopsicologia@ucatolica.edu.co\">simposiopsicologia@ucatolica.edu.co<\/a> <\/p>\n\n\n\n<p>Avenida Caracas No. 46-22 (Bogot\u00e1 D.C.) &#8211; Universidad Cat\u00f3lica de Colombia \u2013 Sede Facultad de Psicolog\u00eda<\/p>\n","protected":false},"excerpt":{"rendered":"<p>La Facultad de Psicolog\u00eda de la Universidad Cat\u00f3lica de Colombia invita a la comunidad acad\u00e9mica, investigativa y profesional a participar en el X Congreso Internacional de Psicolog\u00eda: Aportes para el bienestar global, un espacio dise\u00f1ado para la reflexi\u00f3n cr\u00edtica, el di\u00e1logo interdisciplinar y el intercambio de conocimientos orientados al fortalecimiento de la salud mental en [&hellip;]<\/p>\n","protected":false},"author":61,"featured_media":133178,"comment_status":"closed","ping_status":"closed","sticky":false,"template":"","format":"standard","meta":{"_acf_changed":false,"advgb_blocks_editor_width":"","advgb_blocks_columns_visual_guide":"","footnotes":""},"categories":[1816],"tags":[],"class_list":["post-133170","post","type-post","status-publish","format-standard","has-post-thumbnail","hentry","category-noticias-destacadas"],"acf":[],"yoast_head":"<!-- This site is optimized with the Yoast SEO plugin v26.7 - https:\/\/yoast.com\/wordpress\/plugins\/seo\/ -->\n<title>Haz parte del X Congreso Internacional de Psicolog\u00eda: aportes para el bienestar global - Universidad Cat\u00f3lica De Colombia<\/title>\n<meta name=\"robots\" content=\"index, follow, max-snippet:-1, max-image-preview:large, max-video-preview:-1\" \/>\n<link rel=\"canonical\" href=\"https:\/\/www.ucatolica.edu.co\/portal\/haz-parte-del-x-congreso-internacional-de-psicologia-aportes-para-el-bienestar-global\/\" \/>\n<meta property=\"og:locale\" content=\"es_ES\" \/>\n<meta property=\"og:type\" content=\"article\" \/>\n<meta property=\"og:title\" content=\"Haz parte del X Congreso Internacional de Psicolog\u00eda: aportes para el bienestar global - Universidad Cat\u00f3lica De Colombia\" \/>\n<meta property=\"og:description\" content=\"La Facultad de Psicolog\u00eda de la Universidad Cat\u00f3lica de Colombia invita a la comunidad acad\u00e9mica, investigativa y profesional a participar en el X Congreso Internacional de Psicolog\u00eda: Aportes para el bienestar global, un espacio dise\u00f1ado para la reflexi\u00f3n cr\u00edtica, el di\u00e1logo interdisciplinar y el intercambio de conocimientos orientados al fortalecimiento de la salud mental en [&hellip;]\" \/>\n<meta property=\"og:url\" content=\"https:\/\/www.ucatolica.edu.co\/portal\/haz-parte-del-x-congreso-internacional-de-psicologia-aportes-para-el-bienestar-global\/\" \/>\n<meta property=\"og:site_name\" content=\"Universidad Cat\u00f3lica De Colombia\" \/>\n<meta property=\"article:publisher\" content=\"https:\/\/www.facebook.com\/ucatolicacolombia\" \/>\n<meta property=\"article:published_time\" content=\"2026-04-24T20:33:49+00:00\" \/>\n<meta property=\"article:modified_time\" content=\"2026-04-24T21:06:28+00:00\" \/>\n<meta property=\"og:image\" content=\"https:\/\/www.ucatolica.edu.co\/portal\/wp-content\/uploads\/2026\/04\/Imagen-Noticia-1.jpg\" \/>\n\t<meta property=\"og:image:width\" content=\"870\" \/>\n\t<meta property=\"og:image:height\" content=\"522\" \/>\n\t<meta property=\"og:image:type\" content=\"image\/jpeg\" \/>\n<meta name=\"author\" content=\"Leidy Dayanna Jaramillo Tavera\" \/>\n<meta name=\"twitter:card\" content=\"summary_large_image\" \/>\n<meta name=\"twitter:creator\" content=\"@UCatolicaCol\" \/>\n<meta name=\"twitter:site\" content=\"@UCatolicaCol\" \/>\n<meta name=\"twitter:label1\" content=\"Escrito por\" \/>\n\t<meta name=\"twitter:data1\" content=\"Leidy Dayanna Jaramillo Tavera\" \/>\n\t<meta name=\"twitter:label2\" content=\"Tiempo de lectura\" \/>\n\t<meta name=\"twitter:data2\" content=\"3 minutos\" \/>\n<script type=\"application\/ld+json\" class=\"yoast-schema-graph\">{\"@context\":\"https:\/\/schema.org\",\"@graph\":[{\"@type\":\"Article\",\"@id\":\"https:\/\/www.ucatolica.edu.co\/portal\/haz-parte-del-x-congreso-internacional-de-psicologia-aportes-para-el-bienestar-global\/#article\",\"isPartOf\":{\"@id\":\"https:\/\/www.ucatolica.edu.co\/portal\/haz-parte-del-x-congreso-internacional-de-psicologia-aportes-para-el-bienestar-global\/\"},\"author\":{\"name\":\"Leidy Dayanna Jaramillo Tavera\",\"@id\":\"https:\/\/www.ucatolica.edu.co\/portal\/#\/schema\/person\/c03ebc5b4f80ce7b8947aa9ddece408a\"},\"headline\":\"Haz parte del X Congreso Internacional de Psicolog\u00eda: aportes para el bienestar global\",\"datePublished\":\"2026-04-24T20:33:49+00:00\",\"dateModified\":\"2026-04-24T21:06:28+00:00\",\"mainEntityOfPage\":{\"@id\":\"https:\/\/www.ucatolica.edu.co\/portal\/haz-parte-del-x-congreso-internacional-de-psicologia-aportes-para-el-bienestar-global\/\"},\"wordCount\":614,\"publisher\":{\"@id\":\"https:\/\/www.ucatolica.edu.co\/portal\/#organization\"},\"image\":{\"@id\":\"https:\/\/www.ucatolica.edu.co\/portal\/haz-parte-del-x-congreso-internacional-de-psicologia-aportes-para-el-bienestar-global\/#primaryimage\"},\"thumbnailUrl\":\"https:\/\/www.ucatolica.edu.co\/portal\/wp-content\/uploads\/2026\/04\/Imagen-Noticia-1.jpg\",\"articleSection\":[\"Noticias Destacadas\"],\"inLanguage\":\"es-CO\"},{\"@type\":\"WebPage\",\"@id\":\"https:\/\/www.ucatolica.edu.co\/portal\/haz-parte-del-x-congreso-internacional-de-psicologia-aportes-para-el-bienestar-global\/\",\"url\":\"https:\/\/www.ucatolica.edu.co\/portal\/haz-parte-del-x-congreso-internacional-de-psicologia-aportes-para-el-bienestar-global\/\",\"name\":\"Haz parte del X Congreso Internacional de Psicolog\u00eda: aportes para el bienestar global - Universidad Cat\u00f3lica De Colombia\",\"isPartOf\":{\"@id\":\"https:\/\/www.ucatolica.edu.co\/portal\/#website\"},\"primaryImageOfPage\":{\"@id\":\"https:\/\/www.ucatolica.edu.co\/portal\/haz-parte-del-x-congreso-internacional-de-psicologia-aportes-para-el-bienestar-global\/#primaryimage\"},\"image\":{\"@id\":\"https:\/\/www.ucatolica.edu.co\/portal\/haz-parte-del-x-congreso-internacional-de-psicologia-aportes-para-el-bienestar-global\/#primaryimage\"},\"thumbnailUrl\":\"https:\/\/www.ucatolica.edu.co\/portal\/wp-content\/uploads\/2026\/04\/Imagen-Noticia-1.jpg\",\"datePublished\":\"2026-04-24T20:33:49+00:00\",\"dateModified\":\"2026-04-24T21:06:28+00:00\",\"breadcrumb\":{\"@id\":\"https:\/\/www.ucatolica.edu.co\/portal\/haz-parte-del-x-congreso-internacional-de-psicologia-aportes-para-el-bienestar-global\/#breadcrumb\"},\"inLanguage\":\"es-CO\",\"potentialAction\":[{\"@type\":\"ReadAction\",\"target\":[\"https:\/\/www.ucatolica.edu.co\/portal\/haz-parte-del-x-congreso-internacional-de-psicologia-aportes-para-el-bienestar-global\/\"]}]},{\"@type\":\"ImageObject\",\"inLanguage\":\"es-CO\",\"@id\":\"https:\/\/www.ucatolica.edu.co\/portal\/haz-parte-del-x-congreso-internacional-de-psicologia-aportes-para-el-bienestar-global\/#primaryimage\",\"url\":\"https:\/\/www.ucatolica.edu.co\/portal\/wp-content\/uploads\/2026\/04\/Imagen-Noticia-1.jpg\",\"contentUrl\":\"https:\/\/www.ucatolica.edu.co\/portal\/wp-content\/uploads\/2026\/04\/Imagen-Noticia-1.jpg\",\"width\":870,\"height\":522},{\"@type\":\"BreadcrumbList\",\"@id\":\"https:\/\/www.ucatolica.edu.co\/portal\/haz-parte-del-x-congreso-internacional-de-psicologia-aportes-para-el-bienestar-global\/#breadcrumb\",\"itemListElement\":[{\"@type\":\"ListItem\",\"position\":1,\"name\":\"Inicio\",\"item\":\"https:\/\/www.ucatolica.edu.co\/portal\/\"},{\"@type\":\"ListItem\",\"position\":2,\"name\":\"Haz parte del X Congreso Internacional de Psicolog\u00eda: aportes para el bienestar global\"}]},{\"@type\":\"WebSite\",\"@id\":\"https:\/\/www.ucatolica.edu.co\/portal\/#website\",\"url\":\"https:\/\/www.ucatolica.edu.co\/portal\/\",\"name\":\"Universidad Cat\u00f3lica De Colombia\",\"description\":\"Universidad Cat\u00f3lica De Colombia\",\"publisher\":{\"@id\":\"https:\/\/www.ucatolica.edu.co\/portal\/#organization\"},\"potentialAction\":[{\"@type\":\"SearchAction\",\"target\":{\"@type\":\"EntryPoint\",\"urlTemplate\":\"https:\/\/www.ucatolica.edu.co\/portal\/?s={search_term_string}\"},\"query-input\":{\"@type\":\"PropertyValueSpecification\",\"valueRequired\":true,\"valueName\":\"search_term_string\"}}],\"inLanguage\":\"es-CO\"},{\"@type\":\"Organization\",\"@id\":\"https:\/\/www.ucatolica.edu.co\/portal\/#organization\",\"name\":\"Universidad Cat\u00f3lica de Colombia\",\"url\":\"https:\/\/www.ucatolica.edu.co\/portal\/\",\"logo\":{\"@type\":\"ImageObject\",\"inLanguage\":\"es-CO\",\"@id\":\"https:\/\/www.ucatolica.edu.co\/portal\/#\/schema\/logo\/image\/\",\"url\":\"https:\/\/www.ucatolica.edu.co\/portal\/wp-content\/uploads\/2021\/06\/logo-header-ho-1.svg\",\"contentUrl\":\"https:\/\/www.ucatolica.edu.co\/portal\/wp-content\/uploads\/2021\/06\/logo-header-ho-1.svg\",\"width\":1,\"height\":1,\"caption\":\"Universidad Cat\u00f3lica de Colombia\"},\"image\":{\"@id\":\"https:\/\/www.ucatolica.edu.co\/portal\/#\/schema\/logo\/image\/\"},\"sameAs\":[\"https:\/\/www.facebook.com\/ucatolicacolombia\",\"https:\/\/x.com\/UCatolicaCol\",\"https:\/\/www.instagram.com\/universidadcatolicadecolombia\/\",\"https:\/\/www.linkedin.com\/company\/universidadcatolicadecolombia\/\",\"https:\/\/www.youtube.com\/user\/UCatolicaCo\"]},{\"@type\":\"Person\",\"@id\":\"https:\/\/www.ucatolica.edu.co\/portal\/#\/schema\/person\/c03ebc5b4f80ce7b8947aa9ddece408a\",\"name\":\"Leidy Dayanna Jaramillo Tavera\",\"url\":\"https:\/\/www.ucatolica.edu.co\/portal\/author\/dayana\/\"}]}<\/script>\n<!-- \/ Yoast SEO plugin. -->","yoast_head_json":{"title":"Haz parte del X Congreso Internacional de Psicolog\u00eda: aportes para el bienestar global - Universidad Cat\u00f3lica De Colombia","robots":{"index":"index","follow":"follow","max-snippet":"max-snippet:-1","max-image-preview":"max-image-preview:large","max-video-preview":"max-video-preview:-1"},"canonical":"https:\/\/www.ucatolica.edu.co\/portal\/haz-parte-del-x-congreso-internacional-de-psicologia-aportes-para-el-bienestar-global\/","og_locale":"es_ES","og_type":"article","og_title":"Haz parte del X Congreso Internacional de Psicolog\u00eda: aportes para el bienestar global - Universidad Cat\u00f3lica De Colombia","og_description":"La Facultad de Psicolog\u00eda de la Universidad Cat\u00f3lica de Colombia invita a la comunidad acad\u00e9mica, investigativa y profesional a participar en el X Congreso Internacional de Psicolog\u00eda: Aportes para el bienestar global, un espacio dise\u00f1ado para la reflexi\u00f3n cr\u00edtica, el di\u00e1logo interdisciplinar y el intercambio de conocimientos orientados al fortalecimiento de la salud mental en [&hellip;]","og_url":"https:\/\/www.ucatolica.edu.co\/portal\/haz-parte-del-x-congreso-internacional-de-psicologia-aportes-para-el-bienestar-global\/","og_site_name":"Universidad Cat\u00f3lica De Colombia","article_publisher":"https:\/\/www.facebook.com\/ucatolicacolombia","article_published_time":"2026-04-24T20:33:49+00:00","article_modified_time":"2026-04-24T21:06:28+00:00","og_image":[{"width":870,"height":522,"url":"https:\/\/www.ucatolica.edu.co\/portal\/wp-content\/uploads\/2026\/04\/Imagen-Noticia-1.jpg","type":"image\/jpeg"}],"author":"Leidy Dayanna Jaramillo Tavera","twitter_card":"summary_large_image","twitter_creator":"@UCatolicaCol","twitter_site":"@UCatolicaCol","twitter_misc":{"Escrito por":"Leidy Dayanna Jaramillo Tavera","Tiempo de lectura":"3 minutos"},"schema":{"@context":"https:\/\/schema.org","@graph":[{"@type":"Article","@id":"https:\/\/www.ucatolica.edu.co\/portal\/haz-parte-del-x-congreso-internacional-de-psicologia-aportes-para-el-bienestar-global\/#article","isPartOf":{"@id":"https:\/\/www.ucatolica.edu.co\/portal\/haz-parte-del-x-congreso-internacional-de-psicologia-aportes-para-el-bienestar-global\/"},"author":{"name":"Leidy Dayanna Jaramillo Tavera","@id":"https:\/\/www.ucatolica.edu.co\/portal\/#\/schema\/person\/c03ebc5b4f80ce7b8947aa9ddece408a"},"headline":"Haz parte del X Congreso Internacional de Psicolog\u00eda: aportes para el bienestar global","datePublished":"2026-04-24T20:33:49+00:00","dateModified":"2026-04-24T21:06:28+00:00","mainEntityOfPage":{"@id":"https:\/\/www.ucatolica.edu.co\/portal\/haz-parte-del-x-congreso-internacional-de-psicologia-aportes-para-el-bienestar-global\/"},"wordCount":614,"publisher":{"@id":"https:\/\/www.ucatolica.edu.co\/portal\/#organization"},"image":{"@id":"https:\/\/www.ucatolica.edu.co\/portal\/haz-parte-del-x-congreso-internacional-de-psicologia-aportes-para-el-bienestar-global\/#primaryimage"},"thumbnailUrl":"https:\/\/www.ucatolica.edu.co\/portal\/wp-content\/uploads\/2026\/04\/Imagen-Noticia-1.jpg","articleSection":["Noticias Destacadas"],"inLanguage":"es-CO"},{"@type":"WebPage","@id":"https:\/\/www.ucatolica.edu.co\/portal\/haz-parte-del-x-congreso-internacional-de-psicologia-aportes-para-el-bienestar-global\/","url":"https:\/\/www.ucatolica.edu.co\/portal\/haz-parte-del-x-congreso-internacional-de-psicologia-aportes-para-el-bienestar-global\/","name":"Haz parte del X Congreso Internacional de Psicolog\u00eda: aportes para el bienestar global - Universidad Cat\u00f3lica De Colombia","isPartOf":{"@id":"https:\/\/www.ucatolica.edu.co\/portal\/#website"},"primaryImageOfPage":{"@id":"https:\/\/www.ucatolica.edu.co\/portal\/haz-parte-del-x-congreso-internacional-de-psicologia-aportes-para-el-bienestar-global\/#primaryimage"},"image":{"@id":"https:\/\/www.ucatolica.edu.co\/portal\/haz-parte-del-x-congreso-internacional-de-psicologia-aportes-para-el-bienestar-global\/#primaryimage"},"thumbnailUrl":"https:\/\/www.ucatolica.edu.co\/portal\/wp-content\/uploads\/2026\/04\/Imagen-Noticia-1.jpg","datePublished":"2026-04-24T20:33:49+00:00","dateModified":"2026-04-24T21:06:28+00:00","breadcrumb":{"@id":"https:\/\/www.ucatolica.edu.co\/portal\/haz-parte-del-x-congreso-internacional-de-psicologia-aportes-para-el-bienestar-global\/#breadcrumb"},"inLanguage":"es-CO","potentialAction":[{"@type":"ReadAction","target":["https:\/\/www.ucatolica.edu.co\/portal\/haz-parte-del-x-congreso-internacional-de-psicologia-aportes-para-el-bienestar-global\/"]}]},{"@type":"ImageObject","inLanguage":"es-CO","@id":"https:\/\/www.ucatolica.edu.co\/portal\/haz-parte-del-x-congreso-internacional-de-psicologia-aportes-para-el-bienestar-global\/#primaryimage","url":"https:\/\/www.ucatolica.edu.co\/portal\/wp-content\/uploads\/2026\/04\/Imagen-Noticia-1.jpg","contentUrl":"https:\/\/www.ucatolica.edu.co\/portal\/wp-content\/uploads\/2026\/04\/Imagen-Noticia-1.jpg","width":870,"height":522},{"@type":"BreadcrumbList","@id":"https:\/\/www.ucatolica.edu.co\/portal\/haz-parte-del-x-congreso-internacional-de-psicologia-aportes-para-el-bienestar-global\/#breadcrumb","itemListElement":[{"@type":"ListItem","position":1,"name":"Inicio","item":"https:\/\/www.ucatolica.edu.co\/portal\/"},{"@type":"ListItem","position":2,"name":"Haz parte del X Congreso Internacional de Psicolog\u00eda: aportes para el bienestar global"}]},{"@type":"WebSite","@id":"https:\/\/www.ucatolica.edu.co\/portal\/#website","url":"https:\/\/www.ucatolica.edu.co\/portal\/","name":"Universidad Cat\u00f3lica De Colombia","description":"Universidad Cat\u00f3lica De Colombia","publisher":{"@id":"https:\/\/www.ucatolica.edu.co\/portal\/#organization"},"potentialAction":[{"@type":"SearchAction","target":{"@type":"EntryPoint","urlTemplate":"https:\/\/www.ucatolica.edu.co\/portal\/?s={search_term_string}"},"query-input":{"@type":"PropertyValueSpecification","valueRequired":true,"valueName":"search_term_string"}}],"inLanguage":"es-CO"},{"@type":"Organization","@id":"https:\/\/www.ucatolica.edu.co\/portal\/#organization","name":"Universidad Cat\u00f3lica de Colombia","url":"https:\/\/www.ucatolica.edu.co\/portal\/","logo":{"@type":"ImageObject","inLanguage":"es-CO","@id":"https:\/\/www.ucatolica.edu.co\/portal\/#\/schema\/logo\/image\/","url":"https:\/\/www.ucatolica.edu.co\/portal\/wp-content\/uploads\/2021\/06\/logo-header-ho-1.svg","contentUrl":"https:\/\/www.ucatolica.edu.co\/portal\/wp-content\/uploads\/2021\/06\/logo-header-ho-1.svg","width":1,"height":1,"caption":"Universidad Cat\u00f3lica de Colombia"},"image":{"@id":"https:\/\/www.ucatolica.edu.co\/portal\/#\/schema\/logo\/image\/"},"sameAs":["https:\/\/www.facebook.com\/ucatolicacolombia","https:\/\/x.com\/UCatolicaCol","https:\/\/www.instagram.com\/universidadcatolicadecolombia\/","https:\/\/www.linkedin.com\/company\/universidadcatolicadecolombia\/","https:\/\/www.youtube.com\/user\/UCatolicaCo"]},{"@type":"Person","@id":"https:\/\/www.ucatolica.edu.co\/portal\/#\/schema\/person\/c03ebc5b4f80ce7b8947aa9ddece408a","name":"Leidy Dayanna Jaramillo Tavera","url":"https:\/\/www.ucatolica.edu.co\/portal\/author\/dayana\/"}]}},"author_meta":{"display_name":"Leidy Dayanna Jaramillo Tavera","author_link":"https:\/\/www.ucatolica.edu.co\/portal\/author\/dayana\/"},"featured_img":"https:\/\/www.ucatolica.edu.co\/portal\/wp-content\/uploads\/2026\/04\/Imagen-Noticia-1.jpg","coauthors":[],"tax_additional":{"categories":{"linked":["<a href=\"https:\/\/www.ucatolica.edu.co\/portal\/category\/noticias-destacadas\/\" class=\"advgb-post-tax-term\">Noticias Destacadas<\/a>"],"unlinked":["<span class=\"advgb-post-tax-term\">Noticias Destacadas<\/span>"]}},"comment_count":"0","relative_dates":{"created":"Posted 3 d\u00edas ago","modified":"Updated 3 d\u00edas ago"},"absolute_dates":{"created":"Posted on 24 abril, 2026","modified":"Updated on 24 abril, 2026"},"absolute_dates_time":{"created":"Posted on 24 abril, 2026 3:33 pm","modified":"Updated on 24 abril, 2026 4:06 pm"},"featured_img_caption":"","series_order":"","_links":{"self":[{"href":"https:\/\/www.ucatolica.edu.co\/portal\/wp-json\/wp\/v2\/posts\/133170","targetHints":{"allow":["GET"]}}],"collection":[{"href":"https:\/\/www.ucatolica.edu.co\/portal\/wp-json\/wp\/v2\/posts"}],"about":[{"href":"https:\/\/www.ucatolica.edu.co\/portal\/wp-json\/wp\/v2\/types\/post"}],"author":[{"embeddable":true,"href":"https:\/\/www.ucatolica.edu.co\/portal\/wp-json\/wp\/v2\/users\/61"}],"replies":[{"embeddable":true,"href":"https:\/\/www.ucatolica.edu.co\/portal\/wp-json\/wp\/v2\/comments?post=133170"}],"version-history":[{"count":9,"href":"https:\/\/www.ucatolica.edu.co\/portal\/wp-json\/wp\/v2\/posts\/133170\/revisions"}],"predecessor-version":[{"id":133198,"href":"https:\/\/www.ucatolica.edu.co\/portal\/wp-json\/wp\/v2\/posts\/133170\/revisions\/133198"}],"wp:featuredmedia":[{"embeddable":true,"href":"https:\/\/www.ucatolica.edu.co\/portal\/wp-json\/wp\/v2\/media\/133178"}],"wp:attachment":[{"href":"https:\/\/www.ucatolica.edu.co\/portal\/wp-json\/wp\/v2\/media?parent=133170"}],"wp:term":[{"taxonomy":"category","embeddable":true,"href":"https:\/\/www.ucatolica.edu.co\/portal\/wp-json\/wp\/v2\/categories?post=133170"},{"taxonomy":"post_tag","embeddable":true,"href":"https:\/\/www.ucatolica.edu.co\/portal\/wp-json\/wp\/v2\/tags?post=133170"}],"curies":[{"name":"wp","href":"https:\/\/api.w.org\/{rel}","templated":true}]}}