{"id":133223,"date":"2026-04-27T17:36:51","date_gmt":"2026-04-27T22:36:51","guid":{"rendered":"https:\/\/www.ucatolica.edu.co\/portal\/?p=133223"},"modified":"2026-04-27T17:36:52","modified_gmt":"2026-04-27T22:36:52","slug":"match-politica-amor-y-pantallas-el-exitoso-lanzamiento-de-la-primera-novela-grafica-de-la-universidad-catolica-de-colombia-en-la-filbo-2026","status":"publish","type":"post","link":"https:\/\/www.ucatolica.edu.co\/portal\/match-politica-amor-y-pantallas-el-exitoso-lanzamiento-de-la-primera-novela-grafica-de-la-universidad-catolica-de-colombia-en-la-filbo-2026\/","title":{"rendered":"Match: pol\u00edtica, amor y pantallas, el exitoso lanzamiento de la primera novela gr\u00e1fica de la Universidad Cat\u00f3lica de Colombia en la FILBo 2026"},"content":{"rendered":"\n<p>En el marco de la Feria Internacional del Libro de Bogot\u00e1 \u2013 FILBo 2026, la Universidad Cat\u00f3lica de Colombia vivi\u00f3 uno de sus lanzamientos editoriales m\u00e1s especiales: <em>Match: Pol\u00edtica, amor y pantallas<\/em>, la primera novela gr\u00e1fica de la Editorial UCdeC, una obra que conquist\u00f3 al p\u00fablico por su mirada cr\u00edtica, sensible y profundamente actual sobre las relaciones afectivas en tiempos de polarizaci\u00f3n digital.<\/p>\n\n\n\n<p>El evento reuni\u00f3 a estudiantes, docentes, investigadores, invitados y visitantes de la feria en torno a una conversaci\u00f3n que demostr\u00f3 que la academia tambi\u00e9n puede narrarse desde otros lenguajes, m\u00e1s cercanos, visuales y potentes. La acogida fue un \u00e9xito y confirm\u00f3 el inter\u00e9s de los lectores por nuevas formas de contar la realidad social contempor\u00e1nea.<\/p>\n\n\n\n<figure class=\"wp-block-image size-full\"><img fetchpriority=\"high\" decoding=\"async\" width=\"870\" height=\"522\" src=\"https:\/\/www.ucatolica.edu.co\/portal\/wp-content\/uploads\/2026\/04\/3.png\" alt=\"\" class=\"wp-image-133225\" srcset=\"https:\/\/www.ucatolica.edu.co\/portal\/wp-content\/uploads\/2026\/04\/3.png 870w, https:\/\/www.ucatolica.edu.co\/portal\/wp-content\/uploads\/2026\/04\/3-768x461.png 768w\" sizes=\"(max-width: 870px) 100vw, 870px\" \/><\/figure>\n\n\n\n<p>Esta novela gr\u00e1fica relata la historia de Sebasti\u00e1n y Lina, una pareja que intenta construir su relaci\u00f3n en medio de una campa\u00f1a electoral marcada por la polarizaci\u00f3n pol\u00edtica amplificada por las redes sociales. Entre algoritmos, estereotipos, burbujas informativas y conflictos interpersonales, la obra propone una reflexi\u00f3n sobre c\u00f3mo lo digital atraviesa la vida cotidiana y afecta la forma en que nos relacionamos con los dem\u00e1s y con nosotros mismos.<\/p>\n\n\n\n<p>Su propuesta visual tambi\u00e9n se convierte en parte esencial del relato: mientras el mundo offline se presenta de forma m\u00e1s realista, el universo online aparece caricaturizado, con cambios de color, tipograf\u00eda y formas que dramatizan el riesgo de que la identidad digital termine devorando la parte m\u00e1s humana y no polarizada del ser.<\/p>\n\n\n\n<p>Durante la apertura, Carlos Arias, director de la Editorial de la Universidad Cat\u00f3lica de Colombia, destac\u00f3 la relevancia de esta publicaci\u00f3n como una apuesta editorial innovadora para la instituci\u00f3n:<\/p>\n\n\n\n<p>\u201cEste libro es una muestra clara de trabajo conjunto\u201d, expres\u00f3, resaltando la articulaci\u00f3n con la Asociaci\u00f3n Colombiana de Facultades de Psicolog\u00eda (ASCOFAPSI) y la Escuela Superior de Administraci\u00f3n P\u00fablica (ESAP), aliados fundamentales para hacer realidad esta obra.<\/p>\n\n\n\n<figure class=\"wp-block-image size-full\"><img decoding=\"async\" width=\"870\" height=\"522\" src=\"https:\/\/www.ucatolica.edu.co\/portal\/wp-content\/uploads\/2026\/04\/2-1.png\" alt=\"\" class=\"wp-image-133226\" srcset=\"https:\/\/www.ucatolica.edu.co\/portal\/wp-content\/uploads\/2026\/04\/2-1.png 870w, https:\/\/www.ucatolica.edu.co\/portal\/wp-content\/uploads\/2026\/04\/2-1-768x461.png 768w\" sizes=\"(max-width: 870px) 100vw, 870px\" \/><\/figure>\n\n\n\n<p>Asimismo, subray\u00f3 el valor acad\u00e9mico y creativo detr\u00e1s de la publicaci\u00f3n al afirmar que la novela nace de una investigaci\u00f3n doctoral laureada sobre polarizaci\u00f3n pol\u00edtica en redes sociales y logra traducir ese conocimiento en una historia cercana y profundamente humana.<\/p>\n\n\n\n<p>\u201cLlevar una investigaci\u00f3n que se hace en la academia, traducirla en un guion de ficci\u00f3n y convertirla en algo que nos llegue profundamente no es una tarea sencilla\u201d, se\u00f1al\u00f3 durante el conversatorio.<\/p>\n\n\n\n<p>El panel cont\u00f3 con la participaci\u00f3n de Diana Camila Garz\u00f3n Velandia, investigadora de la obra y docente de la Facultad de Psicolog\u00eda; Andrea Cagua Mart\u00ednez, autora del guion; Laura Guarisco, ilustradora y creadora visual de la novela; y M\u00f3nika Contreras Saiz, investigadora del Instituto de Estudios Latinoamericanos de la Freie Universit\u00e4t Berlin.<\/p>\n\n\n\n<p>Diana Camila Garz\u00f3n explic\u00f3 que la historia surge de una pregunta muy cercana a la realidad actual: \u00bfdebemos cortar lazos afectivos por diferencias pol\u00edticas irreconciliables? A partir de all\u00ed, se construy\u00f3 una narrativa que evita caricaturizar ideolog\u00edas y apuesta por personajes complejos, con contradicciones, matices y emociones reales.<\/p>\n\n\n\n<p>Por su parte, Andrea Cagua resalt\u00f3 que uno de los mayores retos fue condensar una extensa investigaci\u00f3n acad\u00e9mica en una historia breve pero poderosa, mientras que Laura Guarisco logr\u00f3 trasladar visualmente conceptos como la burbuja informativa, la radicalizaci\u00f3n y la deformaci\u00f3n de la percepci\u00f3n en redes sociales.<\/p>\n\n\n\n<figure class=\"wp-block-image size-full\"><img decoding=\"async\" width=\"870\" height=\"522\" src=\"https:\/\/www.ucatolica.edu.co\/portal\/wp-content\/uploads\/2026\/04\/4.png\" alt=\"\" class=\"wp-image-133224\" srcset=\"https:\/\/www.ucatolica.edu.co\/portal\/wp-content\/uploads\/2026\/04\/4.png 870w, https:\/\/www.ucatolica.edu.co\/portal\/wp-content\/uploads\/2026\/04\/4-768x461.png 768w\" sizes=\"(max-width: 870px) 100vw, 870px\" \/><\/figure>\n\n\n\n<p>La obra tambi\u00e9n aborda temas como la desinformaci\u00f3n, las teor\u00edas de conspiraci\u00f3n y los prejuicios pol\u00edticos, invitando al lector a detenerse, dudar y recuperar el di\u00e1logo como salida posible frente a la confrontaci\u00f3n permanente.<\/p>\n\n\n\n<p>Con este lanzamiento, la Editorial UCdeC no solo present\u00f3 su primera novela gr\u00e1fica, sino que abri\u00f3 una nueva forma de conectar investigaci\u00f3n, cultura y sociedad, demostrando que los libros tambi\u00e9n pueden ser puentes para entender mejor nuestro presente.<\/p>\n\n\n\n<p>Las personas interesadas en adquirir <em>Match: Pol\u00edtica, amor y pantallas<\/em> pueden hacerlo a trav\u00e9s de la Editorial de la Universidad Cat\u00f3lica de Colombia en su cat\u00e1logo digital de publicaciones o haciendo clic <strong><a href=\"https:\/\/publicacionesucatolica.publica.la\/library\" target=\"_blank\" rel=\"noreferrer noopener\">aqu\u00ed.<\/a><\/strong><\/p>\n\n\n\n<p><\/p>\n","protected":false},"excerpt":{"rendered":"<p>En el marco de la Feria Internacional del Libro de Bogot\u00e1 \u2013 FILBo 2026, la Universidad Cat\u00f3lica de Colombia vivi\u00f3 uno de sus lanzamientos editoriales m\u00e1s especiales: Match: Pol\u00edtica, amor y pantallas, la primera novela gr\u00e1fica de la Editorial UCdeC, una obra que conquist\u00f3 al p\u00fablico por su mirada cr\u00edtica, sensible y profundamente actual sobre [&hellip;]<\/p>\n","protected":false},"author":4,"featured_media":133227,"comment_status":"closed","ping_status":"closed","sticky":false,"template":"","format":"standard","meta":{"_acf_changed":false,"advgb_blocks_editor_width":"","advgb_blocks_columns_visual_guide":"","footnotes":""},"categories":[93],"tags":[3508,507,497,3503,3506,3448,3507,3447,3504],"class_list":["post-133223","post","type-post","status-publish","format-standard","has-post-thumbnail","hentry","category-noticias-principales","tag-diana-camila-garzon-velandia","tag-editorial-universidad-catolica-de-colombia","tag-facultad-de-psicologia","tag-filbo2026","tag-laura-guarisco","tag-match-politica","tag-monika-contreras-saiz","tag-novela-grafica","tag-polarizacion-digital"],"acf":[],"yoast_head":"<!-- This site is optimized with the Yoast SEO plugin v26.7 - https:\/\/yoast.com\/wordpress\/plugins\/seo\/ -->\n<title>Match: pol\u00edtica, amor y pantallas, el exitoso lanzamiento de la primera novela gr\u00e1fica de la Universidad Cat\u00f3lica de Colombia en la FILBo 2026 - Universidad Cat\u00f3lica De Colombia<\/title>\n<meta name=\"robots\" content=\"index, follow, max-snippet:-1, max-image-preview:large, max-video-preview:-1\" \/>\n<link rel=\"canonical\" href=\"https:\/\/www.ucatolica.edu.co\/portal\/match-politica-amor-y-pantallas-el-exitoso-lanzamiento-de-la-primera-novela-grafica-de-la-universidad-catolica-de-colombia-en-la-filbo-2026\/\" \/>\n<meta property=\"og:locale\" content=\"es_ES\" \/>\n<meta property=\"og:type\" content=\"article\" \/>\n<meta property=\"og:title\" content=\"Match: pol\u00edtica, amor y pantallas, el exitoso lanzamiento de la primera novela gr\u00e1fica de la Universidad Cat\u00f3lica de Colombia en la FILBo 2026 - Universidad Cat\u00f3lica De Colombia\" \/>\n<meta property=\"og:description\" content=\"En el marco de la Feria Internacional del Libro de Bogot\u00e1 \u2013 FILBo 2026, la Universidad Cat\u00f3lica de Colombia vivi\u00f3 uno de sus lanzamientos editoriales m\u00e1s especiales: Match: Pol\u00edtica, amor y pantallas, la primera novela gr\u00e1fica de la Editorial UCdeC, una obra que conquist\u00f3 al p\u00fablico por su mirada cr\u00edtica, sensible y profundamente actual sobre [&hellip;]\" \/>\n<meta property=\"og:url\" content=\"https:\/\/www.ucatolica.edu.co\/portal\/match-politica-amor-y-pantallas-el-exitoso-lanzamiento-de-la-primera-novela-grafica-de-la-universidad-catolica-de-colombia-en-la-filbo-2026\/\" \/>\n<meta property=\"og:site_name\" content=\"Universidad Cat\u00f3lica De Colombia\" \/>\n<meta property=\"article:publisher\" content=\"https:\/\/www.facebook.com\/ucatolicacolombia\" \/>\n<meta property=\"article:published_time\" content=\"2026-04-27T22:36:51+00:00\" \/>\n<meta property=\"article:modified_time\" content=\"2026-04-27T22:36:52+00:00\" \/>\n<meta property=\"og:image\" content=\"https:\/\/www.ucatolica.edu.co\/portal\/wp-content\/uploads\/2026\/04\/1.png\" \/>\n\t<meta property=\"og:image:width\" content=\"870\" \/>\n\t<meta property=\"og:image:height\" content=\"522\" \/>\n\t<meta property=\"og:image:type\" content=\"image\/png\" \/>\n<meta name=\"author\" content=\"Cindy Lugo\" \/>\n<meta name=\"twitter:card\" content=\"summary_large_image\" \/>\n<meta name=\"twitter:creator\" content=\"@UCatolicaCol\" \/>\n<meta name=\"twitter:site\" content=\"@UCatolicaCol\" \/>\n<meta name=\"twitter:label1\" content=\"Escrito por\" \/>\n\t<meta name=\"twitter:data1\" content=\"Cindy Lugo\" \/>\n\t<meta name=\"twitter:label2\" content=\"Tiempo de lectura\" \/>\n\t<meta name=\"twitter:data2\" content=\"3 minutos\" \/>\n<script type=\"application\/ld+json\" class=\"yoast-schema-graph\">{\"@context\":\"https:\/\/schema.org\",\"@graph\":[{\"@type\":\"Article\",\"@id\":\"https:\/\/www.ucatolica.edu.co\/portal\/match-politica-amor-y-pantallas-el-exitoso-lanzamiento-de-la-primera-novela-grafica-de-la-universidad-catolica-de-colombia-en-la-filbo-2026\/#article\",\"isPartOf\":{\"@id\":\"https:\/\/www.ucatolica.edu.co\/portal\/match-politica-amor-y-pantallas-el-exitoso-lanzamiento-de-la-primera-novela-grafica-de-la-universidad-catolica-de-colombia-en-la-filbo-2026\/\"},\"author\":{\"name\":\"Cindy Lugo\",\"@id\":\"https:\/\/www.ucatolica.edu.co\/portal\/#\/schema\/person\/a7469afff252fba81c6cdc40c80f00b6\"},\"headline\":\"Match: pol\u00edtica, amor y pantallas, el exitoso lanzamiento de la primera novela gr\u00e1fica de la Universidad Cat\u00f3lica de Colombia en la FILBo 2026\",\"datePublished\":\"2026-04-27T22:36:51+00:00\",\"dateModified\":\"2026-04-27T22:36:52+00:00\",\"mainEntityOfPage\":{\"@id\":\"https:\/\/www.ucatolica.edu.co\/portal\/match-politica-amor-y-pantallas-el-exitoso-lanzamiento-de-la-primera-novela-grafica-de-la-universidad-catolica-de-colombia-en-la-filbo-2026\/\"},\"wordCount\":723,\"publisher\":{\"@id\":\"https:\/\/www.ucatolica.edu.co\/portal\/#organization\"},\"image\":{\"@id\":\"https:\/\/www.ucatolica.edu.co\/portal\/match-politica-amor-y-pantallas-el-exitoso-lanzamiento-de-la-primera-novela-grafica-de-la-universidad-catolica-de-colombia-en-la-filbo-2026\/#primaryimage\"},\"thumbnailUrl\":\"https:\/\/www.ucatolica.edu.co\/portal\/wp-content\/uploads\/2026\/04\/1.png\",\"keywords\":[\"Diana Camila Garz\u00f3n Velandia\",\"Editorial Universidad Cat\u00f3lica de Colombia\",\"Facultad de Psicolog\u00eda\",\"Filbo2026\",\"Laura Guarisco\",\"Match: Pol\u00edtica\",\"M\u00f3nika Contreras Saiz\",\"Novela gr\u00e1fica\",\"Polarizaci\u00f3n digital\"],\"articleSection\":[\"Noticias Principales\"],\"inLanguage\":\"es-CO\"},{\"@type\":\"WebPage\",\"@id\":\"https:\/\/www.ucatolica.edu.co\/portal\/match-politica-amor-y-pantallas-el-exitoso-lanzamiento-de-la-primera-novela-grafica-de-la-universidad-catolica-de-colombia-en-la-filbo-2026\/\",\"url\":\"https:\/\/www.ucatolica.edu.co\/portal\/match-politica-amor-y-pantallas-el-exitoso-lanzamiento-de-la-primera-novela-grafica-de-la-universidad-catolica-de-colombia-en-la-filbo-2026\/\",\"name\":\"Match: pol\u00edtica, amor y pantallas, el exitoso lanzamiento de la primera novela gr\u00e1fica de la Universidad Cat\u00f3lica de Colombia en la FILBo 2026 - Universidad Cat\u00f3lica De Colombia\",\"isPartOf\":{\"@id\":\"https:\/\/www.ucatolica.edu.co\/portal\/#website\"},\"primaryImageOfPage\":{\"@id\":\"https:\/\/www.ucatolica.edu.co\/portal\/match-politica-amor-y-pantallas-el-exitoso-lanzamiento-de-la-primera-novela-grafica-de-la-universidad-catolica-de-colombia-en-la-filbo-2026\/#primaryimage\"},\"image\":{\"@id\":\"https:\/\/www.ucatolica.edu.co\/portal\/match-politica-amor-y-pantallas-el-exitoso-lanzamiento-de-la-primera-novela-grafica-de-la-universidad-catolica-de-colombia-en-la-filbo-2026\/#primaryimage\"},\"thumbnailUrl\":\"https:\/\/www.ucatolica.edu.co\/portal\/wp-content\/uploads\/2026\/04\/1.png\",\"datePublished\":\"2026-04-27T22:36:51+00:00\",\"dateModified\":\"2026-04-27T22:36:52+00:00\",\"breadcrumb\":{\"@id\":\"https:\/\/www.ucatolica.edu.co\/portal\/match-politica-amor-y-pantallas-el-exitoso-lanzamiento-de-la-primera-novela-grafica-de-la-universidad-catolica-de-colombia-en-la-filbo-2026\/#breadcrumb\"},\"inLanguage\":\"es-CO\",\"potentialAction\":[{\"@type\":\"ReadAction\",\"target\":[\"https:\/\/www.ucatolica.edu.co\/portal\/match-politica-amor-y-pantallas-el-exitoso-lanzamiento-de-la-primera-novela-grafica-de-la-universidad-catolica-de-colombia-en-la-filbo-2026\/\"]}]},{\"@type\":\"ImageObject\",\"inLanguage\":\"es-CO\",\"@id\":\"https:\/\/www.ucatolica.edu.co\/portal\/match-politica-amor-y-pantallas-el-exitoso-lanzamiento-de-la-primera-novela-grafica-de-la-universidad-catolica-de-colombia-en-la-filbo-2026\/#primaryimage\",\"url\":\"https:\/\/www.ucatolica.edu.co\/portal\/wp-content\/uploads\/2026\/04\/1.png\",\"contentUrl\":\"https:\/\/www.ucatolica.edu.co\/portal\/wp-content\/uploads\/2026\/04\/1.png\",\"width\":870,\"height\":522},{\"@type\":\"BreadcrumbList\",\"@id\":\"https:\/\/www.ucatolica.edu.co\/portal\/match-politica-amor-y-pantallas-el-exitoso-lanzamiento-de-la-primera-novela-grafica-de-la-universidad-catolica-de-colombia-en-la-filbo-2026\/#breadcrumb\",\"itemListElement\":[{\"@type\":\"ListItem\",\"position\":1,\"name\":\"Inicio\",\"item\":\"https:\/\/www.ucatolica.edu.co\/portal\/\"},{\"@type\":\"ListItem\",\"position\":2,\"name\":\"Match: pol\u00edtica, amor y pantallas, el exitoso lanzamiento de la primera novela gr\u00e1fica de la Universidad Cat\u00f3lica de Colombia en la FILBo 2026\"}]},{\"@type\":\"WebSite\",\"@id\":\"https:\/\/www.ucatolica.edu.co\/portal\/#website\",\"url\":\"https:\/\/www.ucatolica.edu.co\/portal\/\",\"name\":\"Universidad Cat\u00f3lica De Colombia\",\"description\":\"Universidad Cat\u00f3lica De Colombia\",\"publisher\":{\"@id\":\"https:\/\/www.ucatolica.edu.co\/portal\/#organization\"},\"potentialAction\":[{\"@type\":\"SearchAction\",\"target\":{\"@type\":\"EntryPoint\",\"urlTemplate\":\"https:\/\/www.ucatolica.edu.co\/portal\/?s={search_term_string}\"},\"query-input\":{\"@type\":\"PropertyValueSpecification\",\"valueRequired\":true,\"valueName\":\"search_term_string\"}}],\"inLanguage\":\"es-CO\"},{\"@type\":\"Organization\",\"@id\":\"https:\/\/www.ucatolica.edu.co\/portal\/#organization\",\"name\":\"Universidad Cat\u00f3lica de Colombia\",\"url\":\"https:\/\/www.ucatolica.edu.co\/portal\/\",\"logo\":{\"@type\":\"ImageObject\",\"inLanguage\":\"es-CO\",\"@id\":\"https:\/\/www.ucatolica.edu.co\/portal\/#\/schema\/logo\/image\/\",\"url\":\"https:\/\/www.ucatolica.edu.co\/portal\/wp-content\/uploads\/2021\/06\/logo-header-ho-1.svg\",\"contentUrl\":\"https:\/\/www.ucatolica.edu.co\/portal\/wp-content\/uploads\/2021\/06\/logo-header-ho-1.svg\",\"width\":1,\"height\":1,\"caption\":\"Universidad Cat\u00f3lica de Colombia\"},\"image\":{\"@id\":\"https:\/\/www.ucatolica.edu.co\/portal\/#\/schema\/logo\/image\/\"},\"sameAs\":[\"https:\/\/www.facebook.com\/ucatolicacolombia\",\"https:\/\/x.com\/UCatolicaCol\",\"https:\/\/www.instagram.com\/universidadcatolicadecolombia\/\",\"https:\/\/www.linkedin.com\/company\/universidadcatolicadecolombia\/\",\"https:\/\/www.youtube.com\/user\/UCatolicaCo\"]},{\"@type\":\"Person\",\"@id\":\"https:\/\/www.ucatolica.edu.co\/portal\/#\/schema\/person\/a7469afff252fba81c6cdc40c80f00b6\",\"name\":\"Cindy Lugo\",\"url\":\"https:\/\/www.ucatolica.edu.co\/portal\/author\/cindy\/\"}]}<\/script>\n<!-- \/ Yoast SEO plugin. -->","yoast_head_json":{"title":"Match: pol\u00edtica, amor y pantallas, el exitoso lanzamiento de la primera novela gr\u00e1fica de la Universidad Cat\u00f3lica de Colombia en la FILBo 2026 - Universidad Cat\u00f3lica De Colombia","robots":{"index":"index","follow":"follow","max-snippet":"max-snippet:-1","max-image-preview":"max-image-preview:large","max-video-preview":"max-video-preview:-1"},"canonical":"https:\/\/www.ucatolica.edu.co\/portal\/match-politica-amor-y-pantallas-el-exitoso-lanzamiento-de-la-primera-novela-grafica-de-la-universidad-catolica-de-colombia-en-la-filbo-2026\/","og_locale":"es_ES","og_type":"article","og_title":"Match: pol\u00edtica, amor y pantallas, el exitoso lanzamiento de la primera novela gr\u00e1fica de la Universidad Cat\u00f3lica de Colombia en la FILBo 2026 - Universidad Cat\u00f3lica De Colombia","og_description":"En el marco de la Feria Internacional del Libro de Bogot\u00e1 \u2013 FILBo 2026, la Universidad Cat\u00f3lica de Colombia vivi\u00f3 uno de sus lanzamientos editoriales m\u00e1s especiales: Match: Pol\u00edtica, amor y pantallas, la primera novela gr\u00e1fica de la Editorial UCdeC, una obra que conquist\u00f3 al p\u00fablico por su mirada cr\u00edtica, sensible y profundamente actual sobre [&hellip;]","og_url":"https:\/\/www.ucatolica.edu.co\/portal\/match-politica-amor-y-pantallas-el-exitoso-lanzamiento-de-la-primera-novela-grafica-de-la-universidad-catolica-de-colombia-en-la-filbo-2026\/","og_site_name":"Universidad Cat\u00f3lica De Colombia","article_publisher":"https:\/\/www.facebook.com\/ucatolicacolombia","article_published_time":"2026-04-27T22:36:51+00:00","article_modified_time":"2026-04-27T22:36:52+00:00","og_image":[{"width":870,"height":522,"url":"https:\/\/www.ucatolica.edu.co\/portal\/wp-content\/uploads\/2026\/04\/1.png","type":"image\/png"}],"author":"Cindy Lugo","twitter_card":"summary_large_image","twitter_creator":"@UCatolicaCol","twitter_site":"@UCatolicaCol","twitter_misc":{"Escrito por":"Cindy Lugo","Tiempo de lectura":"3 minutos"},"schema":{"@context":"https:\/\/schema.org","@graph":[{"@type":"Article","@id":"https:\/\/www.ucatolica.edu.co\/portal\/match-politica-amor-y-pantallas-el-exitoso-lanzamiento-de-la-primera-novela-grafica-de-la-universidad-catolica-de-colombia-en-la-filbo-2026\/#article","isPartOf":{"@id":"https:\/\/www.ucatolica.edu.co\/portal\/match-politica-amor-y-pantallas-el-exitoso-lanzamiento-de-la-primera-novela-grafica-de-la-universidad-catolica-de-colombia-en-la-filbo-2026\/"},"author":{"name":"Cindy Lugo","@id":"https:\/\/www.ucatolica.edu.co\/portal\/#\/schema\/person\/a7469afff252fba81c6cdc40c80f00b6"},"headline":"Match: pol\u00edtica, amor y pantallas, el exitoso lanzamiento de la primera novela gr\u00e1fica de la Universidad Cat\u00f3lica de Colombia en la FILBo 2026","datePublished":"2026-04-27T22:36:51+00:00","dateModified":"2026-04-27T22:36:52+00:00","mainEntityOfPage":{"@id":"https:\/\/www.ucatolica.edu.co\/portal\/match-politica-amor-y-pantallas-el-exitoso-lanzamiento-de-la-primera-novela-grafica-de-la-universidad-catolica-de-colombia-en-la-filbo-2026\/"},"wordCount":723,"publisher":{"@id":"https:\/\/www.ucatolica.edu.co\/portal\/#organization"},"image":{"@id":"https:\/\/www.ucatolica.edu.co\/portal\/match-politica-amor-y-pantallas-el-exitoso-lanzamiento-de-la-primera-novela-grafica-de-la-universidad-catolica-de-colombia-en-la-filbo-2026\/#primaryimage"},"thumbnailUrl":"https:\/\/www.ucatolica.edu.co\/portal\/wp-content\/uploads\/2026\/04\/1.png","keywords":["Diana Camila Garz\u00f3n Velandia","Editorial Universidad Cat\u00f3lica de Colombia","Facultad de Psicolog\u00eda","Filbo2026","Laura Guarisco","Match: Pol\u00edtica","M\u00f3nika Contreras Saiz","Novela gr\u00e1fica","Polarizaci\u00f3n digital"],"articleSection":["Noticias Principales"],"inLanguage":"es-CO"},{"@type":"WebPage","@id":"https:\/\/www.ucatolica.edu.co\/portal\/match-politica-amor-y-pantallas-el-exitoso-lanzamiento-de-la-primera-novela-grafica-de-la-universidad-catolica-de-colombia-en-la-filbo-2026\/","url":"https:\/\/www.ucatolica.edu.co\/portal\/match-politica-amor-y-pantallas-el-exitoso-lanzamiento-de-la-primera-novela-grafica-de-la-universidad-catolica-de-colombia-en-la-filbo-2026\/","name":"Match: pol\u00edtica, amor y pantallas, el exitoso lanzamiento de la primera novela gr\u00e1fica de la Universidad Cat\u00f3lica de Colombia en la FILBo 2026 - Universidad Cat\u00f3lica De Colombia","isPartOf":{"@id":"https:\/\/www.ucatolica.edu.co\/portal\/#website"},"primaryImageOfPage":{"@id":"https:\/\/www.ucatolica.edu.co\/portal\/match-politica-amor-y-pantallas-el-exitoso-lanzamiento-de-la-primera-novela-grafica-de-la-universidad-catolica-de-colombia-en-la-filbo-2026\/#primaryimage"},"image":{"@id":"https:\/\/www.ucatolica.edu.co\/portal\/match-politica-amor-y-pantallas-el-exitoso-lanzamiento-de-la-primera-novela-grafica-de-la-universidad-catolica-de-colombia-en-la-filbo-2026\/#primaryimage"},"thumbnailUrl":"https:\/\/www.ucatolica.edu.co\/portal\/wp-content\/uploads\/2026\/04\/1.png","datePublished":"2026-04-27T22:36:51+00:00","dateModified":"2026-04-27T22:36:52+00:00","breadcrumb":{"@id":"https:\/\/www.ucatolica.edu.co\/portal\/match-politica-amor-y-pantallas-el-exitoso-lanzamiento-de-la-primera-novela-grafica-de-la-universidad-catolica-de-colombia-en-la-filbo-2026\/#breadcrumb"},"inLanguage":"es-CO","potentialAction":[{"@type":"ReadAction","target":["https:\/\/www.ucatolica.edu.co\/portal\/match-politica-amor-y-pantallas-el-exitoso-lanzamiento-de-la-primera-novela-grafica-de-la-universidad-catolica-de-colombia-en-la-filbo-2026\/"]}]},{"@type":"ImageObject","inLanguage":"es-CO","@id":"https:\/\/www.ucatolica.edu.co\/portal\/match-politica-amor-y-pantallas-el-exitoso-lanzamiento-de-la-primera-novela-grafica-de-la-universidad-catolica-de-colombia-en-la-filbo-2026\/#primaryimage","url":"https:\/\/www.ucatolica.edu.co\/portal\/wp-content\/uploads\/2026\/04\/1.png","contentUrl":"https:\/\/www.ucatolica.edu.co\/portal\/wp-content\/uploads\/2026\/04\/1.png","width":870,"height":522},{"@type":"BreadcrumbList","@id":"https:\/\/www.ucatolica.edu.co\/portal\/match-politica-amor-y-pantallas-el-exitoso-lanzamiento-de-la-primera-novela-grafica-de-la-universidad-catolica-de-colombia-en-la-filbo-2026\/#breadcrumb","itemListElement":[{"@type":"ListItem","position":1,"name":"Inicio","item":"https:\/\/www.ucatolica.edu.co\/portal\/"},{"@type":"ListItem","position":2,"name":"Match: pol\u00edtica, amor y pantallas, el exitoso lanzamiento de la primera novela gr\u00e1fica de la Universidad Cat\u00f3lica de Colombia en la FILBo 2026"}]},{"@type":"WebSite","@id":"https:\/\/www.ucatolica.edu.co\/portal\/#website","url":"https:\/\/www.ucatolica.edu.co\/portal\/","name":"Universidad Cat\u00f3lica De Colombia","description":"Universidad Cat\u00f3lica De Colombia","publisher":{"@id":"https:\/\/www.ucatolica.edu.co\/portal\/#organization"},"potentialAction":[{"@type":"SearchAction","target":{"@type":"EntryPoint","urlTemplate":"https:\/\/www.ucatolica.edu.co\/portal\/?s={search_term_string}"},"query-input":{"@type":"PropertyValueSpecification","valueRequired":true,"valueName":"search_term_string"}}],"inLanguage":"es-CO"},{"@type":"Organization","@id":"https:\/\/www.ucatolica.edu.co\/portal\/#organization","name":"Universidad Cat\u00f3lica de Colombia","url":"https:\/\/www.ucatolica.edu.co\/portal\/","logo":{"@type":"ImageObject","inLanguage":"es-CO","@id":"https:\/\/www.ucatolica.edu.co\/portal\/#\/schema\/logo\/image\/","url":"https:\/\/www.ucatolica.edu.co\/portal\/wp-content\/uploads\/2021\/06\/logo-header-ho-1.svg","contentUrl":"https:\/\/www.ucatolica.edu.co\/portal\/wp-content\/uploads\/2021\/06\/logo-header-ho-1.svg","width":1,"height":1,"caption":"Universidad Cat\u00f3lica de Colombia"},"image":{"@id":"https:\/\/www.ucatolica.edu.co\/portal\/#\/schema\/logo\/image\/"},"sameAs":["https:\/\/www.facebook.com\/ucatolicacolombia","https:\/\/x.com\/UCatolicaCol","https:\/\/www.instagram.com\/universidadcatolicadecolombia\/","https:\/\/www.linkedin.com\/company\/universidadcatolicadecolombia\/","https:\/\/www.youtube.com\/user\/UCatolicaCo"]},{"@type":"Person","@id":"https:\/\/www.ucatolica.edu.co\/portal\/#\/schema\/person\/a7469afff252fba81c6cdc40c80f00b6","name":"Cindy Lugo","url":"https:\/\/www.ucatolica.edu.co\/portal\/author\/cindy\/"}]}},"author_meta":{"display_name":"Cindy Lugo","author_link":"https:\/\/www.ucatolica.edu.co\/portal\/author\/cindy\/"},"featured_img":"https:\/\/www.ucatolica.edu.co\/portal\/wp-content\/uploads\/2026\/04\/1.png","coauthors":[],"tax_additional":{"categories":{"linked":["<a href=\"https:\/\/www.ucatolica.edu.co\/portal\/category\/noticias-principales\/\" class=\"advgb-post-tax-term\">Noticias Principales<\/a>"],"unlinked":["<span class=\"advgb-post-tax-term\">Noticias Principales<\/span>"]},"tags":{"linked":["<a href=\"https:\/\/www.ucatolica.edu.co\/portal\/category\/noticias-principales\/\" class=\"advgb-post-tax-term\">Diana Camila Garz\u00f3n Velandia<\/a>","<a href=\"https:\/\/www.ucatolica.edu.co\/portal\/category\/noticias-principales\/\" class=\"advgb-post-tax-term\">Editorial Universidad Cat\u00f3lica de Colombia<\/a>","<a href=\"https:\/\/www.ucatolica.edu.co\/portal\/category\/noticias-principales\/\" class=\"advgb-post-tax-term\">Facultad de Psicolog\u00eda<\/a>","<a href=\"https:\/\/www.ucatolica.edu.co\/portal\/category\/noticias-principales\/\" class=\"advgb-post-tax-term\">Filbo2026<\/a>","<a href=\"https:\/\/www.ucatolica.edu.co\/portal\/category\/noticias-principales\/\" class=\"advgb-post-tax-term\">Laura Guarisco<\/a>","<a href=\"https:\/\/www.ucatolica.edu.co\/portal\/category\/noticias-principales\/\" class=\"advgb-post-tax-term\">Match: Pol\u00edtica<\/a>","<a href=\"https:\/\/www.ucatolica.edu.co\/portal\/category\/noticias-principales\/\" class=\"advgb-post-tax-term\">M\u00f3nika Contreras Saiz<\/a>","<a href=\"https:\/\/www.ucatolica.edu.co\/portal\/category\/noticias-principales\/\" class=\"advgb-post-tax-term\">Novela gr\u00e1fica<\/a>","<a href=\"https:\/\/www.ucatolica.edu.co\/portal\/category\/noticias-principales\/\" class=\"advgb-post-tax-term\">Polarizaci\u00f3n digital<\/a>"],"unlinked":["<span class=\"advgb-post-tax-term\">Diana Camila Garz\u00f3n Velandia<\/span>","<span class=\"advgb-post-tax-term\">Editorial Universidad Cat\u00f3lica de Colombia<\/span>","<span class=\"advgb-post-tax-term\">Facultad de Psicolog\u00eda<\/span>","<span class=\"advgb-post-tax-term\">Filbo2026<\/span>","<span class=\"advgb-post-tax-term\">Laura Guarisco<\/span>","<span class=\"advgb-post-tax-term\">Match: Pol\u00edtica<\/span>","<span class=\"advgb-post-tax-term\">M\u00f3nika Contreras Saiz<\/span>","<span class=\"advgb-post-tax-term\">Novela gr\u00e1fica<\/span>","<span class=\"advgb-post-tax-term\">Polarizaci\u00f3n digital<\/span>"]}},"comment_count":"0","relative_dates":{"created":"Posted 9 horas ago","modified":"Updated 9 horas ago"},"absolute_dates":{"created":"Posted on 27 abril, 2026","modified":"Updated on 27 abril, 2026"},"absolute_dates_time":{"created":"Posted on 27 abril, 2026 5:36 pm","modified":"Updated on 27 abril, 2026 5:36 pm"},"featured_img_caption":"","series_order":"","_links":{"self":[{"href":"https:\/\/www.ucatolica.edu.co\/portal\/wp-json\/wp\/v2\/posts\/133223","targetHints":{"allow":["GET"]}}],"collection":[{"href":"https:\/\/www.ucatolica.edu.co\/portal\/wp-json\/wp\/v2\/posts"}],"about":[{"href":"https:\/\/www.ucatolica.edu.co\/portal\/wp-json\/wp\/v2\/types\/post"}],"author":[{"embeddable":true,"href":"https:\/\/www.ucatolica.edu.co\/portal\/wp-json\/wp\/v2\/users\/4"}],"replies":[{"embeddable":true,"href":"https:\/\/www.ucatolica.edu.co\/portal\/wp-json\/wp\/v2\/comments?post=133223"}],"version-history":[{"count":1,"href":"https:\/\/www.ucatolica.edu.co\/portal\/wp-json\/wp\/v2\/posts\/133223\/revisions"}],"predecessor-version":[{"id":133228,"href":"https:\/\/www.ucatolica.edu.co\/portal\/wp-json\/wp\/v2\/posts\/133223\/revisions\/133228"}],"wp:featuredmedia":[{"embeddable":true,"href":"https:\/\/www.ucatolica.edu.co\/portal\/wp-json\/wp\/v2\/media\/133227"}],"wp:attachment":[{"href":"https:\/\/www.ucatolica.edu.co\/portal\/wp-json\/wp\/v2\/media?parent=133223"}],"wp:term":[{"taxonomy":"category","embeddable":true,"href":"https:\/\/www.ucatolica.edu.co\/portal\/wp-json\/wp\/v2\/categories?post=133223"},{"taxonomy":"post_tag","embeddable":true,"href":"https:\/\/www.ucatolica.edu.co\/portal\/wp-json\/wp\/v2\/tags?post=133223"}],"curies":[{"name":"wp","href":"https:\/\/api.w.org\/{rel}","templated":true}]}}