{"id":133278,"date":"2026-04-30T15:59:35","date_gmt":"2026-04-30T20:59:35","guid":{"rendered":"https:\/\/www.ucatolica.edu.co\/portal\/?p=133278"},"modified":"2026-04-30T15:59:36","modified_gmt":"2026-04-30T20:59:36","slug":"xxiv-encuentro-de-universitarios-catolicos-humanizar-la-politica","status":"publish","type":"post","link":"https:\/\/www.ucatolica.edu.co\/portal\/xxiv-encuentro-de-universitarios-catolicos-humanizar-la-politica\/","title":{"rendered":"XXIV Encuentro de Universitarios Cat\u00f3licos: Humanizar la pol\u00edtica"},"content":{"rendered":"\n<p>El Departamento de Humanidades de la Universidad Cat\u00f3lica de Colombia, en articulaci\u00f3n con la Pastoral Universitaria y el Movimiento Apost\u00f3lico Militantes de Santa Mar\u00eda, invita a la comunidad acad\u00e9mica a participar en el <strong>XXIV Encuentro de Universitarios Cat\u00f3licos: \u201cHumanizar la pol\u00edtica\u201d<\/strong>, un espacio de reflexi\u00f3n y di\u00e1logo en torno al sentido y la finalidad de la pol\u00edtica en el contexto colombiano.<\/p>\n\n\n\n<p><strong>Fecha: <\/strong>09 de mayo<\/p>\n\n\n\n<p><strong>Hora:<\/strong> de 7:00 a.m. a 4:00 p.m.<\/p>\n\n\n\n<p><strong>Lugar:<\/strong> Sede La Caro &#8211; Universidad Cat\u00f3lica de Colombia<\/p>\n\n\n\n<p><a href=\"https:\/\/forms.cloud.microsoft\/r\/aNkf6tkXTT\">Inscr\u00edbete aqu\u00ed<\/a> | Cupos limitados<\/p>\n\n\n\n<p>Este encuentro tiene como prop\u00f3sito principal generar un escenario de an\u00e1lisis sobre el papel de la pol\u00edtica en la sociedad, especialmente en el marco de los pr\u00f3ximos procesos electorales en el pa\u00eds. A trav\u00e9s de un di\u00e1logo interdisciplinar, se busca promover una comprensi\u00f3n m\u00e1s humana de la pol\u00edtica, que contribuya a la construcci\u00f3n de una sociedad m\u00e1s justa y consciente.<\/p>\n\n\n\n<p>Desde hace m\u00e1s de veinte a\u00f1os, el Departamento de Humanidades, junto con la Pastoral Universitaria y las Militantes de Santa Mar\u00eda, ha liderado estos encuentros como una apuesta por la evangelizaci\u00f3n de la cultura en el \u00e1mbito universitario, integrando saberes y fortaleciendo la formaci\u00f3n integral de los participantes. Estos espacios fomentan la relaci\u00f3n entre ciencia y fe, en un ambiente de convivencia intelectual que impulsa la transformaci\u00f3n personal y social.<\/p>\n","protected":false},"excerpt":{"rendered":"<p>El Departamento de Humanidades de la Universidad Cat\u00f3lica de Colombia, en articulaci\u00f3n con la Pastoral Universitaria y el Movimiento Apost\u00f3lico Militantes de Santa Mar\u00eda, invita a la comunidad acad\u00e9mica a participar en el XXIV Encuentro de Universitarios Cat\u00f3licos: \u201cHumanizar la pol\u00edtica\u201d, un espacio de reflexi\u00f3n y di\u00e1logo en torno al sentido y la finalidad de [&hellip;]<\/p>\n","protected":false},"author":61,"featured_media":0,"comment_status":"closed","ping_status":"closed","sticky":false,"template":"","format":"standard","meta":{"_acf_changed":false,"advgb_blocks_editor_width":"","advgb_blocks_columns_visual_guide":"","footnotes":""},"categories":[738],"tags":[398],"class_list":["post-133278","post","type-post","status-publish","format-standard","hentry","category-actividades","tag-departamento-de-humanidades"],"acf":[],"yoast_head":"<!-- This site is optimized with the Yoast SEO plugin v26.7 - https:\/\/yoast.com\/wordpress\/plugins\/seo\/ -->\n<title>XXIV Encuentro de Universitarios Cat\u00f3licos: Humanizar la pol\u00edtica - Universidad Cat\u00f3lica De Colombia<\/title>\n<meta name=\"robots\" content=\"index, follow, max-snippet:-1, max-image-preview:large, max-video-preview:-1\" \/>\n<link rel=\"canonical\" href=\"https:\/\/www.ucatolica.edu.co\/portal\/xxiv-encuentro-de-universitarios-catolicos-humanizar-la-politica\/\" \/>\n<meta property=\"og:locale\" content=\"es_ES\" \/>\n<meta property=\"og:type\" content=\"article\" \/>\n<meta property=\"og:title\" content=\"XXIV Encuentro de Universitarios Cat\u00f3licos: Humanizar la pol\u00edtica - Universidad Cat\u00f3lica De Colombia\" \/>\n<meta property=\"og:description\" content=\"El Departamento de Humanidades de la Universidad Cat\u00f3lica de Colombia, en articulaci\u00f3n con la Pastoral Universitaria y el Movimiento Apost\u00f3lico Militantes de Santa Mar\u00eda, invita a la comunidad acad\u00e9mica a participar en el XXIV Encuentro de Universitarios Cat\u00f3licos: \u201cHumanizar la pol\u00edtica\u201d, un espacio de reflexi\u00f3n y di\u00e1logo en torno al sentido y la finalidad de [&hellip;]\" \/>\n<meta property=\"og:url\" content=\"https:\/\/www.ucatolica.edu.co\/portal\/xxiv-encuentro-de-universitarios-catolicos-humanizar-la-politica\/\" \/>\n<meta property=\"og:site_name\" content=\"Universidad Cat\u00f3lica De Colombia\" \/>\n<meta property=\"article:publisher\" content=\"https:\/\/www.facebook.com\/ucatolicacolombia\" \/>\n<meta property=\"article:published_time\" content=\"2026-04-30T20:59:35+00:00\" \/>\n<meta property=\"article:modified_time\" content=\"2026-04-30T20:59:36+00:00\" \/>\n<meta name=\"author\" content=\"Leidy Dayanna Jaramillo Tavera\" \/>\n<meta name=\"twitter:card\" content=\"summary_large_image\" \/>\n<meta name=\"twitter:creator\" content=\"@UCatolicaCol\" \/>\n<meta name=\"twitter:site\" content=\"@UCatolicaCol\" \/>\n<meta name=\"twitter:label1\" content=\"Escrito por\" \/>\n\t<meta name=\"twitter:data1\" content=\"Leidy Dayanna Jaramillo Tavera\" \/>\n\t<meta name=\"twitter:label2\" content=\"Tiempo de lectura\" \/>\n\t<meta name=\"twitter:data2\" content=\"1 minuto\" \/>\n<script type=\"application\/ld+json\" class=\"yoast-schema-graph\">{\"@context\":\"https:\/\/schema.org\",\"@graph\":[{\"@type\":\"Article\",\"@id\":\"https:\/\/www.ucatolica.edu.co\/portal\/xxiv-encuentro-de-universitarios-catolicos-humanizar-la-politica\/#article\",\"isPartOf\":{\"@id\":\"https:\/\/www.ucatolica.edu.co\/portal\/xxiv-encuentro-de-universitarios-catolicos-humanizar-la-politica\/\"},\"author\":{\"name\":\"Leidy Dayanna Jaramillo Tavera\",\"@id\":\"https:\/\/www.ucatolica.edu.co\/portal\/#\/schema\/person\/c03ebc5b4f80ce7b8947aa9ddece408a\"},\"headline\":\"XXIV Encuentro de Universitarios Cat\u00f3licos: Humanizar la pol\u00edtica\",\"datePublished\":\"2026-04-30T20:59:35+00:00\",\"dateModified\":\"2026-04-30T20:59:36+00:00\",\"mainEntityOfPage\":{\"@id\":\"https:\/\/www.ucatolica.edu.co\/portal\/xxiv-encuentro-de-universitarios-catolicos-humanizar-la-politica\/\"},\"wordCount\":255,\"publisher\":{\"@id\":\"https:\/\/www.ucatolica.edu.co\/portal\/#organization\"},\"keywords\":[\"Departamento de Humanidades\"],\"articleSection\":[\"Actividades\"],\"inLanguage\":\"es-CO\"},{\"@type\":\"WebPage\",\"@id\":\"https:\/\/www.ucatolica.edu.co\/portal\/xxiv-encuentro-de-universitarios-catolicos-humanizar-la-politica\/\",\"url\":\"https:\/\/www.ucatolica.edu.co\/portal\/xxiv-encuentro-de-universitarios-catolicos-humanizar-la-politica\/\",\"name\":\"XXIV Encuentro de Universitarios Cat\u00f3licos: Humanizar la pol\u00edtica - Universidad Cat\u00f3lica De Colombia\",\"isPartOf\":{\"@id\":\"https:\/\/www.ucatolica.edu.co\/portal\/#website\"},\"datePublished\":\"2026-04-30T20:59:35+00:00\",\"dateModified\":\"2026-04-30T20:59:36+00:00\",\"breadcrumb\":{\"@id\":\"https:\/\/www.ucatolica.edu.co\/portal\/xxiv-encuentro-de-universitarios-catolicos-humanizar-la-politica\/#breadcrumb\"},\"inLanguage\":\"es-CO\",\"potentialAction\":[{\"@type\":\"ReadAction\",\"target\":[\"https:\/\/www.ucatolica.edu.co\/portal\/xxiv-encuentro-de-universitarios-catolicos-humanizar-la-politica\/\"]}]},{\"@type\":\"BreadcrumbList\",\"@id\":\"https:\/\/www.ucatolica.edu.co\/portal\/xxiv-encuentro-de-universitarios-catolicos-humanizar-la-politica\/#breadcrumb\",\"itemListElement\":[{\"@type\":\"ListItem\",\"position\":1,\"name\":\"Inicio\",\"item\":\"https:\/\/www.ucatolica.edu.co\/portal\/\"},{\"@type\":\"ListItem\",\"position\":2,\"name\":\"XXIV Encuentro de Universitarios Cat\u00f3licos: Humanizar la pol\u00edtica\"}]},{\"@type\":\"WebSite\",\"@id\":\"https:\/\/www.ucatolica.edu.co\/portal\/#website\",\"url\":\"https:\/\/www.ucatolica.edu.co\/portal\/\",\"name\":\"Universidad Cat\u00f3lica De Colombia\",\"description\":\"Universidad Cat\u00f3lica De Colombia\",\"publisher\":{\"@id\":\"https:\/\/www.ucatolica.edu.co\/portal\/#organization\"},\"potentialAction\":[{\"@type\":\"SearchAction\",\"target\":{\"@type\":\"EntryPoint\",\"urlTemplate\":\"https:\/\/www.ucatolica.edu.co\/portal\/?s={search_term_string}\"},\"query-input\":{\"@type\":\"PropertyValueSpecification\",\"valueRequired\":true,\"valueName\":\"search_term_string\"}}],\"inLanguage\":\"es-CO\"},{\"@type\":\"Organization\",\"@id\":\"https:\/\/www.ucatolica.edu.co\/portal\/#organization\",\"name\":\"Universidad Cat\u00f3lica de Colombia\",\"url\":\"https:\/\/www.ucatolica.edu.co\/portal\/\",\"logo\":{\"@type\":\"ImageObject\",\"inLanguage\":\"es-CO\",\"@id\":\"https:\/\/www.ucatolica.edu.co\/portal\/#\/schema\/logo\/image\/\",\"url\":\"https:\/\/www.ucatolica.edu.co\/portal\/wp-content\/uploads\/2021\/06\/logo-header-ho-1.svg\",\"contentUrl\":\"https:\/\/www.ucatolica.edu.co\/portal\/wp-content\/uploads\/2021\/06\/logo-header-ho-1.svg\",\"width\":1,\"height\":1,\"caption\":\"Universidad Cat\u00f3lica de Colombia\"},\"image\":{\"@id\":\"https:\/\/www.ucatolica.edu.co\/portal\/#\/schema\/logo\/image\/\"},\"sameAs\":[\"https:\/\/www.facebook.com\/ucatolicacolombia\",\"https:\/\/x.com\/UCatolicaCol\",\"https:\/\/www.instagram.com\/universidadcatolicadecolombia\/\",\"https:\/\/www.linkedin.com\/company\/universidadcatolicadecolombia\/\",\"https:\/\/www.youtube.com\/user\/UCatolicaCo\"]},{\"@type\":\"Person\",\"@id\":\"https:\/\/www.ucatolica.edu.co\/portal\/#\/schema\/person\/c03ebc5b4f80ce7b8947aa9ddece408a\",\"name\":\"Leidy Dayanna Jaramillo Tavera\",\"url\":\"https:\/\/www.ucatolica.edu.co\/portal\/author\/dayana\/\"}]}<\/script>\n<!-- \/ Yoast SEO plugin. -->","yoast_head_json":{"title":"XXIV Encuentro de Universitarios Cat\u00f3licos: Humanizar la pol\u00edtica - Universidad Cat\u00f3lica De Colombia","robots":{"index":"index","follow":"follow","max-snippet":"max-snippet:-1","max-image-preview":"max-image-preview:large","max-video-preview":"max-video-preview:-1"},"canonical":"https:\/\/www.ucatolica.edu.co\/portal\/xxiv-encuentro-de-universitarios-catolicos-humanizar-la-politica\/","og_locale":"es_ES","og_type":"article","og_title":"XXIV Encuentro de Universitarios Cat\u00f3licos: Humanizar la pol\u00edtica - Universidad Cat\u00f3lica De Colombia","og_description":"El Departamento de Humanidades de la Universidad Cat\u00f3lica de Colombia, en articulaci\u00f3n con la Pastoral Universitaria y el Movimiento Apost\u00f3lico Militantes de Santa Mar\u00eda, invita a la comunidad acad\u00e9mica a participar en el XXIV Encuentro de Universitarios Cat\u00f3licos: \u201cHumanizar la pol\u00edtica\u201d, un espacio de reflexi\u00f3n y di\u00e1logo en torno al sentido y la finalidad de [&hellip;]","og_url":"https:\/\/www.ucatolica.edu.co\/portal\/xxiv-encuentro-de-universitarios-catolicos-humanizar-la-politica\/","og_site_name":"Universidad Cat\u00f3lica De Colombia","article_publisher":"https:\/\/www.facebook.com\/ucatolicacolombia","article_published_time":"2026-04-30T20:59:35+00:00","article_modified_time":"2026-04-30T20:59:36+00:00","author":"Leidy Dayanna Jaramillo Tavera","twitter_card":"summary_large_image","twitter_creator":"@UCatolicaCol","twitter_site":"@UCatolicaCol","twitter_misc":{"Escrito por":"Leidy Dayanna Jaramillo Tavera","Tiempo de lectura":"1 minuto"},"schema":{"@context":"https:\/\/schema.org","@graph":[{"@type":"Article","@id":"https:\/\/www.ucatolica.edu.co\/portal\/xxiv-encuentro-de-universitarios-catolicos-humanizar-la-politica\/#article","isPartOf":{"@id":"https:\/\/www.ucatolica.edu.co\/portal\/xxiv-encuentro-de-universitarios-catolicos-humanizar-la-politica\/"},"author":{"name":"Leidy Dayanna Jaramillo Tavera","@id":"https:\/\/www.ucatolica.edu.co\/portal\/#\/schema\/person\/c03ebc5b4f80ce7b8947aa9ddece408a"},"headline":"XXIV Encuentro de Universitarios Cat\u00f3licos: Humanizar la pol\u00edtica","datePublished":"2026-04-30T20:59:35+00:00","dateModified":"2026-04-30T20:59:36+00:00","mainEntityOfPage":{"@id":"https:\/\/www.ucatolica.edu.co\/portal\/xxiv-encuentro-de-universitarios-catolicos-humanizar-la-politica\/"},"wordCount":255,"publisher":{"@id":"https:\/\/www.ucatolica.edu.co\/portal\/#organization"},"keywords":["Departamento de Humanidades"],"articleSection":["Actividades"],"inLanguage":"es-CO"},{"@type":"WebPage","@id":"https:\/\/www.ucatolica.edu.co\/portal\/xxiv-encuentro-de-universitarios-catolicos-humanizar-la-politica\/","url":"https:\/\/www.ucatolica.edu.co\/portal\/xxiv-encuentro-de-universitarios-catolicos-humanizar-la-politica\/","name":"XXIV Encuentro de Universitarios Cat\u00f3licos: Humanizar la pol\u00edtica - Universidad Cat\u00f3lica De Colombia","isPartOf":{"@id":"https:\/\/www.ucatolica.edu.co\/portal\/#website"},"datePublished":"2026-04-30T20:59:35+00:00","dateModified":"2026-04-30T20:59:36+00:00","breadcrumb":{"@id":"https:\/\/www.ucatolica.edu.co\/portal\/xxiv-encuentro-de-universitarios-catolicos-humanizar-la-politica\/#breadcrumb"},"inLanguage":"es-CO","potentialAction":[{"@type":"ReadAction","target":["https:\/\/www.ucatolica.edu.co\/portal\/xxiv-encuentro-de-universitarios-catolicos-humanizar-la-politica\/"]}]},{"@type":"BreadcrumbList","@id":"https:\/\/www.ucatolica.edu.co\/portal\/xxiv-encuentro-de-universitarios-catolicos-humanizar-la-politica\/#breadcrumb","itemListElement":[{"@type":"ListItem","position":1,"name":"Inicio","item":"https:\/\/www.ucatolica.edu.co\/portal\/"},{"@type":"ListItem","position":2,"name":"XXIV Encuentro de Universitarios Cat\u00f3licos: Humanizar la pol\u00edtica"}]},{"@type":"WebSite","@id":"https:\/\/www.ucatolica.edu.co\/portal\/#website","url":"https:\/\/www.ucatolica.edu.co\/portal\/","name":"Universidad Cat\u00f3lica De Colombia","description":"Universidad Cat\u00f3lica De Colombia","publisher":{"@id":"https:\/\/www.ucatolica.edu.co\/portal\/#organization"},"potentialAction":[{"@type":"SearchAction","target":{"@type":"EntryPoint","urlTemplate":"https:\/\/www.ucatolica.edu.co\/portal\/?s={search_term_string}"},"query-input":{"@type":"PropertyValueSpecification","valueRequired":true,"valueName":"search_term_string"}}],"inLanguage":"es-CO"},{"@type":"Organization","@id":"https:\/\/www.ucatolica.edu.co\/portal\/#organization","name":"Universidad Cat\u00f3lica de Colombia","url":"https:\/\/www.ucatolica.edu.co\/portal\/","logo":{"@type":"ImageObject","inLanguage":"es-CO","@id":"https:\/\/www.ucatolica.edu.co\/portal\/#\/schema\/logo\/image\/","url":"https:\/\/www.ucatolica.edu.co\/portal\/wp-content\/uploads\/2021\/06\/logo-header-ho-1.svg","contentUrl":"https:\/\/www.ucatolica.edu.co\/portal\/wp-content\/uploads\/2021\/06\/logo-header-ho-1.svg","width":1,"height":1,"caption":"Universidad Cat\u00f3lica de Colombia"},"image":{"@id":"https:\/\/www.ucatolica.edu.co\/portal\/#\/schema\/logo\/image\/"},"sameAs":["https:\/\/www.facebook.com\/ucatolicacolombia","https:\/\/x.com\/UCatolicaCol","https:\/\/www.instagram.com\/universidadcatolicadecolombia\/","https:\/\/www.linkedin.com\/company\/universidadcatolicadecolombia\/","https:\/\/www.youtube.com\/user\/UCatolicaCo"]},{"@type":"Person","@id":"https:\/\/www.ucatolica.edu.co\/portal\/#\/schema\/person\/c03ebc5b4f80ce7b8947aa9ddece408a","name":"Leidy Dayanna Jaramillo Tavera","url":"https:\/\/www.ucatolica.edu.co\/portal\/author\/dayana\/"}]}},"author_meta":{"display_name":"Leidy Dayanna Jaramillo Tavera","author_link":"https:\/\/www.ucatolica.edu.co\/portal\/author\/dayana\/"},"featured_img":null,"coauthors":[],"tax_additional":{"categories":{"linked":["<a href=\"https:\/\/www.ucatolica.edu.co\/portal\/category\/actividades\/\" class=\"advgb-post-tax-term\">Actividades<\/a>"],"unlinked":["<span class=\"advgb-post-tax-term\">Actividades<\/span>"]},"tags":{"linked":["<a href=\"https:\/\/www.ucatolica.edu.co\/portal\/category\/actividades\/\" class=\"advgb-post-tax-term\">Departamento de Humanidades<\/a>"],"unlinked":["<span class=\"advgb-post-tax-term\">Departamento de Humanidades<\/span>"]}},"comment_count":"0","relative_dates":{"created":"Posted 9 horas ago","modified":"Updated 9 horas ago"},"absolute_dates":{"created":"Posted on 30 abril, 2026","modified":"Updated on 30 abril, 2026"},"absolute_dates_time":{"created":"Posted on 30 abril, 2026 3:59 pm","modified":"Updated on 30 abril, 2026 3:59 pm"},"featured_img_caption":"","series_order":"","_links":{"self":[{"href":"https:\/\/www.ucatolica.edu.co\/portal\/wp-json\/wp\/v2\/posts\/133278","targetHints":{"allow":["GET"]}}],"collection":[{"href":"https:\/\/www.ucatolica.edu.co\/portal\/wp-json\/wp\/v2\/posts"}],"about":[{"href":"https:\/\/www.ucatolica.edu.co\/portal\/wp-json\/wp\/v2\/types\/post"}],"author":[{"embeddable":true,"href":"https:\/\/www.ucatolica.edu.co\/portal\/wp-json\/wp\/v2\/users\/61"}],"replies":[{"embeddable":true,"href":"https:\/\/www.ucatolica.edu.co\/portal\/wp-json\/wp\/v2\/comments?post=133278"}],"version-history":[{"count":1,"href":"https:\/\/www.ucatolica.edu.co\/portal\/wp-json\/wp\/v2\/posts\/133278\/revisions"}],"predecessor-version":[{"id":133279,"href":"https:\/\/www.ucatolica.edu.co\/portal\/wp-json\/wp\/v2\/posts\/133278\/revisions\/133279"}],"wp:attachment":[{"href":"https:\/\/www.ucatolica.edu.co\/portal\/wp-json\/wp\/v2\/media?parent=133278"}],"wp:term":[{"taxonomy":"category","embeddable":true,"href":"https:\/\/www.ucatolica.edu.co\/portal\/wp-json\/wp\/v2\/categories?post=133278"},{"taxonomy":"post_tag","embeddable":true,"href":"https:\/\/www.ucatolica.edu.co\/portal\/wp-json\/wp\/v2\/tags?post=133278"}],"curies":[{"name":"wp","href":"https:\/\/api.w.org\/{rel}","templated":true}]}}