{"id":13757,"date":"2025-07-28T15:07:34","date_gmt":"2025-07-28T20:07:34","guid":{"rendered":"https:\/\/www.ucatolica.edu.co\/portal\/?p=13757"},"modified":"2025-07-28T15:07:34","modified_gmt":"2025-07-28T20:07:34","slug":"nuestra-universidad-cuenta-con-una-sala-amigable-de-lactancia-materna","status":"publish","type":"post","link":"https:\/\/www.ucatolica.edu.co\/portal\/nuestra-universidad-cuenta-con-una-sala-amigable-de-lactancia-materna\/","title":{"rendered":"Nuestra Universidad cuenta con una\u00a0sala\u00a0amigable de\u00a0lactancia\u00a0materna"},"content":{"rendered":"<p>Esta se encuentra ubicada en\u00a0la <strong>sede El Claustro<\/strong> dentro del servicio de Primeros Auxilios. Si te encuentras en periodo de lactancia all\u00ed encontraras un espacio acogedor y con condiciones sanitarias \u00f3ptimas, donde podr\u00e1s realizar <strong>extracci\u00f3n<\/strong> y <strong>conservaci\u00f3n<\/strong> de la leche materna.<\/p>\n<p>Si est\u00e1s en periodo de gestaci\u00f3n podr\u00e1s recibir informaci\u00f3n y orientaci\u00f3n sobre todos los temas relacionados con la lactancia materna. Tambi\u00e9n recibir\u00e1s la preparaci\u00f3n para cuando regreses a la universidad y todo el apoyo para que puedas continuar con tu lactancia materna; all\u00ed ser\u00e1s atendida por auxiliares entrenadas por la Secretar\u00eda de Salud de Bogot\u00e1. Ellas ser\u00e1n las personas encargadas de guiar a las madres en el proceso de extracci\u00f3n de la leche materna, al tiempo que orientar\u00e1n en temas como:<\/p>\n<ul>\n<li>Alimentaci\u00f3n complementaria a la lactancia materna<\/li>\n<li>Lactancia materna una responsabilidad compartida<\/li>\n<li>Beneficios de la leche materna<\/li>\n<li>Como realizar una adecuada extracci\u00f3n y conservaci\u00f3n de la leche materna.<\/li>\n<\/ul>\n<p><strong>Importante<\/strong><\/p>\n<p>Cada mujer que accede a la sala debe llevar un kit, el cual permite transportar la leche extra\u00edda. Este debe contener:\u00a0 frascos de vidrio, una lonchera para transporte y una pila de gel refrigerante.<\/p>\n<p>El tiempo que puede conservarse la leche materna depende de la temperatura que alcance el refrigerador o congelador. La leche humana puede conservarse de la siguiente manera: permanecer a 15\u00b0, 24 horas, entre 19\u00b0 &#8211; 22\u00b0, 19 horas y a 25\u00b0 de 4 a 8 horas. La Universidad no guardar\u00e1 la leche extra\u00edda\u00a0por mas de 24 horas en la sala amigable de lactancia.<\/p>\n<p><strong>Horarios para punto de atenci\u00f3n de primeros auxilios en donde queda la sala de lactancia materna.<\/strong><\/p>\n<ul>\n<li>Lunes a viernes: 7:00 a.m. a 2:00 p.m. y de 3:00 p.m. a 10:00 p.m.<\/li>\n<li>\n<div>S\u00e1bados: 7:00 a.m. a 5:00 p.m.<\/div>\n<\/li>\n<\/ul>\n<p><b>\u201cProteger la lactancia materna: una responsabilidad compartida \u201c<\/b><\/p>\n<p>Durante el\u00a0embarazo y la lactancia materna las mujeres trabajadoras, estudiantes y sus familias requieren protecci\u00f3n especial para prevenir da\u00f1os a su salud y a la de sus beb\u00e9s, necesitan tiempo suficiente para dar a luz, recuperarse y amamantar a sus hijos.<\/p>\n<p>La protecci\u00f3n de la maternidad es importante para permitir la lactancia materna y empoderar a los padres y sus familias en una implementaci\u00f3n exitosa de las pr\u00e1cticas recomendadas de lactancia materna.<\/p>\n<p>La OPS\/OMS recomienda que los pa\u00edses implementen y apliquen el C\u00f3digo Internacional de Comercializaci\u00f3n de Suced\u00e1neos de la Leche Materna a todos los niveles. Es vital garantizar que las madres lactantes no sean blanco de la industria, el marketing o los profesionales de la salud p\u00fablica que quieren poner en peligro la lactancia materna mediante la promoci\u00f3n de la alimentaci\u00f3n con leche de f\u00f3rmula.<\/p>\n<p>La leche materna es sin duda el mejor alimento infantil que existe; es el m\u00e1s equilibrado y contiene todos los nutrientes necesarios para el correcto desarrollo del reci\u00e9n nacido, pero, adem\u00e1s, tambi\u00e9n tiene beneficios para su sistema inmunol\u00f3gico y su salud a largo plazo.<\/p>\n<ul>\n<li>Para conocer la normatividad internacional y nacional, <a href=\"https:\/\/www.ucatolica.edu.co\/portal\/wp-content\/uploads\/2019\/08\/normatividad-sala-amigable-lactancia.pdf\" target=\"_blank\" rel=\"noopener\">clic aqu\u00ed<\/a><\/li>\n<\/ul>\n<p><strong>Mayor Informaci\u00f3n\u00a0<\/strong><br \/>\nBienestar Universitario<br \/>\n<a href=\"mailto:bienestar@ucatolica.edu.co\">bienestar@ucatolica.edu.co<\/a><br \/>\nPBX: 4433700 Ext 3080<\/p>\n","protected":false},"excerpt":{"rendered":"<p>Esta se encuentra ubicada en\u00a0la sede El Claustro dentro del servicio de Primeros Auxilios. Si te encuentras en periodo de lactancia all\u00ed encontraras un espacio acogedor y con condiciones sanitarias \u00f3ptimas, donde podr\u00e1s realizar extracci\u00f3n y conservaci\u00f3n de la leche materna. Si est\u00e1s en periodo de gestaci\u00f3n podr\u00e1s recibir informaci\u00f3n y orientaci\u00f3n sobre todos los [&hellip;]<\/p>\n","protected":false},"author":2,"featured_media":118973,"comment_status":"open","ping_status":"open","sticky":false,"template":"","format":"standard","meta":{"_acf_changed":false,"advgb_blocks_editor_width":"","advgb_blocks_columns_visual_guide":"","footnotes":""},"categories":[93,104],"tags":[148,2688,1030],"class_list":["post-13757","post","type-post","status-publish","format-standard","has-post-thumbnail","hentry","category-noticias-principales","category-vida-universitaria","tag-bienestar-universitario","tag-promotores-del-bienestar-emocional","tag-salud-universitaria"],"acf":[],"yoast_head":"<!-- This site is optimized with the Yoast SEO plugin v26.7 - https:\/\/yoast.com\/wordpress\/plugins\/seo\/ -->\n<title>Nuestra Universidad cuenta con una\u00a0sala\u00a0amigable de\u00a0lactancia\u00a0materna - Universidad Cat\u00f3lica De Colombia<\/title>\n<meta name=\"robots\" content=\"index, follow, max-snippet:-1, max-image-preview:large, max-video-preview:-1\" \/>\n<link rel=\"canonical\" href=\"https:\/\/www.ucatolica.edu.co\/portal\/nuestra-universidad-cuenta-con-una-sala-amigable-de-lactancia-materna\/\" \/>\n<meta property=\"og:locale\" content=\"es_ES\" \/>\n<meta property=\"og:type\" content=\"article\" \/>\n<meta property=\"og:title\" content=\"Nuestra Universidad cuenta con una\u00a0sala\u00a0amigable de\u00a0lactancia\u00a0materna - Universidad Cat\u00f3lica De Colombia\" \/>\n<meta property=\"og:description\" content=\"Esta se encuentra ubicada en\u00a0la sede El Claustro dentro del servicio de Primeros Auxilios. Si te encuentras en periodo de lactancia all\u00ed encontraras un espacio acogedor y con condiciones sanitarias \u00f3ptimas, donde podr\u00e1s realizar extracci\u00f3n y conservaci\u00f3n de la leche materna. Si est\u00e1s en periodo de gestaci\u00f3n podr\u00e1s recibir informaci\u00f3n y orientaci\u00f3n sobre todos los [&hellip;]\" \/>\n<meta property=\"og:url\" content=\"https:\/\/www.ucatolica.edu.co\/portal\/nuestra-universidad-cuenta-con-una-sala-amigable-de-lactancia-materna\/\" \/>\n<meta property=\"og:site_name\" content=\"Universidad Cat\u00f3lica De Colombia\" \/>\n<meta property=\"article:publisher\" content=\"https:\/\/www.facebook.com\/ucatolicacolombia\" \/>\n<meta property=\"article:published_time\" content=\"2025-07-28T20:07:34+00:00\" \/>\n<meta property=\"og:image\" content=\"https:\/\/www.ucatolica.edu.co\/portal\/wp-content\/uploads\/2024\/04\/Noticia-iStock-1389331338.jpg\" \/>\n\t<meta property=\"og:image:width\" content=\"870\" \/>\n\t<meta property=\"og:image:height\" content=\"522\" \/>\n\t<meta property=\"og:image:type\" content=\"image\/jpeg\" \/>\n<meta name=\"author\" content=\"Carlos Zea\" \/>\n<meta name=\"twitter:card\" content=\"summary_large_image\" \/>\n<meta name=\"twitter:creator\" content=\"@UCatolicaCol\" \/>\n<meta name=\"twitter:site\" content=\"@UCatolicaCol\" \/>\n<meta name=\"twitter:label1\" content=\"Escrito por\" \/>\n\t<meta name=\"twitter:data1\" content=\"Carlos Zea\" \/>\n\t<meta name=\"twitter:label2\" content=\"Tiempo de lectura\" \/>\n\t<meta name=\"twitter:data2\" content=\"3 minutos\" \/>\n<script type=\"application\/ld+json\" class=\"yoast-schema-graph\">{\"@context\":\"https:\/\/schema.org\",\"@graph\":[{\"@type\":\"Article\",\"@id\":\"https:\/\/www.ucatolica.edu.co\/portal\/nuestra-universidad-cuenta-con-una-sala-amigable-de-lactancia-materna\/#article\",\"isPartOf\":{\"@id\":\"https:\/\/www.ucatolica.edu.co\/portal\/nuestra-universidad-cuenta-con-una-sala-amigable-de-lactancia-materna\/\"},\"author\":{\"name\":\"Carlos Zea\",\"@id\":\"https:\/\/www.ucatolica.edu.co\/portal\/#\/schema\/person\/24aa8a12d3adec9cb14eb199066bba39\"},\"headline\":\"Nuestra Universidad cuenta con una\u00a0sala\u00a0amigable de\u00a0lactancia\u00a0materna\",\"datePublished\":\"2025-07-28T20:07:34+00:00\",\"mainEntityOfPage\":{\"@id\":\"https:\/\/www.ucatolica.edu.co\/portal\/nuestra-universidad-cuenta-con-una-sala-amigable-de-lactancia-materna\/\"},\"wordCount\":538,\"commentCount\":0,\"publisher\":{\"@id\":\"https:\/\/www.ucatolica.edu.co\/portal\/#organization\"},\"image\":{\"@id\":\"https:\/\/www.ucatolica.edu.co\/portal\/nuestra-universidad-cuenta-con-una-sala-amigable-de-lactancia-materna\/#primaryimage\"},\"thumbnailUrl\":\"https:\/\/www.ucatolica.edu.co\/portal\/wp-content\/uploads\/2024\/04\/Noticia-iStock-1389331338.jpg\",\"keywords\":[\"Bienestar Universitario\",\"Promotores del bienestar emocional\",\"Salud Universitaria\"],\"articleSection\":[\"Noticias Principales\",\"Vida Universitaria\"],\"inLanguage\":\"es-CO\"},{\"@type\":\"WebPage\",\"@id\":\"https:\/\/www.ucatolica.edu.co\/portal\/nuestra-universidad-cuenta-con-una-sala-amigable-de-lactancia-materna\/\",\"url\":\"https:\/\/www.ucatolica.edu.co\/portal\/nuestra-universidad-cuenta-con-una-sala-amigable-de-lactancia-materna\/\",\"name\":\"Nuestra Universidad cuenta con una\u00a0sala\u00a0amigable de\u00a0lactancia\u00a0materna - Universidad Cat\u00f3lica De Colombia\",\"isPartOf\":{\"@id\":\"https:\/\/www.ucatolica.edu.co\/portal\/#website\"},\"primaryImageOfPage\":{\"@id\":\"https:\/\/www.ucatolica.edu.co\/portal\/nuestra-universidad-cuenta-con-una-sala-amigable-de-lactancia-materna\/#primaryimage\"},\"image\":{\"@id\":\"https:\/\/www.ucatolica.edu.co\/portal\/nuestra-universidad-cuenta-con-una-sala-amigable-de-lactancia-materna\/#primaryimage\"},\"thumbnailUrl\":\"https:\/\/www.ucatolica.edu.co\/portal\/wp-content\/uploads\/2024\/04\/Noticia-iStock-1389331338.jpg\",\"datePublished\":\"2025-07-28T20:07:34+00:00\",\"breadcrumb\":{\"@id\":\"https:\/\/www.ucatolica.edu.co\/portal\/nuestra-universidad-cuenta-con-una-sala-amigable-de-lactancia-materna\/#breadcrumb\"},\"inLanguage\":\"es-CO\",\"potentialAction\":[{\"@type\":\"ReadAction\",\"target\":[\"https:\/\/www.ucatolica.edu.co\/portal\/nuestra-universidad-cuenta-con-una-sala-amigable-de-lactancia-materna\/\"]}]},{\"@type\":\"ImageObject\",\"inLanguage\":\"es-CO\",\"@id\":\"https:\/\/www.ucatolica.edu.co\/portal\/nuestra-universidad-cuenta-con-una-sala-amigable-de-lactancia-materna\/#primaryimage\",\"url\":\"https:\/\/www.ucatolica.edu.co\/portal\/wp-content\/uploads\/2024\/04\/Noticia-iStock-1389331338.jpg\",\"contentUrl\":\"https:\/\/www.ucatolica.edu.co\/portal\/wp-content\/uploads\/2024\/04\/Noticia-iStock-1389331338.jpg\",\"width\":870,\"height\":522},{\"@type\":\"BreadcrumbList\",\"@id\":\"https:\/\/www.ucatolica.edu.co\/portal\/nuestra-universidad-cuenta-con-una-sala-amigable-de-lactancia-materna\/#breadcrumb\",\"itemListElement\":[{\"@type\":\"ListItem\",\"position\":1,\"name\":\"Inicio\",\"item\":\"https:\/\/www.ucatolica.edu.co\/portal\/\"},{\"@type\":\"ListItem\",\"position\":2,\"name\":\"Nuestra Universidad cuenta con una\u00a0sala\u00a0amigable de\u00a0lactancia\u00a0materna\"}]},{\"@type\":\"WebSite\",\"@id\":\"https:\/\/www.ucatolica.edu.co\/portal\/#website\",\"url\":\"https:\/\/www.ucatolica.edu.co\/portal\/\",\"name\":\"Universidad Cat\u00f3lica De Colombia\",\"description\":\"Universidad Cat\u00f3lica De Colombia\",\"publisher\":{\"@id\":\"https:\/\/www.ucatolica.edu.co\/portal\/#organization\"},\"potentialAction\":[{\"@type\":\"SearchAction\",\"target\":{\"@type\":\"EntryPoint\",\"urlTemplate\":\"https:\/\/www.ucatolica.edu.co\/portal\/?s={search_term_string}\"},\"query-input\":{\"@type\":\"PropertyValueSpecification\",\"valueRequired\":true,\"valueName\":\"search_term_string\"}}],\"inLanguage\":\"es-CO\"},{\"@type\":\"Organization\",\"@id\":\"https:\/\/www.ucatolica.edu.co\/portal\/#organization\",\"name\":\"Universidad Cat\u00f3lica de Colombia\",\"url\":\"https:\/\/www.ucatolica.edu.co\/portal\/\",\"logo\":{\"@type\":\"ImageObject\",\"inLanguage\":\"es-CO\",\"@id\":\"https:\/\/www.ucatolica.edu.co\/portal\/#\/schema\/logo\/image\/\",\"url\":\"https:\/\/www.ucatolica.edu.co\/portal\/wp-content\/uploads\/2021\/06\/logo-header-ho-1.svg\",\"contentUrl\":\"https:\/\/www.ucatolica.edu.co\/portal\/wp-content\/uploads\/2021\/06\/logo-header-ho-1.svg\",\"width\":1,\"height\":1,\"caption\":\"Universidad Cat\u00f3lica de Colombia\"},\"image\":{\"@id\":\"https:\/\/www.ucatolica.edu.co\/portal\/#\/schema\/logo\/image\/\"},\"sameAs\":[\"https:\/\/www.facebook.com\/ucatolicacolombia\",\"https:\/\/x.com\/UCatolicaCol\",\"https:\/\/www.instagram.com\/universidadcatolicadecolombia\/\",\"https:\/\/www.linkedin.com\/company\/universidadcatolicadecolombia\/\",\"https:\/\/www.youtube.com\/user\/UCatolicaCo\"]},{\"@type\":\"Person\",\"@id\":\"https:\/\/www.ucatolica.edu.co\/portal\/#\/schema\/person\/24aa8a12d3adec9cb14eb199066bba39\",\"name\":\"Carlos Zea\",\"url\":\"https:\/\/www.ucatolica.edu.co\/portal\/author\/carrnall\/\"}]}<\/script>\n<!-- \/ Yoast SEO plugin. -->","yoast_head_json":{"title":"Nuestra Universidad cuenta con una\u00a0sala\u00a0amigable de\u00a0lactancia\u00a0materna - Universidad Cat\u00f3lica De Colombia","robots":{"index":"index","follow":"follow","max-snippet":"max-snippet:-1","max-image-preview":"max-image-preview:large","max-video-preview":"max-video-preview:-1"},"canonical":"https:\/\/www.ucatolica.edu.co\/portal\/nuestra-universidad-cuenta-con-una-sala-amigable-de-lactancia-materna\/","og_locale":"es_ES","og_type":"article","og_title":"Nuestra Universidad cuenta con una\u00a0sala\u00a0amigable de\u00a0lactancia\u00a0materna - Universidad Cat\u00f3lica De Colombia","og_description":"Esta se encuentra ubicada en\u00a0la sede El Claustro dentro del servicio de Primeros Auxilios. Si te encuentras en periodo de lactancia all\u00ed encontraras un espacio acogedor y con condiciones sanitarias \u00f3ptimas, donde podr\u00e1s realizar extracci\u00f3n y conservaci\u00f3n de la leche materna. Si est\u00e1s en periodo de gestaci\u00f3n podr\u00e1s recibir informaci\u00f3n y orientaci\u00f3n sobre todos los [&hellip;]","og_url":"https:\/\/www.ucatolica.edu.co\/portal\/nuestra-universidad-cuenta-con-una-sala-amigable-de-lactancia-materna\/","og_site_name":"Universidad Cat\u00f3lica De Colombia","article_publisher":"https:\/\/www.facebook.com\/ucatolicacolombia","article_published_time":"2025-07-28T20:07:34+00:00","og_image":[{"width":870,"height":522,"url":"https:\/\/www.ucatolica.edu.co\/portal\/wp-content\/uploads\/2024\/04\/Noticia-iStock-1389331338.jpg","type":"image\/jpeg"}],"author":"Carlos Zea","twitter_card":"summary_large_image","twitter_creator":"@UCatolicaCol","twitter_site":"@UCatolicaCol","twitter_misc":{"Escrito por":"Carlos Zea","Tiempo de lectura":"3 minutos"},"schema":{"@context":"https:\/\/schema.org","@graph":[{"@type":"Article","@id":"https:\/\/www.ucatolica.edu.co\/portal\/nuestra-universidad-cuenta-con-una-sala-amigable-de-lactancia-materna\/#article","isPartOf":{"@id":"https:\/\/www.ucatolica.edu.co\/portal\/nuestra-universidad-cuenta-con-una-sala-amigable-de-lactancia-materna\/"},"author":{"name":"Carlos Zea","@id":"https:\/\/www.ucatolica.edu.co\/portal\/#\/schema\/person\/24aa8a12d3adec9cb14eb199066bba39"},"headline":"Nuestra Universidad cuenta con una\u00a0sala\u00a0amigable de\u00a0lactancia\u00a0materna","datePublished":"2025-07-28T20:07:34+00:00","mainEntityOfPage":{"@id":"https:\/\/www.ucatolica.edu.co\/portal\/nuestra-universidad-cuenta-con-una-sala-amigable-de-lactancia-materna\/"},"wordCount":538,"commentCount":0,"publisher":{"@id":"https:\/\/www.ucatolica.edu.co\/portal\/#organization"},"image":{"@id":"https:\/\/www.ucatolica.edu.co\/portal\/nuestra-universidad-cuenta-con-una-sala-amigable-de-lactancia-materna\/#primaryimage"},"thumbnailUrl":"https:\/\/www.ucatolica.edu.co\/portal\/wp-content\/uploads\/2024\/04\/Noticia-iStock-1389331338.jpg","keywords":["Bienestar Universitario","Promotores del bienestar emocional","Salud Universitaria"],"articleSection":["Noticias Principales","Vida Universitaria"],"inLanguage":"es-CO"},{"@type":"WebPage","@id":"https:\/\/www.ucatolica.edu.co\/portal\/nuestra-universidad-cuenta-con-una-sala-amigable-de-lactancia-materna\/","url":"https:\/\/www.ucatolica.edu.co\/portal\/nuestra-universidad-cuenta-con-una-sala-amigable-de-lactancia-materna\/","name":"Nuestra Universidad cuenta con una\u00a0sala\u00a0amigable de\u00a0lactancia\u00a0materna - Universidad Cat\u00f3lica De Colombia","isPartOf":{"@id":"https:\/\/www.ucatolica.edu.co\/portal\/#website"},"primaryImageOfPage":{"@id":"https:\/\/www.ucatolica.edu.co\/portal\/nuestra-universidad-cuenta-con-una-sala-amigable-de-lactancia-materna\/#primaryimage"},"image":{"@id":"https:\/\/www.ucatolica.edu.co\/portal\/nuestra-universidad-cuenta-con-una-sala-amigable-de-lactancia-materna\/#primaryimage"},"thumbnailUrl":"https:\/\/www.ucatolica.edu.co\/portal\/wp-content\/uploads\/2024\/04\/Noticia-iStock-1389331338.jpg","datePublished":"2025-07-28T20:07:34+00:00","breadcrumb":{"@id":"https:\/\/www.ucatolica.edu.co\/portal\/nuestra-universidad-cuenta-con-una-sala-amigable-de-lactancia-materna\/#breadcrumb"},"inLanguage":"es-CO","potentialAction":[{"@type":"ReadAction","target":["https:\/\/www.ucatolica.edu.co\/portal\/nuestra-universidad-cuenta-con-una-sala-amigable-de-lactancia-materna\/"]}]},{"@type":"ImageObject","inLanguage":"es-CO","@id":"https:\/\/www.ucatolica.edu.co\/portal\/nuestra-universidad-cuenta-con-una-sala-amigable-de-lactancia-materna\/#primaryimage","url":"https:\/\/www.ucatolica.edu.co\/portal\/wp-content\/uploads\/2024\/04\/Noticia-iStock-1389331338.jpg","contentUrl":"https:\/\/www.ucatolica.edu.co\/portal\/wp-content\/uploads\/2024\/04\/Noticia-iStock-1389331338.jpg","width":870,"height":522},{"@type":"BreadcrumbList","@id":"https:\/\/www.ucatolica.edu.co\/portal\/nuestra-universidad-cuenta-con-una-sala-amigable-de-lactancia-materna\/#breadcrumb","itemListElement":[{"@type":"ListItem","position":1,"name":"Inicio","item":"https:\/\/www.ucatolica.edu.co\/portal\/"},{"@type":"ListItem","position":2,"name":"Nuestra Universidad cuenta con una\u00a0sala\u00a0amigable de\u00a0lactancia\u00a0materna"}]},{"@type":"WebSite","@id":"https:\/\/www.ucatolica.edu.co\/portal\/#website","url":"https:\/\/www.ucatolica.edu.co\/portal\/","name":"Universidad Cat\u00f3lica De Colombia","description":"Universidad Cat\u00f3lica De Colombia","publisher":{"@id":"https:\/\/www.ucatolica.edu.co\/portal\/#organization"},"potentialAction":[{"@type":"SearchAction","target":{"@type":"EntryPoint","urlTemplate":"https:\/\/www.ucatolica.edu.co\/portal\/?s={search_term_string}"},"query-input":{"@type":"PropertyValueSpecification","valueRequired":true,"valueName":"search_term_string"}}],"inLanguage":"es-CO"},{"@type":"Organization","@id":"https:\/\/www.ucatolica.edu.co\/portal\/#organization","name":"Universidad Cat\u00f3lica de Colombia","url":"https:\/\/www.ucatolica.edu.co\/portal\/","logo":{"@type":"ImageObject","inLanguage":"es-CO","@id":"https:\/\/www.ucatolica.edu.co\/portal\/#\/schema\/logo\/image\/","url":"https:\/\/www.ucatolica.edu.co\/portal\/wp-content\/uploads\/2021\/06\/logo-header-ho-1.svg","contentUrl":"https:\/\/www.ucatolica.edu.co\/portal\/wp-content\/uploads\/2021\/06\/logo-header-ho-1.svg","width":1,"height":1,"caption":"Universidad Cat\u00f3lica de Colombia"},"image":{"@id":"https:\/\/www.ucatolica.edu.co\/portal\/#\/schema\/logo\/image\/"},"sameAs":["https:\/\/www.facebook.com\/ucatolicacolombia","https:\/\/x.com\/UCatolicaCol","https:\/\/www.instagram.com\/universidadcatolicadecolombia\/","https:\/\/www.linkedin.com\/company\/universidadcatolicadecolombia\/","https:\/\/www.youtube.com\/user\/UCatolicaCo"]},{"@type":"Person","@id":"https:\/\/www.ucatolica.edu.co\/portal\/#\/schema\/person\/24aa8a12d3adec9cb14eb199066bba39","name":"Carlos Zea","url":"https:\/\/www.ucatolica.edu.co\/portal\/author\/carrnall\/"}]}},"author_meta":{"display_name":"Carlos Zea","author_link":"https:\/\/www.ucatolica.edu.co\/portal\/author\/carrnall\/"},"featured_img":"https:\/\/www.ucatolica.edu.co\/portal\/wp-content\/uploads\/2024\/04\/Noticia-iStock-1389331338.jpg","coauthors":[],"tax_additional":{"categories":{"linked":["<a href=\"https:\/\/www.ucatolica.edu.co\/portal\/category\/noticias-principales\/\" class=\"advgb-post-tax-term\">Noticias Principales<\/a>","<a href=\"https:\/\/www.ucatolica.edu.co\/portal\/category\/vida-universitaria\/\" class=\"advgb-post-tax-term\">Vida Universitaria<\/a>"],"unlinked":["<span class=\"advgb-post-tax-term\">Noticias Principales<\/span>","<span class=\"advgb-post-tax-term\">Vida Universitaria<\/span>"]},"tags":{"linked":["<a href=\"https:\/\/www.ucatolica.edu.co\/portal\/category\/vida-universitaria\/\" class=\"advgb-post-tax-term\">Bienestar Universitario<\/a>","<a href=\"https:\/\/www.ucatolica.edu.co\/portal\/category\/vida-universitaria\/\" class=\"advgb-post-tax-term\">Promotores del bienestar emocional<\/a>","<a href=\"https:\/\/www.ucatolica.edu.co\/portal\/category\/vida-universitaria\/\" class=\"advgb-post-tax-term\">Salud Universitaria<\/a>"],"unlinked":["<span class=\"advgb-post-tax-term\">Bienestar Universitario<\/span>","<span class=\"advgb-post-tax-term\">Promotores del bienestar emocional<\/span>","<span class=\"advgb-post-tax-term\">Salud Universitaria<\/span>"]}},"comment_count":"0","relative_dates":{"created":"Posted 9 meses ago","modified":"Updated 9 meses ago"},"absolute_dates":{"created":"Posted on 28 julio, 2025","modified":"Updated on 28 julio, 2025"},"absolute_dates_time":{"created":"Posted on 28 julio, 2025 3:07 pm","modified":"Updated on 28 julio, 2025 3:07 pm"},"featured_img_caption":"","series_order":"","_links":{"self":[{"href":"https:\/\/www.ucatolica.edu.co\/portal\/wp-json\/wp\/v2\/posts\/13757","targetHints":{"allow":["GET"]}}],"collection":[{"href":"https:\/\/www.ucatolica.edu.co\/portal\/wp-json\/wp\/v2\/posts"}],"about":[{"href":"https:\/\/www.ucatolica.edu.co\/portal\/wp-json\/wp\/v2\/types\/post"}],"author":[{"embeddable":true,"href":"https:\/\/www.ucatolica.edu.co\/portal\/wp-json\/wp\/v2\/users\/2"}],"replies":[{"embeddable":true,"href":"https:\/\/www.ucatolica.edu.co\/portal\/wp-json\/wp\/v2\/comments?post=13757"}],"version-history":[{"count":5,"href":"https:\/\/www.ucatolica.edu.co\/portal\/wp-json\/wp\/v2\/posts\/13757\/revisions"}],"predecessor-version":[{"id":118626,"href":"https:\/\/www.ucatolica.edu.co\/portal\/wp-json\/wp\/v2\/posts\/13757\/revisions\/118626"}],"wp:featuredmedia":[{"embeddable":true,"href":"https:\/\/www.ucatolica.edu.co\/portal\/wp-json\/wp\/v2\/media\/118973"}],"wp:attachment":[{"href":"https:\/\/www.ucatolica.edu.co\/portal\/wp-json\/wp\/v2\/media?parent=13757"}],"wp:term":[{"taxonomy":"category","embeddable":true,"href":"https:\/\/www.ucatolica.edu.co\/portal\/wp-json\/wp\/v2\/categories?post=13757"},{"taxonomy":"post_tag","embeddable":true,"href":"https:\/\/www.ucatolica.edu.co\/portal\/wp-json\/wp\/v2\/tags?post=13757"}],"curies":[{"name":"wp","href":"https:\/\/api.w.org\/{rel}","templated":true}]}}